{"id":15814,"date":"2015-07-02T15:13:25","date_gmt":"2015-07-02T15:13:25","guid":{"rendered":"https:\/\/www.cvn.com.co\/?p=15814"},"modified":"2015-07-02T15:13:25","modified_gmt":"2015-07-02T15:13:25","slug":"resultados-congreso-andesco","status":"publish","type":"post","link":"https:\/\/www.cvn.com.co\/en\/resultados-congreso-andesco\/","title":{"rendered":"Resultados Congreso ANDESCO"},"content":{"rendered":"<p>[vc_row][vc_column][vc_empty_space][vc_column_text]En el marco del congreso nacional de ANDESCO, llevado a cabo en Cartagena, se analizaron los resultados y los principales retos dados en el \u00faltimo a\u00f1o para el sector de servicios p\u00fablicos.[\/vc_column_text][vc_empty_space][dt_call_to_action background=&#8221;fancy&#8221; line=&#8221;true&#8221; style=&#8221;1&#8243; animation=&#8221;bounceInRight&#8221;]<span style=\"font-size: 12pt; color: #333333;\">[dt_gap height=&#8221;3&#8243;\/]\u00a0<\/span><\/p>\n<p class=\"p1\"><span class=\"s1\" style=\"font-size: 18pt; color: #1aa8b8;\"><\/span><\/p>\n<p><em>\u00a0<\/em> [\/dt_call_to_action][vc_empty_space][\/vc_column][\/vc_row][vc_row][vc_column][vc_column_text]<\/p>\n<p style=\"text-align: justify;\">\n<p style=\"text-align: justify;\"><span style=\"font-family: Tahoma, Arial, Helvetica, sans-serif; font-size: 12pt; color: #808080;\">El presidente del gremio explic\u00f3 lo que para \u00e9l han sido casos exitosos de reformas estructurales: \u201cEl sector el\u00e9ctrico, por ejemplo, hace dos d\u00e9cadas, estaba conformado exclusivamente por empresas estatales,las cuales ten\u00edan una deuda que representaba cerca de 30% de la deuda p\u00fablica externa, sus inversiones absorb\u00edan 24% de la inversi\u00f3n p\u00fablica y era responsable de 33% del d\u00e9ficit fiscal de la Naci\u00f3n. Ahora, tienen rendimientos de los mayores de la industria y la capacidad instalada ha crecido cerca de 114%, llegando a los 14.559 megavatios, cuando en 1993 era de apenas 6.785 mw\u201d. Como explica La Rep\u00fablica en su art\u00edculo.<\/span><\/p>\n<p style=\"text-align: justify;\"><span style=\"font-family: Tahoma, Arial, Helvetica, sans-serif; font-size: 12pt; color: #808080;\">De acuerdo con Semana, se otorg\u00f3 el Premio Andesco a la Responsabilidad Social Empresarial en la mediana empresa, cuyo galardonado fue La Empresa de Energ\u00eda de Pereira. Por \u201cmostrar la gesti\u00f3n y procesos de trabajo orientados al cumplimiento de los par\u00e1metros de Responsabilidad Social Empresarial desde el \u00e1mbito interno y proyectado en el contexto externo. La sostenibilidad ambiental, econ\u00f3mica y social, son las principales l\u00edneas en las que se destaca la Empresa de Energ\u00eda\u201d. La Gerente de la compa\u00f1\u00eda Yulieth Porras Osorio declar\u00f3: \u201cEste es el inicio de un gran proceso, los directivos y colaboradores de la Empresa de Energ\u00eda de Pereira estamos dispuestos a impactar positivamente nuestro entorno empresarial, hacer de esta empresa la mejor en servicios p\u00fablicos de la regi\u00f3n\u201d.<\/span><\/p>\n<p style=\"text-align: justify;\"><span style=\"font-family: Tahoma, Arial, Helvetica, sans-serif; font-size: 12pt; color: #808080;\">Finalmente, en declaraciones hechas a La Rep\u00fablica, el presidente de Codensa, se conoci\u00f3 que \u201cla empresa piensa hacer los pr\u00f3ximos 5 a\u00f1os por cerca de US$1.622 millones para que Bogot\u00e1 y Cundinamarca se conviertan en un territorios eficientes. Siguiendo este concepto, Codensa instalar\u00e1 en los pr\u00f3ximos tres a\u00f1os m\u00e1s de 3.800 equipos de telecontrol inteligente de la red de media tensi\u00f3n, 5.000 equipos telecontrolados por una inversi\u00f3n de m\u00e1s de US$111 millones, realizar\u00e1n la modernizaci\u00f3n del alumbrado p\u00fablico y tambi\u00e9n invertir\u00e1n en la integraci\u00f3n de la movilidad el\u00e9ctrica de la capital\u201d.<\/span><\/p>\n<p style=\"text-align: justify;\"><span style=\"font-family: Tahoma, Arial, Helvetica, sans-serif; font-size: 12pt; color: #808080;\">El dinamismo que est\u00e1 presentando el sector se ver\u00e1 afectado profundamente por las decisiones que se tomen en cuanto a reformas tributarias y dem\u00e1s formas de promoci\u00f3n de inversi\u00f3n extranjera. Por lo cual es imperativo que las autoridades den su apoyo a un sector que est\u00e1 haciendo grandes inversiones en infraestructura necesaria para la poblaci\u00f3n.<\/span><\/p>\n<p style=\"text-align: justify;\">\n<p>[\/vc_column_text][\/vc_column][\/vc_row][vc_row][vc_column][vc_empty_space][\/vc_column][\/vc_row][vc_row][vc_column][vc_column_text]<\/p>\n<p style=\"text-align: justify;\">\n<p style=\"text-align: justify;\"><span style=\"font-family: Tahoma, Arial, Helvetica, sans-serif; font-size: 12pt; color: #808080;\"><b>Fuente:<\/b><\/span><\/p>\n<p style=\"text-align: justify;\"><span style=\"font-family: Tahoma, Arial, Helvetica, sans-serif; font-size: 12pt; color: #808080;\"><span style=\"color: #0000ff;\"><a style=\"color: #0000ff;\" href=\"http:\/\/www.larepublica.co\/capacidad-de-energ%C3%ADa-ha-crecido-114-en-los-%C3%BAltimos-a%C3%B1os_270826\">Capacidad de energ\u00eda ha crecido 114% en los \u00faltimos a\u00f1os<\/a><\/span> &#8211; La Rep\u00fablica<\/span><\/p>\n<p style=\"text-align: justify;\"><span style=\"font-family: Tahoma, Arial, Helvetica, sans-serif; font-size: 12pt; color: #808080;\"><span style=\"color: #0000ff;\"><a style=\"color: #0000ff;\" href=\"http:\/\/www.semana.com\/nacion\/articulo\/energia-de-pereira-primera-en-responsabilidad-social-en-el-pais\/432764-3\">Energ\u00eda de Pereira, primera en responsabilidad social en el pa\u00eds<\/a><\/span> &#8211; Semana<\/span><\/p>\n<p style=\"text-align: justify;\"><span style=\"font-family: Tahoma, Arial, Helvetica, sans-serif; font-size: 12pt; color: #808080;\"><span style=\"color: #0000ff;\"><a style=\"color: #0000ff;\" href=\"http:\/\/www.larepublica.co\/codensa-invertir%C3%A1-cerca-de-us1622-millones-en-los-pr%C3%B3ximos-cinco-a%C3%B1os_270261\">Codensa invertir\u00e1 cerca de US$1.622 millones en los pr\u00f3ximos cinco a\u00f1os<\/a> <\/span>&#8211; La Rep\u00fablica<\/span><\/p>\n<p style=\"text-align: justify;\">\n<p>[\/vc_column_text][\/vc_column][\/vc_row][vc_row][vc_column][\/vc_column][\/vc_row]<\/p>\n","protected":false},"excerpt":{"rendered":"<p>[vc_row][vc_column][vc_empty_space][vc_column_text]En el marco del congreso nacional de ANDESCO, llevado a cabo en Cartagena, se analizaron los resultados y los principales retos dados en el \u00faltimo a\u00f1o para el sector de servicios p\u00fablicos.[\/vc_column_text][vc_empty_space][dt_call_to_action background=&#8221;fancy&#8221; line=&#8221;true&#8221; style=&#8221;1&#8243; animation=&#8221;bounceInRight&#8221;][dt_gap height=&#8221;3&#8243;\/]\u00a0 \u00a0 [\/dt_call_to_action][vc_empty_space][\/vc_column][\/vc_row][vc_row][vc_column][vc_column_text] El presidente del gremio explic\u00f3 lo que para \u00e9l han sido casos exitosos de reformas estructurales: [&hellip;]<\/p>\n","protected":false},"author":1,"featured_media":0,"comment_status":"closed","ping_status":"closed","sticky":false,"template":"","format":"standard","meta":{"_acf_changed":false,"_joinchat":[],"footnotes":""},"categories":[39],"tags":[],"class_list":["post-15814","post","type-post","status-publish","format-standard","hentry","category-new-technology","entry","owp-thumbs-layout-horizontal","owp-btn-normal","owp-tabs-layout-horizontal","has-no-thumbnails","has-product-nav"],"acf":[],"_links":{"self":[{"href":"https:\/\/www.cvn.com.co\/en\/wp-json\/wp\/v2\/posts\/15814","targetHints":{"allow":["GET"]}}],"collection":[{"href":"https:\/\/www.cvn.com.co\/en\/wp-json\/wp\/v2\/posts"}],"about":[{"href":"https:\/\/www.cvn.com.co\/en\/wp-json\/wp\/v2\/types\/post"}],"author":[{"embeddable":true,"href":"https:\/\/www.cvn.com.co\/en\/wp-json\/wp\/v2\/users\/1"}],"replies":[{"embeddable":true,"href":"https:\/\/www.cvn.com.co\/en\/wp-json\/wp\/v2\/comments?post=15814"}],"version-history":[{"count":0,"href":"https:\/\/www.cvn.com.co\/en\/wp-json\/wp\/v2\/posts\/15814\/revisions"}],"wp:attachment":[{"href":"https:\/\/www.cvn.com.co\/en\/wp-json\/wp\/v2\/media?parent=15814"}],"wp:term":[{"taxonomy":"category","embeddable":true,"href":"https:\/\/www.cvn.com.co\/en\/wp-json\/wp\/v2\/categories?post=15814"},{"taxonomy":"post_tag","embeddable":true,"href":"https:\/\/www.cvn.com.co\/en\/wp-json\/wp\/v2\/tags?post=15814"}],"curies":[{"name":"wp","href":"https:\/\/api.w.org\/{rel}","templated":true}]}}