{"id":16082,"date":"2015-07-09T10:28:01","date_gmt":"2015-07-09T10:28:01","guid":{"rendered":"https:\/\/www.cvn.com.co\/?p=16082"},"modified":"2015-07-09T10:28:01","modified_gmt":"2015-07-09T10:28:01","slug":"nuevas-posibilidades-contra-el-alzheimer","status":"publish","type":"post","link":"https:\/\/www.cvn.com.co\/en\/nuevas-posibilidades-contra-el-alzheimer\/","title":{"rendered":"Nuevas posibilidades contra el Alzheimer"},"content":{"rendered":"<p>[vc_row][vc_column][vc_empty_space][vc_column_text]<\/p>\n<p style=\"text-align: justify;\">Las enfermedades mentales siempre han representado un desaf\u00edo para la pr\u00e1ctica cl\u00ednica en cuanto a su detecci\u00f3n. Los problemas se resolvieron parcialmente con la aparici\u00f3n de t\u00e9cnicas de imagenolog\u00eda, pero a\u00fan quedan por desarrollarse m\u00e9todos de detecci\u00f3n temprana.<\/p>\n<p>[\/vc_column_text][vc_empty_space][dt_call_to_action background=&#8221;fancy&#8221; line=&#8221;true&#8221; style=&#8221;1&#8243; animation=&#8221;bounceInRight&#8221;]<span style=\"font-size: 12pt; color: #333333;\">[dt_gap height=&#8221;3&#8243;\/]\u00a0<\/span><\/p>\n<p class=\"p1\"><span class=\"s1\" style=\"font-size: 18pt; color: #1aa8b8;\"><\/span><\/p>\n<p><em>\u00a0<\/em> [\/dt_call_to_action][vc_empty_space][\/vc_column][\/vc_row][vc_row][vc_column][vc_column_text]<\/p>\n<p style=\"text-align: justify;\">\n<p style=\"text-align: justify;\">El Universal muestra los resultados de un estudio publicado en la revista Jama Neurology, seg\u00fan el cual al \u201cAnalizar los cambios en los biomarcadores del Alzheimer a trav\u00e9s del estudio de im\u00e1genes del cerebro y del l\u00edquido cefalorraquideo en personas de mediana edad sanas puede ayudar a identificar a los que sufrir\u00e1n esta enfermedad u otras demencias degenerativas a\u00f1os m\u00e1s tarde\u201d. La profesora de neurolog\u00eda, Anne Fagan ha dicho: &#8220;Un d\u00eda esperamos usar esos procedimientos para identificar y tratar a las personas a\u00f1os antes de que aparezcan la p\u00e9rdida de memoria u otros problemas cognitivos&#8221;.<\/p>\n<p style=\"text-align: justify;\">\u201cEl estudio se centra en datos obtenidos a lo largo de una d\u00e9cada de 169 personas, entre 45 y 75 a\u00f1os, que no ten\u00edan problemas cognitivos cuando comenzaron las pruebas. Los participantes, que fueron divididos en grupos por tramos de edad, se sometieron, cada tres a\u00f1os, a pruebas para obtener una imagen cognitiva cl\u00ednica completa as\u00ed como an\u00e1lisis de biomarcadores en el l\u00edquido cefalorraquideo. Las pruebas se\u00f1alaron, entre otros resultados, que un descenso en los niveles de almiloide beta 42 en personas entre 45 y 54 sin problemas cognitivos se vincula con la aparici\u00f3n de placas que se detectan a\u00f1os m\u00e1s tarde en los esc\u00e1neres cerebrales. Adem\u00e1s algunos biomarcadores de da\u00f1os en las c\u00e9lulas cerebrales aumentaban de manera notable en algunas personas en el arco de edad entre la mitad de los 50 y la mitad de los 70 a\u00f1os\u201d, ha explicado El Comercio.<\/p>\n<p style=\"text-align: justify;\">\u201cEstudios anteriores ya hab\u00edan indicado que los biomarcadores tenidos en cuenta pueden verse afectados por el Alzheimer, pero esta es la primera que se usa una cantidad tan grande de datos para demostrar que los biomarcadores cambian con el tiempo en las personas de mediana edad\u201d. Adem\u00e1s, las personas que tienen dos copias del gen APOE \u201ctienen un riego hasta diez veces m\u00e1s alto de desarrollar la enfermedad que aquellos que llevan otra versi\u00f3n de ese mismo gen\u201d, seg\u00fan El Universal.<\/p>\n<p style=\"text-align: justify;\">Con el avance de \u00e9stas t\u00e9cnicas se ampl\u00eda el espectro de posibilidades cl\u00ednicas que puede ofrecer la neuroimagenolog\u00eda. Adem\u00e1s de hacer necesario el desarrollo de nuevas terapias g\u00e9nicas y farmac\u00e9uticas que respondan a los biomarcadores encontrados.<\/p>\n<p style=\"text-align: justify;\">\n<p>[\/vc_column_text][\/vc_column][\/vc_row][vc_row][vc_column][vc_empty_space][\/vc_column][\/vc_row][vc_row][vc_column][vc_column_text]<\/p>\n<p style=\"text-align: justify;\">\n<p style=\"text-align: justify;\"><b>Fuente:<\/b><\/p>\n<p style=\"text-align: justify;\"><a href=\"http:\/\/www.eluniversal.com.mx\/articulo\/ciencia-y-salud\/salud\/2015\/07\/6\/analisis-de-biomarcadores-pueden-ayudar-predecir-alzheimer\">Biomarcadores ayudar\u00edan a predecir alzheimer<\/a> &#8211; El Universal M\u00e9xico<\/p>\n<p style=\"text-align: justify;\"><a href=\"http:\/\/www.elcomercio.com\/tendencias\/analisis-biomarcadores-prediccion-alzheimer-estudio.html\">An\u00e1lisis de biomarcadores puede ayudar a predecir alzh\u00e9imer<\/a> &#8211; El Comercio<\/p>\n<p style=\"text-align: justify;\">\n<p>[\/vc_column_text][\/vc_column][\/vc_row][vc_row][vc_column][\/vc_column][\/vc_row]<\/p>\n","protected":false},"excerpt":{"rendered":"<p>[vc_row][vc_column][vc_empty_space][vc_column_text] Las enfermedades mentales siempre han representado un desaf\u00edo para la pr\u00e1ctica cl\u00ednica en cuanto a su detecci\u00f3n. Los problemas se resolvieron parcialmente con la aparici\u00f3n de t\u00e9cnicas de imagenolog\u00eda, pero a\u00fan quedan por desarrollarse m\u00e9todos de detecci\u00f3n temprana. [\/vc_column_text][vc_empty_space][dt_call_to_action background=&#8221;fancy&#8221; line=&#8221;true&#8221; style=&#8221;1&#8243; animation=&#8221;bounceInRight&#8221;][dt_gap height=&#8221;3&#8243;\/]\u00a0 \u00a0 [\/dt_call_to_action][vc_empty_space][\/vc_column][\/vc_row][vc_row][vc_column][vc_column_text] El Universal muestra los resultados de un estudio [&hellip;]<\/p>\n","protected":false},"author":1,"featured_media":0,"comment_status":"closed","ping_status":"closed","sticky":false,"template":"","format":"standard","meta":{"_acf_changed":false,"_joinchat":[],"footnotes":""},"categories":[35],"tags":[],"class_list":["post-16082","post","type-post","status-publish","format-standard","hentry","category-new-healthcare","entry","owp-thumbs-layout-horizontal","owp-btn-normal","owp-tabs-layout-horizontal","has-no-thumbnails","has-product-nav"],"acf":[],"_links":{"self":[{"href":"https:\/\/www.cvn.com.co\/en\/wp-json\/wp\/v2\/posts\/16082","targetHints":{"allow":["GET"]}}],"collection":[{"href":"https:\/\/www.cvn.com.co\/en\/wp-json\/wp\/v2\/posts"}],"about":[{"href":"https:\/\/www.cvn.com.co\/en\/wp-json\/wp\/v2\/types\/post"}],"author":[{"embeddable":true,"href":"https:\/\/www.cvn.com.co\/en\/wp-json\/wp\/v2\/users\/1"}],"replies":[{"embeddable":true,"href":"https:\/\/www.cvn.com.co\/en\/wp-json\/wp\/v2\/comments?post=16082"}],"version-history":[{"count":0,"href":"https:\/\/www.cvn.com.co\/en\/wp-json\/wp\/v2\/posts\/16082\/revisions"}],"wp:attachment":[{"href":"https:\/\/www.cvn.com.co\/en\/wp-json\/wp\/v2\/media?parent=16082"}],"wp:term":[{"taxonomy":"category","embeddable":true,"href":"https:\/\/www.cvn.com.co\/en\/wp-json\/wp\/v2\/categories?post=16082"},{"taxonomy":"post_tag","embeddable":true,"href":"https:\/\/www.cvn.com.co\/en\/wp-json\/wp\/v2\/tags?post=16082"}],"curies":[{"name":"wp","href":"https:\/\/api.w.org\/{rel}","templated":true}]}}