{"id":16254,"date":"2015-07-21T18:44:04","date_gmt":"2015-07-21T18:44:04","guid":{"rendered":"https:\/\/www.cvn.com.co\/?p=16254"},"modified":"2015-07-21T18:44:04","modified_gmt":"2015-07-21T18:44:04","slug":"casos-de-malaria-en-el-caribe-estan-bajo-control","status":"publish","type":"post","link":"https:\/\/www.cvn.com.co\/en\/casos-de-malaria-en-el-caribe-estan-bajo-control\/","title":{"rendered":"Casos de Malaria en el Caribe est\u00e1n bajo control"},"content":{"rendered":"<p>[vc_row][vc_column][vc_empty_space][vc_column_text]<\/p>\n<p style=\"text-align: justify;\">En Puerto Rico se han identificado 3 casos de infecci\u00f3n por Malaria, de viajeros que hab\u00edan estado en Punta Cana (Rep\u00fablica Dominicana). La secretar\u00eda de Salud de Puerto Rico, Ana Rius ha dicho a El Nuevo D\u00eda \u201cAqu\u00ed todos los a\u00f1os se reportan de uno a cinco casos de malaria importada de personas que han viajado a Asia, \u00c1frica o a Rep\u00fablica Dominicana y que han contra\u00eddo la enfermedad. Lo diferente en este caso es que fueron tres a la vez y fueron dos grupos de adolescentes que viajaron con una clase graduanda\u201d.<\/p>\n<p>[\/vc_column_text][vc_empty_space][dt_call_to_action background=&#8221;fancy&#8221; line=&#8221;true&#8221; style=&#8221;1&#8243; animation=&#8221;bounceInRight&#8221;]<span style=\"font-size: 12pt; color: #333333;\">[dt_gap height=&#8221;3&#8243;\/]\u00a0<\/span><\/p>\n<p class=\"p1\"><span class=\"s1\" style=\"font-size: 18pt; color: #1aa8b8;\"><\/span><\/p>\n<p><em>\u00a0<\/em> [\/dt_call_to_action][vc_empty_space][vc_column_text]<\/p>\n<p style=\"text-align: justify;\">\n<p style=\"text-align: justify;\">Respecto al mosquito An\u00f3feles (\u00fanico transmisor de la enfermedad), afirm\u00f3 que \u201chace muchos a\u00f1os esa cepa fue casi erradicada, uno nunca dice 100%, t\u00fa no puedes decir nunca en ciencia que es un 0%, pero hay muy pocos, muy pocos. No existen las condiciones apropiadas tampoco aqu\u00ed para este mosquito\u201d.<\/p>\n<p style=\"text-align: justify;\">Mientras tanto, en Rep\u00fablica Dominicana han empezado las labores de investigaci\u00f3n y de control de focos de infecci\u00f3n por parte del Ministerio de Salud. \u201cDurante el fin de semana tomaron 1,039 muestras en un hotel de B\u00e1varo, donde habr\u00edan estado los tres ciudadanos puertorrique\u00f1os, pero ninguna ha dado positivo.<\/p>\n<p style=\"text-align: justify;\">Jos\u00e9 Puello (director general de Salud Colectiva) explic\u00f3 que en ese sentido, se han realizando labores intensas de b\u00fasqueda activa de casos, con \u00e9nfasis en casos de febriles y personas que han tenido fiebre en las \u00faltimas dos semanas, tanto en los recursos humanos de la infraestructura hotelera de la zona como en las localidades cercanas, en la periferia de las mismas\u201d. Informa el peri\u00f3dico Proceso.<\/p>\n<p style=\"text-align: justify;\">Lo anterior demuestra la importancia de las acciones coordinadas entre autoridades sanitarias en el control de enfermedades tropicales transmisibles. Un modelo que podr\u00eda adoptar Colombia y sus vecinos en el control del dengue, el chhikungunya, entre otros.<\/p>\n<p style=\"text-align: justify;\">\n<p>[\/vc_column_text][\/vc_column][\/vc_row][vc_row][vc_column][vc_empty_space][vc_column_text]<\/p>\n<p style=\"text-align: justify;\">\n<p style=\"text-align: justify;\"><b>Fuente:<\/b><\/p>\n<p style=\"text-align: justify;\"><a href=\"http:\/\/www.elnuevodia.com\/noticias\/locales\/nota\/bajovigilanciapormalaria-2076056\/\">Bajo vigilancia por malaria<\/a> &#8211; El Nuevo D\u00eda<\/p>\n<p style=\"text-align: justify;\"><a href=\"http:\/\/proceso.com.do\/generales\/35154-casos-de-malaria-son-investigados-por-autoridades-de-salud-en-la-zona-de-bavaro.html\">Casos de malaria son investigados por autoridades de salud en la Zona de B\u00e1varo<\/a> &#8211; Proceso<\/p>\n<p style=\"text-align: justify;\">\n<p>[\/vc_column_text][\/vc_column][\/vc_row][vc_row][vc_column][\/vc_column][\/vc_row]<\/p>\n","protected":false},"excerpt":{"rendered":"<p>[vc_row][vc_column][vc_empty_space][vc_column_text] En Puerto Rico se han identificado 3 casos de infecci\u00f3n por Malaria, de viajeros que hab\u00edan estado en Punta Cana (Rep\u00fablica Dominicana). La secretar\u00eda de Salud de Puerto Rico, Ana Rius ha dicho a El Nuevo D\u00eda \u201cAqu\u00ed todos los a\u00f1os se reportan de uno a cinco casos de malaria importada de personas que [&hellip;]<\/p>\n","protected":false},"author":1,"featured_media":0,"comment_status":"closed","ping_status":"closed","sticky":false,"template":"","format":"standard","meta":{"_acf_changed":false,"_joinchat":[],"footnotes":""},"categories":[35],"tags":[],"class_list":["post-16254","post","type-post","status-publish","format-standard","hentry","category-new-healthcare","entry","owp-thumbs-layout-horizontal","owp-btn-normal","owp-tabs-layout-horizontal","has-no-thumbnails","has-product-nav"],"acf":[],"_links":{"self":[{"href":"https:\/\/www.cvn.com.co\/en\/wp-json\/wp\/v2\/posts\/16254","targetHints":{"allow":["GET"]}}],"collection":[{"href":"https:\/\/www.cvn.com.co\/en\/wp-json\/wp\/v2\/posts"}],"about":[{"href":"https:\/\/www.cvn.com.co\/en\/wp-json\/wp\/v2\/types\/post"}],"author":[{"embeddable":true,"href":"https:\/\/www.cvn.com.co\/en\/wp-json\/wp\/v2\/users\/1"}],"replies":[{"embeddable":true,"href":"https:\/\/www.cvn.com.co\/en\/wp-json\/wp\/v2\/comments?post=16254"}],"version-history":[{"count":0,"href":"https:\/\/www.cvn.com.co\/en\/wp-json\/wp\/v2\/posts\/16254\/revisions"}],"wp:attachment":[{"href":"https:\/\/www.cvn.com.co\/en\/wp-json\/wp\/v2\/media?parent=16254"}],"wp:term":[{"taxonomy":"category","embeddable":true,"href":"https:\/\/www.cvn.com.co\/en\/wp-json\/wp\/v2\/categories?post=16254"},{"taxonomy":"post_tag","embeddable":true,"href":"https:\/\/www.cvn.com.co\/en\/wp-json\/wp\/v2\/tags?post=16254"}],"curies":[{"name":"wp","href":"https:\/\/api.w.org\/{rel}","templated":true}]}}