{"id":16280,"date":"2015-07-22T15:57:56","date_gmt":"2015-07-22T15:57:56","guid":{"rendered":"https:\/\/www.cvn.com.co\/?p=16280"},"modified":"2015-07-22T15:57:56","modified_gmt":"2015-07-22T15:57:56","slug":"desabastecimiento-de-autopartes-en-venezuela-segun-el-canidra","status":"publish","type":"post","link":"https:\/\/www.cvn.com.co\/en\/desabastecimiento-de-autopartes-en-venezuela-segun-el-canidra\/","title":{"rendered":"Desabastecimiento De Autopartes En Venezuela, seg\u00fan el CANIDRA"},"content":{"rendered":"<p>[vc_row][vc_column][vc_empty_space][vc_column_text]<\/p>\n<p style=\"text-align: justify;\">Con cada control cambiario adicional, los empresarios del sector de autopartes han visto m\u00e1s limitado el acceso a las divisas con las cuales llevar a cabo las importaciones.<\/p>\n<p>[\/vc_column_text][vc_empty_space][dt_call_to_action background=&#8221;fancy&#8221; line=&#8221;true&#8221; style=&#8221;1&#8243; animation=&#8221;bounceInRight&#8221;]<span style=\"font-size: 12pt; color: #333333;\">[dt_gap height=&#8221;3&#8243;\/]\u00a0<\/span><\/p>\n<p class=\"p1\"><span class=\"s1\" style=\"font-size: 18pt; color: #1aa8b8;\"><\/span><\/p>\n<p><em>\u00a0<\/em> [\/dt_call_to_action][vc_empty_space][\/vc_column][\/vc_row][vc_row][vc_column][vc_column_text]<\/p>\n<p style=\"text-align: justify;\">\n<p style=\"text-align: justify;\">\u201cEn el encuentro empresarial de la Asamblea anual n\u00famero 71 de Fedec\u00e1maras, El presidente de la C\u00e1mara Nacional de Comercio de Autopartes (Canidra), Jos\u00e9 Cinnirella, enfatiz\u00f3 que la c\u00e1mara de autopartes est\u00e1 atravesando una situaci\u00f3n muy cr\u00edtica y dram\u00e1tica. Aunque inform\u00f3 que \u201cen 120 d\u00edas llegar\u00edan al pa\u00eds autopartes importadas con subasta del Sicad\u201d\u201d, rese\u00f1a El Mundo.<\/p>\n<p style=\"text-align: justify;\">\u201cCinnirella, se\u00f1al\u00f3 a Noticias Globovisi\u00f3n Econom\u00eda.que seg\u00fan un sondeo realizado a nivel nacional solo hay entre 20 y 25% de abastecimiento de repuestos para carros. \u201cHemos comprobado a trav\u00e9s de visitas a almacenes, detales, distribuidoras e importadores y son lamentables las condiciones y niveles cr\u00edticos de inventarios (en la) que se encuentran en todos esos almacenes. Antes se pod\u00eda mantener una planificaci\u00f3n estrat\u00e9gica\u201d, Destac\u00f3 adem\u00e1s que los camiones basura, de bomberos y ambulancias tambi\u00e9n se ven afectados porque forman parte del parque circulante y \u201cest\u00e1n en estado deplorable\u201d\u201d. Seg\u00fan informa Venezuela al D\u00eda.<\/p>\n<p style=\"text-align: justify;\">\n<p>[\/vc_column_text][\/vc_column][\/vc_row][vc_row][vc_column][vc_empty_space][\/vc_column][\/vc_row][vc_row][vc_column][vc_column_text]<\/p>\n<p><b>Fuente:<\/b><\/p>\n<p><a href=\"http:\/\/www.venezuelaaldia.com\/2015\/07\/crisis-afecta-a-camiones-de-basura-de-bomberos-y-ambulancias-canidra-solo-hay-25-de-abastecimiento-de-autopartes\/\">Crisis afecta a camiones de basura, de bomberos y ambulancias! Canidra: S\u00f3lo hay 25% de abastecimiento de autopartes<\/a> &#8211; Venezuela al D\u00eda<\/p>\n<p><a href=\"http:\/\/www.elmundo.com.ve\/noticias\/economia\/politica\/canidra--en-120-dias-llegan-autopartes-importadas-.aspx\">Canidra: En 120 d\u00edas llegan autopartes importadas con subasta del Sicad<\/a> &#8211; El Mundo Venezuela<\/p>\n<p>[\/vc_column_text][\/vc_column][\/vc_row][vc_row][vc_column][\/vc_column][\/vc_row]<\/p>\n","protected":false},"excerpt":{"rendered":"<p>[vc_row][vc_column][vc_empty_space][vc_column_text] Con cada control cambiario adicional, los empresarios del sector de autopartes han visto m\u00e1s limitado el acceso a las divisas con las cuales llevar a cabo las importaciones. [\/vc_column_text][vc_empty_space][dt_call_to_action background=&#8221;fancy&#8221; line=&#8221;true&#8221; style=&#8221;1&#8243; animation=&#8221;bounceInRight&#8221;][dt_gap height=&#8221;3&#8243;\/]\u00a0 \u00a0 [\/dt_call_to_action][vc_empty_space][\/vc_column][\/vc_row][vc_row][vc_column][vc_column_text] \u201cEn el encuentro empresarial de la Asamblea anual n\u00famero 71 de Fedec\u00e1maras, El presidente de la C\u00e1mara Nacional [&hellip;]<\/p>\n","protected":false},"author":1,"featured_media":0,"comment_status":"closed","ping_status":"closed","sticky":false,"template":"","format":"standard","meta":{"_acf_changed":false,"_joinchat":[],"footnotes":""},"categories":[37],"tags":[],"class_list":["post-16280","post","type-post","status-publish","format-standard","hentry","category-new_automotive","entry","owp-thumbs-layout-horizontal","owp-btn-normal","owp-tabs-layout-horizontal","has-no-thumbnails","has-product-nav"],"acf":[],"_links":{"self":[{"href":"https:\/\/www.cvn.com.co\/en\/wp-json\/wp\/v2\/posts\/16280","targetHints":{"allow":["GET"]}}],"collection":[{"href":"https:\/\/www.cvn.com.co\/en\/wp-json\/wp\/v2\/posts"}],"about":[{"href":"https:\/\/www.cvn.com.co\/en\/wp-json\/wp\/v2\/types\/post"}],"author":[{"embeddable":true,"href":"https:\/\/www.cvn.com.co\/en\/wp-json\/wp\/v2\/users\/1"}],"replies":[{"embeddable":true,"href":"https:\/\/www.cvn.com.co\/en\/wp-json\/wp\/v2\/comments?post=16280"}],"version-history":[{"count":0,"href":"https:\/\/www.cvn.com.co\/en\/wp-json\/wp\/v2\/posts\/16280\/revisions"}],"wp:attachment":[{"href":"https:\/\/www.cvn.com.co\/en\/wp-json\/wp\/v2\/media?parent=16280"}],"wp:term":[{"taxonomy":"category","embeddable":true,"href":"https:\/\/www.cvn.com.co\/en\/wp-json\/wp\/v2\/categories?post=16280"},{"taxonomy":"post_tag","embeddable":true,"href":"https:\/\/www.cvn.com.co\/en\/wp-json\/wp\/v2\/tags?post=16280"}],"curies":[{"name":"wp","href":"https:\/\/api.w.org\/{rel}","templated":true}]}}