{"id":16282,"date":"2015-07-22T16:04:43","date_gmt":"2015-07-22T16:04:43","guid":{"rendered":"https:\/\/www.cvn.com.co\/?p=16282"},"modified":"2015-07-22T16:04:43","modified_gmt":"2015-07-22T16:04:43","slug":"aumenta-consumo-de-generadores-electricos-en-argentina","status":"publish","type":"post","link":"https:\/\/www.cvn.com.co\/en\/aumenta-consumo-de-generadores-electricos-en-argentina\/","title":{"rendered":"Aumenta Consumo De Generadores El\u00e9ctricos En Argentina"},"content":{"rendered":"<p>[vc_row][vc_column][vc_empty_space][vc_column_text]<\/p>\n<p style=\"text-align: justify;\">Dados los reiterados cortes de energ\u00eda que se han venido presentando en \u00e9poca invernal, de los cuales el Gobierno ha culpado a empresas de distribuci\u00f3n como EDENOR y EDESUR, han instado a las autoridades a oficializar un nuevo sistema de construcci\u00f3n de centrales el\u00e9ctricas y han apoyado un aumento en las ventas de generadores el\u00e9ctricos.<\/p>\n<p>[\/vc_column_text][vc_empty_space][dt_call_to_action background=&#8221;fancy&#8221; line=&#8221;true&#8221; style=&#8221;1&#8243; animation=&#8221;bounceInRight&#8221;]<span style=\"font-size: 12pt; color: #333333;\">[dt_gap height=&#8221;3&#8243;\/]\u00a0<\/span><\/p>\n<p class=\"p1\"><span class=\"s1\" style=\"font-size: 18pt; color: #1aa8b8;\"><\/span><\/p>\n<p><em>\u00a0<\/em> [\/dt_call_to_action][vc_empty_space][\/vc_column][\/vc_row][vc_row][vc_column][vc_column_text]<\/p>\n<p style=\"text-align: justify;\">\n<p style=\"text-align: justify;\">De acuerdo con el Portal Minero, \u201cEl gobierno de Argentina formaliz\u00f3 la creaci\u00f3n de un nuevo esquema para construir centrales el\u00e9ctricas. El nuevo marco se cre\u00f3 a trav\u00e9s de una resoluci\u00f3n de la Secretar\u00eda de Energ\u00eda de ese pa\u00eds y fij\u00f3 un aumento promedio del 28% para las empresas generadoras del sector, en relaci\u00f3n a los valores que ven\u00edan recibiendo. la medida del gobierno trasandino estableci\u00f3 los nuevos valores que van a cobrar los generadores de electricidad, como Pampa Energ\u00eda, Endesa, Sadesa y AES, entre otros; por la energ\u00eda que producen en sus centrales. En ese sentido, prev\u00e9 distintos precios en funci\u00f3n de la tecnolog\u00eda utilizada para la producci\u00f3n de energ\u00eda\u201d.<\/p>\n<p style=\"text-align: justify;\">En cuanto a las ventas de equipos de generaci\u00f3n el\u00e9ctrica, la firma FILSUR (ubicada en la Patagonia) afirm\u00f3 a la Cr\u00f3nica \u201cque el inter\u00e9s de la comunidad se increment\u00f3 durante los \u00faltimos meses. De hecho, se produjo un 30% de aumento en las ventas de generadores el\u00e9ctricos, cuyos precios ascienden los 6 mil pesos. Sin embargo, la problem\u00e1tica no solo afecta a quienes tienen viviendas sino tambi\u00e9n a los comercios que tambi\u00e9n optan por resguardar el servicio el\u00e9ctrico con la compra de generadores de mayor potencia. Otro de los comercios donde tambi\u00e9n confirmaron el aumento en las ventas es ferreter\u00eda Forte donde no solo hay mayor demanda de generadores el\u00e9ctricos, sino tambi\u00e9n, una amplia venta de caloventores y calefacci\u00f3n industrial\u201d.<\/p>\n<p style=\"text-align: justify;\">\n<p>[\/vc_column_text][\/vc_column][\/vc_row][vc_row][vc_column][vc_empty_space][\/vc_column][\/vc_row][vc_row][vc_column][vc_column_text]<\/p>\n<p><b>Fuente:<\/b><\/p>\n<p><a href=\"http:\/\/www.portalminero.com\/pages\/viewpage.action?pageId=99718363\">Argentina oficializ\u00f3 nuevo esquema para construir Centrales el\u00e9ctricas<\/a> &#8211; Portal Minero<\/p>\n<p><a href=\"http:\/\/www.diariocronica.com.ar\/136108-con-la-crisis-energetica-se-incremento-la-venta-de-generadores-electricos-en-comodoro-y-rada-tilly.html\">Con la crisis energ\u00e9tica se increment\u00f3 la venta de generadores el\u00e9ctricos en Comodoro y Rada Tilly<\/a> &#8211; La Cr\u00f3nica<\/p>\n<p>[\/vc_column_text][\/vc_column][\/vc_row][vc_row][vc_column][\/vc_column][\/vc_row]<\/p>\n","protected":false},"excerpt":{"rendered":"<p>[vc_row][vc_column][vc_empty_space][vc_column_text] Dados los reiterados cortes de energ\u00eda que se han venido presentando en \u00e9poca invernal, de los cuales el Gobierno ha culpado a empresas de distribuci\u00f3n como EDENOR y EDESUR, han instado a las autoridades a oficializar un nuevo sistema de construcci\u00f3n de centrales el\u00e9ctricas y han apoyado un aumento en las ventas de generadores [&hellip;]<\/p>\n","protected":false},"author":1,"featured_media":0,"comment_status":"closed","ping_status":"closed","sticky":false,"template":"","format":"standard","meta":{"_acf_changed":false,"_joinchat":[],"footnotes":""},"categories":[39],"tags":[],"class_list":["post-16282","post","type-post","status-publish","format-standard","hentry","category-new-technology","entry","owp-thumbs-layout-horizontal","owp-btn-normal","owp-tabs-layout-horizontal","has-no-thumbnails","has-product-nav"],"acf":[],"_links":{"self":[{"href":"https:\/\/www.cvn.com.co\/en\/wp-json\/wp\/v2\/posts\/16282","targetHints":{"allow":["GET"]}}],"collection":[{"href":"https:\/\/www.cvn.com.co\/en\/wp-json\/wp\/v2\/posts"}],"about":[{"href":"https:\/\/www.cvn.com.co\/en\/wp-json\/wp\/v2\/types\/post"}],"author":[{"embeddable":true,"href":"https:\/\/www.cvn.com.co\/en\/wp-json\/wp\/v2\/users\/1"}],"replies":[{"embeddable":true,"href":"https:\/\/www.cvn.com.co\/en\/wp-json\/wp\/v2\/comments?post=16282"}],"version-history":[{"count":0,"href":"https:\/\/www.cvn.com.co\/en\/wp-json\/wp\/v2\/posts\/16282\/revisions"}],"wp:attachment":[{"href":"https:\/\/www.cvn.com.co\/en\/wp-json\/wp\/v2\/media?parent=16282"}],"wp:term":[{"taxonomy":"category","embeddable":true,"href":"https:\/\/www.cvn.com.co\/en\/wp-json\/wp\/v2\/categories?post=16282"},{"taxonomy":"post_tag","embeddable":true,"href":"https:\/\/www.cvn.com.co\/en\/wp-json\/wp\/v2\/tags?post=16282"}],"curies":[{"name":"wp","href":"https:\/\/api.w.org\/{rel}","templated":true}]}}