{"id":16402,"date":"2015-07-30T22:01:52","date_gmt":"2015-07-30T22:01:52","guid":{"rendered":"https:\/\/www.cvn.com.co\/?p=16402"},"modified":"2015-07-30T22:01:52","modified_gmt":"2015-07-30T22:01:52","slug":"nueva-manifestacion-contra-el-plan-de-choque-a-la-crisis-de-salud-aprobado-por-el-gobierno","status":"publish","type":"post","link":"https:\/\/www.cvn.com.co\/en\/nueva-manifestacion-contra-el-plan-de-choque-a-la-crisis-de-salud-aprobado-por-el-gobierno\/","title":{"rendered":"Nueva manifestaci\u00f3n contra el plan de choque a la crisis de salud aprobado por el Gobierno"},"content":{"rendered":"<p>[vc_row][vc_column][vc_empty_space][vc_column_text]<\/p>\n<p style=\"text-align: justify;\">Las medidas planteadas por el Ministerio de salud no han calado en las poblaciones afectadas, las cuales sienten que las soluciones propuestas no cambian en nada su precaria situaci\u00f3n.<\/p>\n<p>[\/vc_column_text][vc_empty_space][dt_call_to_action background=&#8221;fancy&#8221; line=&#8221;true&#8221; style=&#8221;1&#8243; animation=&#8221;bounceInRight&#8221;]<span style=\"font-size: 12pt; color: #333333;\">[dt_gap height=&#8221;3&#8243;\/]\u00a0<\/span><\/p>\n<p class=\"p1\"><span class=\"s1\" style=\"font-size: 18pt; color: #1aa8b8;\"><\/span><\/p>\n<p><em>\u00a0<\/em> [\/dt_call_to_action][vc_empty_space][\/vc_column][\/vc_row][vc_row][vc_column][vc_column_text]<\/p>\n<p style=\"text-align: justify;\">\n<p style=\"text-align: justify;\">Seg\u00fan explica Noticias RCN, \u201cLos trabajadores de la salud adelantan una serie de marchas en diferentes ciudades del pa\u00eds, con el fin de hacerle un llamado al Gobierno por la grave crisis financiera que padecen las entidades de salud debido a la demora en los pagos por parte de las EPS y el Estado. En Medell\u00edn, los usuarios est\u00e1n apoyando esta segunda jornada de protestas para pedirle al presidente Santos una intervenci\u00f3n y una soluci\u00f3n a la crisis que afecta la salud en Colombia. En Cali, m\u00e9dicos, especialistas, enfermeros y trabajadores del Hospital Universitario del Valle se han unido al plant\u00f3n nacional. Las directivas del hospital afirmaron que son m\u00e1s de 200.000 millones de pesos los que se le adeudan a la entidad y la mayor\u00eda de sus acreedores son las EPS\u201d.<\/p>\n<p style=\"text-align: justify;\">En entrevista a El Espectador, La dirigente de Gestarsalud, Elsa Torrenegra declar\u00f3 que \u201catribuye la falta de dinero a un flujo de recursos de hace a\u00f1os, en el que las entidades territoriales deb\u00edan efectuar unos pagos a las EPS por los servicios no POS, pagos que no realizaron y que las EPS tuvieron que suplir y por eso actualmente no tienen c\u00f3mo pagar en su totalidad los servicios a los hospitales. \u2018Los servicios no POS para el r\u00e9gimen subsidiado se manejan distinto al r\u00e9gimen contributivo, estos servicios los deb\u00edan garantizar los departamentos y distritos, pero muchos de ellos no lo asumieron y a nosotros nos toc\u00f3 asumir esos servicios en protecci\u00f3n de la salud de los usuarios\u2019\u201d.<\/p>\n<p style=\"text-align: justify;\">\n<p>[\/vc_column_text][\/vc_column][\/vc_row][vc_row][vc_column][vc_empty_space][\/vc_column][\/vc_row][vc_row][vc_column][vc_column_text]<\/p>\n<p style=\"text-align: justify;\">\n<p style=\"text-align: justify;\"><b>Fuente:<\/b><\/p>\n<p style=\"text-align: justify;\"><a href=\"http:\/\/www.elespectador.com\/noticias\/salud\/eps-no-han-podido-pagar-deudas-los-hospitales-articulo-575798\">\u00bfPor qu\u00e9 las EPS no han podido pagar las deudas a los hospitales?<\/a> &#8211; El Espectador<\/p>\n<p style=\"text-align: justify;\"><a href=\"http:\/\/www.noticiasrcn.com\/nacional-pais\/hospitales-vuelven-protestar-crisis-el-sistema-salud\">Hospitales vuelven a protestar por la crisis en el sistema de salud<\/a> &#8211; Noticias RCN<\/p>\n<p style=\"text-align: justify;\">\n<p>[\/vc_column_text][\/vc_column][\/vc_row][vc_row][vc_column][\/vc_column][\/vc_row]<\/p>\n","protected":false},"excerpt":{"rendered":"<p>[vc_row][vc_column][vc_empty_space][vc_column_text] Las medidas planteadas por el Ministerio de salud no han calado en las poblaciones afectadas, las cuales sienten que las soluciones propuestas no cambian en nada su precaria situaci\u00f3n. [\/vc_column_text][vc_empty_space][dt_call_to_action background=&#8221;fancy&#8221; line=&#8221;true&#8221; style=&#8221;1&#8243; animation=&#8221;bounceInRight&#8221;][dt_gap height=&#8221;3&#8243;\/]\u00a0 \u00a0 [\/dt_call_to_action][vc_empty_space][\/vc_column][\/vc_row][vc_row][vc_column][vc_column_text] Seg\u00fan explica Noticias RCN, \u201cLos trabajadores de la salud adelantan una serie de marchas en diferentes ciudades [&hellip;]<\/p>\n","protected":false},"author":1,"featured_media":0,"comment_status":"closed","ping_status":"closed","sticky":false,"template":"","format":"standard","meta":{"_acf_changed":false,"_joinchat":[],"footnotes":""},"categories":[35],"tags":[],"class_list":["post-16402","post","type-post","status-publish","format-standard","hentry","category-new-healthcare","entry","owp-thumbs-layout-horizontal","owp-btn-normal","owp-tabs-layout-horizontal","has-no-thumbnails","has-product-nav"],"acf":[],"_links":{"self":[{"href":"https:\/\/www.cvn.com.co\/en\/wp-json\/wp\/v2\/posts\/16402","targetHints":{"allow":["GET"]}}],"collection":[{"href":"https:\/\/www.cvn.com.co\/en\/wp-json\/wp\/v2\/posts"}],"about":[{"href":"https:\/\/www.cvn.com.co\/en\/wp-json\/wp\/v2\/types\/post"}],"author":[{"embeddable":true,"href":"https:\/\/www.cvn.com.co\/en\/wp-json\/wp\/v2\/users\/1"}],"replies":[{"embeddable":true,"href":"https:\/\/www.cvn.com.co\/en\/wp-json\/wp\/v2\/comments?post=16402"}],"version-history":[{"count":0,"href":"https:\/\/www.cvn.com.co\/en\/wp-json\/wp\/v2\/posts\/16402\/revisions"}],"wp:attachment":[{"href":"https:\/\/www.cvn.com.co\/en\/wp-json\/wp\/v2\/media?parent=16402"}],"wp:term":[{"taxonomy":"category","embeddable":true,"href":"https:\/\/www.cvn.com.co\/en\/wp-json\/wp\/v2\/categories?post=16402"},{"taxonomy":"post_tag","embeddable":true,"href":"https:\/\/www.cvn.com.co\/en\/wp-json\/wp\/v2\/tags?post=16402"}],"curies":[{"name":"wp","href":"https:\/\/api.w.org\/{rel}","templated":true}]}}