{"id":16548,"date":"2015-07-15T16:51:16","date_gmt":"2015-07-15T16:51:16","guid":{"rendered":"https:\/\/www.cvn.com.co\/?p=16548"},"modified":"2015-07-15T16:51:16","modified_gmt":"2015-07-15T16:51:16","slug":"mexico-nuevo-etiquetado-para-alimentos-y-bebidas-no-alcoholicas-envasadas","status":"publish","type":"post","link":"https:\/\/www.cvn.com.co\/en\/mexico-nuevo-etiquetado-para-alimentos-y-bebidas-no-alcoholicas-envasadas\/","title":{"rendered":"M\u00e9xico, Nuevo etiquetado para alimentos y bebidas no alcoh\u00f3licas envasadas"},"content":{"rendered":"<p>[vc_row][vc_column][vc_empty_space][vc_column_text]<\/p>\n<p style=\"text-align: justify;\">M\u00e9xico sigue luchando por la prevenci\u00f3n y control de enfermedades relacionadas con la mala alimentaci\u00f3n como lo son el Sobrepeso, la Obesidad y la Diabetes, por eso, como parte de esta estrategia, a partir del 1 de julio del 2015 entr\u00f3 en vigor el nuevo etiquetado obligatorio y frontal para alimentos y bebidas no alcoh\u00f3licas envasadas, con el objetivo de informar al consumidor sobre las calor\u00edas, porcentaje de grasas saturadas, sal y az\u00facar que contiene cada producto.<\/p>\n<p style=\"text-align: justify;\">Las nuevas etiquetas aplican para m\u00e1s de 32 mil productos, con el prop\u00f3sito de que los consumidores conozcan cu\u00e1ntas calor\u00edas ingieren, comparen y decidan qu\u00e9 productos son mejores para su salud. Actualmente 16 mil 200 productos, es decir, m\u00e1s del 50% ya exhibe las nuevas etiquetas en sus envases y el resto deber\u00e1 irlo haciendo en cuanto vayan agotando inventarios, inform\u00f3 Noticieros Televisa.<\/p>\n<p style=\"text-align: justify;\">Seg\u00fan el diario La Jornada, todas las empresas tendr\u00e1n como plazo un a\u00f1o, es decir, hasta el 1 de julio de 2016 para que todos los productos que deben portar este etiquetado contengan los datos que establece la Norma Oficial Mexicana 051, a partir de esa fecha si hubiera en los anaqueles productos con el anterior etiquetado se aplicar\u00e1n multas que oscilan entre los 400 mil y un mill\u00f3n de pesos por caso. Esto significa que antes de esa fecha tendr\u00e1n que haber acabado las mercanc\u00edas en existencia con el etiquetado voluntario.<\/p>\n<p style=\"text-align: justify;\">Esta medida aplica para productos como:<\/p>\n<ul>\n<li style=\"text-align: justify;\">Refrescos<\/li>\n<li style=\"text-align: justify;\">Botanas<\/li>\n<li style=\"text-align: justify;\">Dulces<\/li>\n<li style=\"text-align: justify;\">Chocolates<\/li>\n<li style=\"text-align: justify;\">Entre otros<\/li>\n<\/ul>\n<p>[\/vc_column_text][vc_empty_space][vc_column_text]<\/p>\n<h5 style=\"text-align: justify;\"><strong>Pol\u00e9mica por el Etiquetado<\/strong><\/h5>\n<p>&nbsp;<\/p>\n<p style=\"text-align: justify;\">Sin embargo, se ha presentado una pol\u00e9mica por la medida ya Organizaciones No Gubernamentales rechazan este etiquetado, afirmando que no es comprensible para la poblaci\u00f3n, adem\u00e1s de que no atiende recomendaciones de la Organizaci\u00f3n Mundial de la Salud (OMS) y promueve la ingesta de altas cantidades de az\u00facar, lo cual es un riesgo para presentar sobrepeso, obesidad y diabetes, como se expone en el portal V\u00e9rtigo Pol\u00edtico.<\/p>\n<p style=\"text-align: justify;\">De acuerdo con el mismo portal, quienes rechazan la medida afirman que el etiquetado avalado por la Comisi\u00f3n Federal para la Protecci\u00f3n contra Riesgos Sanitarios (Cofepris) induce a los consumidores a creer que una ingesta diaria de 360 kilocalor\u00edas (90 g) de az\u00facar es la recomendada; es decir, 18 cucharadas cafeteras, lo que puede contribuir a agudizar la epidemia de obesidad y diabetes en M\u00e9xico.<\/p>\n<p style=\"text-align: justify;\">Sus detractores indican adem\u00e1s que el etiquetado no es claro y es dif\u00edcil de entender, y tiene criterios que contradicen las recomendaciones de organizaciones internacionales.<\/p>\n<p>[\/vc_column_text][vc_empty_space][vc_column_text]<\/p>\n<h5><strong>Las Cifras<\/strong><\/h5>\n<p>&nbsp;<\/p>\n<p style=\"text-align: justify;\">M\u00e9xico es el pa\u00eds m\u00e1s obeso del mundo, desplazando a Estados Unidos.<\/p>\n<p style=\"text-align: justify;\">Aproximadamente, el 70% de los mexicanos padece sobrepeso y casi una tercera parte sufre de obesidad.\u00a0 Un tercio de los j\u00f3venes mexicanos tambi\u00e9n la padecen,\u00a0 cuya cifra se ha triplicado desde hace 10 a\u00f1os, as\u00ed lo revela la publicaci\u00f3n de Forbes M\u00e9xico.<\/p>\n<p style=\"text-align: justify;\">Indica la misma publicaci\u00f3n que, uno de cada seis mexicanos padece de diabetes y las muertes por el padecimiento es una de las principales causas entre los mexicanos.\u00a0Cerca de 70,000 personas mueren por diabetes en M\u00e9xico \u00a0y poco m\u00e1s de 400, 000 nuevos casos son diagnosticados por a\u00f1o.<\/p>\n<p>[\/vc_column_text][vc_empty_space][vc_column_text]<strong>Fuente:<\/strong><\/p>\n<ul>\n<li><a href=\"http:\/\/noticieros.televisa.com\/mexico\/1507\/entra-vigor-nuevo-etiquetado-comida-envasada\/\">Entra en vigor nuevo etiquetado de comida envasada<\/a> \u2013 Noticieros Televisa<\/li>\n<li><a href=\"http:\/\/www.jornada.unam.mx\/ultimas\/2015\/06\/30\/entra-en-vigor-nuevo-etiquetado-en-alimentos-y-bebidas-6379.html\">Entra en vigor nuevo etiquetado en alimentos y bebidas<\/a> \u2013 La Jornada<\/li>\n<li><a href=\"http:\/\/www.vertigopolitico.com\/articulo\/33837\/Polemica-por-nuevo-etiquetado-en-alimentos-y-bebidas\">Pol\u00e9mica por nuevo etiquetado en alimentos y bebidas<\/a> &#8211; V\u00e9rtigo Pol\u00edtico<\/li>\n<li><a href=\"http:\/\/www.forbes.com.mx\/mexico-el-pais-mas-obeso-del-mundo\/\">M\u00e9xico, el pa\u00eds m\u00e1s obeso del mundo <\/a>\u2013 Forbes M\u00e9xico<\/li>\n<\/ul>\n<p>[\/vc_column_text][vc_empty_space][\/vc_column][\/vc_row]<\/p>\n","protected":false},"excerpt":{"rendered":"<p>[vc_row][vc_column][vc_empty_space][vc_column_text] M\u00e9xico sigue luchando por la prevenci\u00f3n y control de enfermedades relacionadas con la mala alimentaci\u00f3n como lo son el Sobrepeso, la Obesidad y la Diabetes, por eso, como parte de esta estrategia, a partir del 1 de julio del 2015 entr\u00f3 en vigor el nuevo etiquetado obligatorio y frontal para alimentos y bebidas no [&hellip;]<\/p>\n","protected":false},"author":1,"featured_media":0,"comment_status":"closed","ping_status":"closed","sticky":false,"template":"","format":"standard","meta":{"_acf_changed":false,"_joinchat":[],"footnotes":""},"categories":[38],"tags":[],"class_list":["post-16548","post","type-post","status-publish","format-standard","hentry","category-new-food-and-beverages","entry","owp-thumbs-layout-horizontal","owp-btn-normal","owp-tabs-layout-horizontal","has-no-thumbnails","has-product-nav"],"acf":[],"_links":{"self":[{"href":"https:\/\/www.cvn.com.co\/en\/wp-json\/wp\/v2\/posts\/16548","targetHints":{"allow":["GET"]}}],"collection":[{"href":"https:\/\/www.cvn.com.co\/en\/wp-json\/wp\/v2\/posts"}],"about":[{"href":"https:\/\/www.cvn.com.co\/en\/wp-json\/wp\/v2\/types\/post"}],"author":[{"embeddable":true,"href":"https:\/\/www.cvn.com.co\/en\/wp-json\/wp\/v2\/users\/1"}],"replies":[{"embeddable":true,"href":"https:\/\/www.cvn.com.co\/en\/wp-json\/wp\/v2\/comments?post=16548"}],"version-history":[{"count":0,"href":"https:\/\/www.cvn.com.co\/en\/wp-json\/wp\/v2\/posts\/16548\/revisions"}],"wp:attachment":[{"href":"https:\/\/www.cvn.com.co\/en\/wp-json\/wp\/v2\/media?parent=16548"}],"wp:term":[{"taxonomy":"category","embeddable":true,"href":"https:\/\/www.cvn.com.co\/en\/wp-json\/wp\/v2\/categories?post=16548"},{"taxonomy":"post_tag","embeddable":true,"href":"https:\/\/www.cvn.com.co\/en\/wp-json\/wp\/v2\/tags?post=16548"}],"curies":[{"name":"wp","href":"https:\/\/api.w.org\/{rel}","templated":true}]}}