{"id":16702,"date":"2015-08-20T10:16:48","date_gmt":"2015-08-20T10:16:48","guid":{"rendered":"https:\/\/www.cvn.com.co\/?p=16702"},"modified":"2015-08-20T10:16:48","modified_gmt":"2015-08-20T10:16:48","slug":"colombia-avanza-en-la-eliminacion-de-la-malaria","status":"publish","type":"post","link":"https:\/\/www.cvn.com.co\/en\/colombia-avanza-en-la-eliminacion-de-la-malaria\/","title":{"rendered":"Colombia Avanza en la eliminaci\u00f3n de la Malaria"},"content":{"rendered":"<p>[vc_row][vc_column][vc_empty_space][vc_column_text]<\/p>\n<p style=\"text-align: justify;\">Como parte del cuarto simposio de Perspectivas de la Eliminaci\u00f3n de la Malaria llevado a cabo en Cali, el Ministerio de salud ha informado a la comunidad de los nuevos avances en la lucha contra la Malaria.<\/p>\n<p>[\/vc_column_text][vc_empty_space][dt_call_to_action background=&#8221;fancy&#8221; line=&#8221;true&#8221; style=&#8221;1&#8243; animation=&#8221;bounceInRight&#8221;]<span style=\"font-size: 12pt; color: #333333;\">[dt_gap height=&#8221;3&#8243;\/]\u00a0<\/span><\/p>\n<p class=\"p1\"><span class=\"s1\" style=\"font-size: 18pt; color: #1aa8b8;\"><\/span><\/p>\n<p><em>\u00a0<\/em> [\/dt_call_to_action][vc_empty_space][\/vc_column][\/vc_row][vc_row][vc_column][vc_column_text]<\/p>\n<p style=\"text-align: justify;\">\n<p style=\"text-align: justify;\">CMI informa que \u201cde 200 mil afectados anualmente se pas\u00f3 a 50 mil en el 2014, una reducci\u00f3n de 75% en los \u00faltimos 10 a\u00f1os. La cifra es m\u00e1s que alentadora ya que en promedio, en Am\u00e9rica Latina, estos casos se han reducido en un 50%. Sin embargo, Colombia y Brasil siguen siendo los pa\u00edses con mayores casos de pacientes infectados\u201d.<\/p>\n<p style=\"text-align: justify;\">S\u00f3crates Herrera, el director cient\u00edfico del Centro de Investigaciones Caucaseco ha resumido a El Pa\u00eds la situaci\u00f3n de la enfermedad en las siguientes cifras: solo en el 2010 se dio un pico epid\u00e9mico, que subi\u00f3 los casos a 120.000 por a\u00f1o; las regiones m\u00e1s impactadas son Choc\u00f3, Nari\u00f1o, Antioquia, Valle, Amazonas y C\u00f3rdoba. De acuerdo con el Instituto Nacional de Salud, INS, en el departamento, en lo que va corrido del a\u00f1o, hay reporte de 926 personas contagiadas. De ellas, 792 corresponden a Buenaventura, es decir, el 85 % de los casos.<\/p>\n<p style=\"text-align: justify;\">Respecto a las tecnolog\u00edas m\u00e9dicas que usa el pa\u00eds actualmente, declara el cient\u00edfico: \u201cEn Colombia se ha avanzado mucho en los \u00faltimos a\u00f1os. Creo que se ha bajado en m\u00e1s de un 50 % gracias a una mayor inversi\u00f3n en el control y en que las t\u00e9cnicas que se est\u00e1 utilizando actualmente son mucho mejores. El diagn\u00f3stico se hace con pruebas moleculares significativamente m\u00e1s sensibles, los insecticidas se est\u00e1n aplicando de manera m\u00e1s eficiente, se le ha puesto m\u00e1s cuidado a la participaci\u00f3n de las comunidades en le control y se ha hecho un gran avance en los procesos de racionalizar y optimizar los m\u00e9todos de lucha contra la malaria\u201d.<\/p>\n<p style=\"text-align: justify;\">\n<p>[\/vc_column_text][\/vc_column][\/vc_row][vc_row][vc_column][vc_empty_space][\/vc_column][\/vc_row][vc_row][vc_column][vc_column_text]<\/p>\n<p style=\"text-align: justify;\">\n<p style=\"text-align: justify;\"><b>Fuente:<\/b><\/p>\n<p style=\"text-align: justify;\"><a href=\"http:\/\/www.cmi.com.co\/casos-de-malaria-se-han-reducido-en-un-75-en-los-ultimos-10-anos-en-colombia\"><span style=\"font-weight: 400;\">Casos de malaria se han reducido en un 75% en los \u00faltimos 10 a\u00f1os en Colombia<\/span><\/a><span style=\"font-weight: 400;\"> &#8211; CMI<\/span><\/p>\n<p style=\"text-align: justify;\"><a href=\"http:\/\/www.elpais.com.co\/elpais\/salud\/noticias\/casos-malaria-han-bajado-75-colombia\"><span style=\"font-weight: 400;\">Casos de malaria han bajado 75 % en Colombia<\/span><\/a><span style=\"font-weight: 400;\"> &#8211; El Pa\u00eds<\/span><\/p>\n<p style=\"text-align: justify;\">\n<p>[\/vc_column_text][\/vc_column][\/vc_row][vc_row][vc_column][\/vc_column][\/vc_row]<\/p>\n","protected":false},"excerpt":{"rendered":"<p>[vc_row][vc_column][vc_empty_space][vc_column_text] Como parte del cuarto simposio de Perspectivas de la Eliminaci\u00f3n de la Malaria llevado a cabo en Cali, el Ministerio de salud ha informado a la comunidad de los nuevos avances en la lucha contra la Malaria. [\/vc_column_text][vc_empty_space][dt_call_to_action background=&#8221;fancy&#8221; line=&#8221;true&#8221; style=&#8221;1&#8243; animation=&#8221;bounceInRight&#8221;][dt_gap height=&#8221;3&#8243;\/]\u00a0 \u00a0 [\/dt_call_to_action][vc_empty_space][\/vc_column][\/vc_row][vc_row][vc_column][vc_column_text] CMI informa que \u201cde 200 mil afectados anualmente se [&hellip;]<\/p>\n","protected":false},"author":1,"featured_media":0,"comment_status":"closed","ping_status":"closed","sticky":false,"template":"","format":"standard","meta":{"_acf_changed":false,"_joinchat":[],"footnotes":""},"categories":[35],"tags":[],"class_list":["post-16702","post","type-post","status-publish","format-standard","hentry","category-new-healthcare","entry","owp-thumbs-layout-horizontal","owp-btn-normal","owp-tabs-layout-horizontal","has-no-thumbnails","has-product-nav"],"acf":[],"_links":{"self":[{"href":"https:\/\/www.cvn.com.co\/en\/wp-json\/wp\/v2\/posts\/16702","targetHints":{"allow":["GET"]}}],"collection":[{"href":"https:\/\/www.cvn.com.co\/en\/wp-json\/wp\/v2\/posts"}],"about":[{"href":"https:\/\/www.cvn.com.co\/en\/wp-json\/wp\/v2\/types\/post"}],"author":[{"embeddable":true,"href":"https:\/\/www.cvn.com.co\/en\/wp-json\/wp\/v2\/users\/1"}],"replies":[{"embeddable":true,"href":"https:\/\/www.cvn.com.co\/en\/wp-json\/wp\/v2\/comments?post=16702"}],"version-history":[{"count":0,"href":"https:\/\/www.cvn.com.co\/en\/wp-json\/wp\/v2\/posts\/16702\/revisions"}],"wp:attachment":[{"href":"https:\/\/www.cvn.com.co\/en\/wp-json\/wp\/v2\/media?parent=16702"}],"wp:term":[{"taxonomy":"category","embeddable":true,"href":"https:\/\/www.cvn.com.co\/en\/wp-json\/wp\/v2\/categories?post=16702"},{"taxonomy":"post_tag","embeddable":true,"href":"https:\/\/www.cvn.com.co\/en\/wp-json\/wp\/v2\/tags?post=16702"}],"curies":[{"name":"wp","href":"https:\/\/api.w.org\/{rel}","templated":true}]}}