{"id":17613,"date":"2015-06-24T22:44:19","date_gmt":"2015-06-24T22:44:19","guid":{"rendered":"https:\/\/www.cvn.com.co\/?p=15694"},"modified":"2015-06-24T22:44:19","modified_gmt":"2015-06-24T22:44:19","slug":"crisis-energetica-y-social-en-la-costa-colombiana","status":"publish","type":"post","link":"https:\/\/www.cvn.com.co\/en\/crisis-energetica-y-social-en-la-costa-colombiana\/","title":{"rendered":"Crisis Energ\u00e9tica Y Social En La Costa Colombiana"},"content":{"rendered":"<p>[vc_row][vc_column][vc_empty_space][vc_column_text]<\/p>\n<p style=\"text-align: justify;\">Por cuenta de la falta de inversi\u00f3n en la infraestructura el\u00e9ctrica se ha visto afectada la zona del caribe colombiano. All\u00ed, la poblaci\u00f3n no ha recibido de buena manera el pretendido aumento de tarifas del servicio p\u00fablico con el que se pretende poner al d\u00eda las construcciones que tanto necesita Electricaribe y el sector. Se han observado toda serie de protestas en contra de dicho aumento, ya que los habitantes aseguran que el problema es de prestaciones irregulares del servicio.<\/p>\n<p>[\/vc_column_text][vc_empty_space][dt_call_to_action background=&#8221;fancy&#8221; line=&#8221;true&#8221; style=&#8221;1&#8243; animation=&#8221;bounceInRight&#8221;]<span style=\"font-size: 12pt; color: #333333;\">[dt_gap height=&#8221;3&#8243;\/]\u00a0<\/span><\/p>\n<p class=\"p1\"><span class=\"s1\" style=\"font-size: 18pt; color: #1aa8b8;\"><\/span><\/p>\n<p><em>\u00a0<\/em> [\/dt_call_to_action][vc_empty_space][vc_column_text]<\/p>\n<p style=\"text-align: justify;\">\n<p style=\"text-align: justify;\"><span style=\"font-family: Tahoma, Arial, Helvetica, sans-serif; font-size: 12pt; color: #808080;\">Como muestra el diario Portafolio, \u201cEl encuentro de los mandatarios de Bol\u00edvar, Atl\u00e1ntico, Sucre, Cesar, C\u00f3rdoba, Magdalena y La Guajira con los funcionarios que ir\u00e1n de Bogot\u00e1, se har\u00e1 en el marco del Congreso Nacional e Internacional de Servicios P\u00fablicos, que se realiza entre hoy y el viernes en Cartagena\u201d. Lo anterior con el fin de abogar por unas mejores condiciones del servicio. \u201cAll\u00ed la Naci\u00f3n ampliar\u00e1 su propuesta de invertir 4 billones de pesos en los pr\u00f3ximos 5 a\u00f1os para desatrasar la infraestructura el\u00e9ctrica. Adem\u00e1s, seg\u00fan inform\u00f3 la superintendente de Servicios P\u00fablicos, Patricia Duque, le recordar\u00e1n a la electrificadora que debe destinar 183.000 millones de pesos con el mismo prop\u00f3sito\u201d.<\/span><\/p>\n<p style=\"text-align: justify;\"><span style=\"font-family: Tahoma, Arial, Helvetica, sans-serif; font-size: 12pt; color: #808080;\">En cuanto a las nuevas tarifas, explica a La Rep\u00fablica el Ministro de Minas y Energ\u00eda Tom\u00e1s Gonz\u00e1lez os elementos de la inversi\u00f3n que se desea realizar: \u201cmantener los niveles de subsidio a los estratos uno y dos en 60% y 50%, respectivamente. Dos, que los recursos del Fondo de Energ\u00eda Social, que son para personas que ni siquiera son estrato uno, se duplicar\u00e1n para apoyarlos en el pago. Y tercero, se acaba la separaci\u00f3n de las tarifas de las empresas Energ\u00eda Social (la cual es para estratos bajos) y Electricaribe\u201d.<\/span><\/p>\n<p style=\"text-align: justify;\"><span style=\"font-family: Tahoma, Arial, Helvetica, sans-serif; font-size: 12pt; color: #808080;\">Informa El Tiempo, que \u201cla procuradur\u00eda delegada para la Descentralizaci\u00f3n y las Entidades Territoriales anunci\u00f3 que realizar\u00e1 un riguroso seguimiento a la empresa, las gobernaciones y las alcald\u00edas de la Costa Caribe para garantizar \u201cel estricto cumplimiento de las acciones y actividades a adelantar para superar la crisis\u201d. De comprobarse alguna omisi\u00f3n, anunci\u00f3 el Ministerio P\u00fablico, \u201cadelantar\u00e1 las acciones disciplinarias correspondientes contra las autoridades responsables\u201d\u201d.<\/span><\/p>\n<p style=\"text-align: justify;\"><span style=\"font-family: Tahoma, Arial, Helvetica, sans-serif; font-size: 12pt; color: #808080;\">Queda demostrado que los organismos de control deben actuar con toda celeridad ante situaciones de este tipo, ya que ponen en riesgo el acceso a bienes y servicios de car\u00e1cter b\u00e1sico y la credibilidad institucional del pa\u00eds.<\/span><\/p>\n<p style=\"text-align: justify;\">\n<p>[\/vc_column_text][vc_empty_space][vc_column_text]<\/p>\n<p style=\"text-align: justify;\">\n<p style=\"text-align: justify;\"><span style=\"font-family: Tahoma, Arial, Helvetica, sans-serif; font-size: 12pt; color: #808080;\"><strong>Fuente:<\/strong><\/span><\/p>\n<p style=\"text-align: justify;\"><span style=\"font-family: Tahoma, Arial, Helvetica, sans-serif; font-size: 12pt; color: #808080;\"><span style=\"color: #0000ff;\"><a style=\"color: #0000ff;\" href=\"http:\/\/www.portafolio.co\/economia\/crisis-electricidad-electricaribe\">Conozca los compromisos que deber\u00eda adquirir Electricaribe<\/a><\/span> &#8211; Portafolio<\/span><\/p>\n<p style=\"text-align: justify;\"><span style=\"font-family: Tahoma, Arial, Helvetica, sans-serif; font-size: 12pt; color: #808080;\"><span style=\"color: #0000ff;\"><a style=\"color: #0000ff;\" href=\"http:\/\/www.larepublica.co\/los-cinco-elementos-para-superar-la-crisis-de-electricaribe_265881\">Los cinco elementos para superar la crisis de Electricaribe<\/a><\/span> &#8211; La Rep\u00fablica<\/span><\/p>\n<p style=\"text-align: justify;\"><span style=\"font-family: Tahoma, Arial, Helvetica, sans-serif; font-size: 12pt; color: #808080;\"><span style=\"color: #0000ff;\"><a style=\"color: #0000ff;\" href=\"http:\/\/www.eltiempo.com\/politica\/justicia\/procuraduria-anuncia-posibles-investigaciones-a-funcionarios-de-electricaribe\/15977690\">Por fallas en servicios,Procuradur\u00eda tiene en la mira a Electricaribe<\/a><\/span> &#8211; El Tiempo<\/span><\/p>\n<p style=\"text-align: justify;\">\n<p>[\/vc_column_text][\/vc_column][\/vc_row][vc_row][vc_column][\/vc_column][\/vc_row]<\/p>\n","protected":false},"excerpt":{"rendered":"<p>[vc_row][vc_column][vc_empty_space][vc_column_text] Por cuenta de la falta de inversi\u00f3n en la infraestructura el\u00e9ctrica se ha visto afectada la zona del caribe colombiano. All\u00ed, la poblaci\u00f3n no ha recibido de buena manera el pretendido aumento de tarifas del servicio p\u00fablico con el que se pretende poner al d\u00eda las construcciones que tanto necesita Electricaribe y el sector. [&hellip;]<\/p>\n","protected":false},"author":1,"featured_media":0,"comment_status":"closed","ping_status":"closed","sticky":false,"template":"","format":"standard","meta":{"_acf_changed":false,"_joinchat":[],"footnotes":""},"categories":[39],"tags":[],"class_list":["post-17613","post","type-post","status-publish","format-standard","hentry","category-new-technology","entry","owp-thumbs-layout-horizontal","owp-btn-normal","owp-tabs-layout-horizontal","has-no-thumbnails","has-product-nav"],"acf":[],"_links":{"self":[{"href":"https:\/\/www.cvn.com.co\/en\/wp-json\/wp\/v2\/posts\/17613","targetHints":{"allow":["GET"]}}],"collection":[{"href":"https:\/\/www.cvn.com.co\/en\/wp-json\/wp\/v2\/posts"}],"about":[{"href":"https:\/\/www.cvn.com.co\/en\/wp-json\/wp\/v2\/types\/post"}],"author":[{"embeddable":true,"href":"https:\/\/www.cvn.com.co\/en\/wp-json\/wp\/v2\/users\/1"}],"replies":[{"embeddable":true,"href":"https:\/\/www.cvn.com.co\/en\/wp-json\/wp\/v2\/comments?post=17613"}],"version-history":[{"count":0,"href":"https:\/\/www.cvn.com.co\/en\/wp-json\/wp\/v2\/posts\/17613\/revisions"}],"wp:attachment":[{"href":"https:\/\/www.cvn.com.co\/en\/wp-json\/wp\/v2\/media?parent=17613"}],"wp:term":[{"taxonomy":"category","embeddable":true,"href":"https:\/\/www.cvn.com.co\/en\/wp-json\/wp\/v2\/categories?post=17613"},{"taxonomy":"post_tag","embeddable":true,"href":"https:\/\/www.cvn.com.co\/en\/wp-json\/wp\/v2\/tags?post=17613"}],"curies":[{"name":"wp","href":"https:\/\/api.w.org\/{rel}","templated":true}]}}