{"id":17624,"date":"2015-07-02T15:20:46","date_gmt":"2015-07-02T15:20:46","guid":{"rendered":"https:\/\/www.cvn.com.co\/?p=15817"},"modified":"2015-07-02T15:20:46","modified_gmt":"2015-07-02T15:20:46","slug":"el-virus-del-ebola-vuelve-a-atacar","status":"publish","type":"post","link":"https:\/\/www.cvn.com.co\/en\/el-virus-del-ebola-vuelve-a-atacar\/","title":{"rendered":"El Virus del \u00c9bola vuelve a atacar"},"content":{"rendered":"<p>[vc_row][vc_column][vc_empty_space][vc_column_text]<\/p>\n<p style=\"text-align: justify;\">Despu\u00e9s de creerse erradicado en Liberia, al no haberse presentado casos de contagio desde el 9 de mayo, se ha detectado que tres personas han sido afectados por la enfermedad en la regi\u00f3n de Margibi County. Uno de ellos ya ha fallecido.<\/p>\n<p>[\/vc_column_text][vc_empty_space][dt_call_to_action background=&#8221;fancy&#8221; line=&#8221;true&#8221; style=&#8221;1&#8243; animation=&#8221;bounceInRight&#8221;]<span style=\"font-size: 12pt; color: #333333;\">[dt_gap height=&#8221;3&#8243;\/]\u00a0<\/span><\/p>\n<p class=\"p1\"><span class=\"s1\" style=\"font-size: 18pt; color: #1aa8b8;\"><\/span><\/p>\n<p><em>\u00a0<\/em> [\/dt_call_to_action][vc_empty_space][\/vc_column][\/vc_row][vc_row][vc_column][vc_column_text]<\/p>\n<p style=\"text-align: justify;\">\n<p style=\"text-align: justify;\"><span style=\"font-family: Tahoma, Arial, Helvetica, sans-serif; font-size: 12pt; color: #808080;\">Seg\u00fan explica El Mundo, \u201cSe trata de dos personas que estuvieron en contacto con el adolescente fallecido y que han dado positivo en las pruebas. Las autoridades del pa\u00eds est\u00e1n monitorizando a m\u00e1s de 100 personas que, de alguna manera, hayan podido tener contacto con los portadores, para intentar contener este nuevo brote\u201d.<\/span><\/p>\n<p style=\"text-align: justify;\"><span style=\"font-family: Tahoma, Arial, Helvetica, sans-serif; font-size: 12pt; color: #808080;\">\u201cAbraham Memaigar (el adolescente fallecido) fue diagnosticado err\u00f3neamente con Malaria. Fue enterrado el d\u00eda que muri\u00f3 y pruebas posteriores determinaron que ten\u00eda \u00c9bola. Se conoci\u00f3 que ninguna de las v\u00edctimas hab\u00eda viajado a Guinea, llevando a especulaciones en la comunidad m\u00e9dica sobre la existencia de aspectos desconocidos de la enfermedad o nuevas formas de transmisi\u00f3n\u201d, indica la agencia Reuters.<\/span><\/p>\n<p style=\"text-align: justify;\"><span style=\"font-family: Tahoma, Arial, Helvetica, sans-serif; font-size: 12pt; color: #808080;\">Las autoridades mundiales de la Salud deber\u00e1n aumentar sus esfuerzos por controlar las dos mayores enfermedades virales de los \u00faltimos a\u00f1os: El virus MEERS y el \u00c9bola. Es de destacar que los sistemas de salud latinoamericanos ser\u00edan muy vulnerables ante brotes de este tipo.<\/span><\/p>\n<p style=\"text-align: justify;\">\n<p>[\/vc_column_text][\/vc_column][\/vc_row][vc_row][vc_column][vc_empty_space][\/vc_column][\/vc_row][vc_row][vc_column][vc_column_text]<\/p>\n<p style=\"text-align: justify;\">\n<p style=\"text-align: justify;\"><span style=\"font-family: Tahoma, Arial, Helvetica, sans-serif; font-size: 12pt; color: #808080;\"><b>Fuente:<\/b><\/span><\/p>\n<p style=\"text-align: justify;\"><span style=\"font-family: Tahoma, Arial, Helvetica, sans-serif; font-size: 12pt; color: #808080;\"><span style=\"color: #0000ff;\"><a style=\"color: #0000ff;\" href=\"http:\/\/www.elmundo.es\/salud\/2015\/07\/01\/55942bf7268e3eac6d8b458b.html\">Nueva crisis de \u00e9bola en Liberia<\/a><\/span> &#8211; El Mundo<\/span><\/p>\n<p style=\"text-align: justify;\"><span style=\"font-family: Tahoma, Arial, Helvetica, sans-serif; font-size: 12pt; color: #808080;\"><span style=\"color: #0000ff;\"><a style=\"color: #0000ff;\" href=\"http:\/\/www.reuters.com\/article\/2015\/07\/02\/health-ebola-liberia-idUSL8N0ZI1WB20150702?feedType=RSS&amp;feedName=rbssHealthcareNews\">Liberia confirms third Ebola case in new outbreak<\/a><\/span> &#8211; Reuters. Traducci\u00f3n propia.<\/span><\/p>\n<p style=\"text-align: justify;\">\n<p>[\/vc_column_text][\/vc_column][\/vc_row][vc_row][vc_column][\/vc_column][\/vc_row]<\/p>\n","protected":false},"excerpt":{"rendered":"<p>[vc_row][vc_column][vc_empty_space][vc_column_text] Despu\u00e9s de creerse erradicado en Liberia, al no haberse presentado casos de contagio desde el 9 de mayo, se ha detectado que tres personas han sido afectados por la enfermedad en la regi\u00f3n de Margibi County. Uno de ellos ya ha fallecido. [\/vc_column_text][vc_empty_space][dt_call_to_action background=&#8221;fancy&#8221; line=&#8221;true&#8221; style=&#8221;1&#8243; animation=&#8221;bounceInRight&#8221;][dt_gap height=&#8221;3&#8243;\/]\u00a0 \u00a0 [\/dt_call_to_action][vc_empty_space][\/vc_column][\/vc_row][vc_row][vc_column][vc_column_text] Seg\u00fan explica El Mundo, [&hellip;]<\/p>\n","protected":false},"author":1,"featured_media":0,"comment_status":"closed","ping_status":"closed","sticky":false,"template":"","format":"standard","meta":{"_acf_changed":false,"_joinchat":[],"footnotes":""},"categories":[35],"tags":[],"class_list":["post-17624","post","type-post","status-publish","format-standard","hentry","category-new-healthcare","entry","owp-thumbs-layout-horizontal","owp-btn-normal","owp-tabs-layout-horizontal","has-no-thumbnails","has-product-nav"],"acf":[],"_links":{"self":[{"href":"https:\/\/www.cvn.com.co\/en\/wp-json\/wp\/v2\/posts\/17624","targetHints":{"allow":["GET"]}}],"collection":[{"href":"https:\/\/www.cvn.com.co\/en\/wp-json\/wp\/v2\/posts"}],"about":[{"href":"https:\/\/www.cvn.com.co\/en\/wp-json\/wp\/v2\/types\/post"}],"author":[{"embeddable":true,"href":"https:\/\/www.cvn.com.co\/en\/wp-json\/wp\/v2\/users\/1"}],"replies":[{"embeddable":true,"href":"https:\/\/www.cvn.com.co\/en\/wp-json\/wp\/v2\/comments?post=17624"}],"version-history":[{"count":0,"href":"https:\/\/www.cvn.com.co\/en\/wp-json\/wp\/v2\/posts\/17624\/revisions"}],"wp:attachment":[{"href":"https:\/\/www.cvn.com.co\/en\/wp-json\/wp\/v2\/media?parent=17624"}],"wp:term":[{"taxonomy":"category","embeddable":true,"href":"https:\/\/www.cvn.com.co\/en\/wp-json\/wp\/v2\/categories?post=17624"},{"taxonomy":"post_tag","embeddable":true,"href":"https:\/\/www.cvn.com.co\/en\/wp-json\/wp\/v2\/tags?post=17624"}],"curies":[{"name":"wp","href":"https:\/\/api.w.org\/{rel}","templated":true}]}}