{"id":17631,"date":"2015-07-07T15:10:57","date_gmt":"2015-07-07T15:10:57","guid":{"rendered":"https:\/\/www.cvn.com.co\/?p=16073"},"modified":"2015-07-07T15:10:57","modified_gmt":"2015-07-07T15:10:57","slug":"primera-aplicacion-de-muerte-asistida-en-colombia","status":"publish","type":"post","link":"https:\/\/www.cvn.com.co\/en\/primera-aplicacion-de-muerte-asistida-en-colombia\/","title":{"rendered":"Primera aplicaci\u00f3n de muerte asistida en Colombia"},"content":{"rendered":"<p>[vc_row][vc_column][vc_empty_space][vc_column_text]<\/p>\n<p style=\"text-align: justify;\">En varias regiones del mundo se est\u00e1 discutiendo qu\u00e9 hacer con la regulaci\u00f3n de los procedimientos de eutanasia o muerte asistida. Los avances m\u00e1s relevantes se han dado en Suiza, pero ahora Colombia ha avanzado no en el tema. No s\u00f3lo ha regulado los pasos a seguir cuando se solicite, si no que ha revertido por primera vez la respuesta negativa que se le di\u00f3 a un paciente frente a la aplicaci\u00f3n del procedimiento.<\/p>\n<p>[\/vc_column_text][vc_empty_space][dt_call_to_action background=&#8221;fancy&#8221; line=&#8221;true&#8221; style=&#8221;1&#8243; animation=&#8221;bounceInRight&#8221;]<span style=\"font-size: 12pt; color: #333333;\">[dt_gap height=&#8221;3&#8243;\/]\u00a0<\/span><\/p>\n<p class=\"p1\"><span class=\"s1\" style=\"font-size: 18pt; color: #1aa8b8;\"><\/span><\/p>\n<p><em>\u00a0<\/em> [\/dt_call_to_action][vc_empty_space][\/vc_column][\/vc_row][vc_row][vc_column][vc_column_text]<\/p>\n<p style=\"text-align: justify;\">\n<p style=\"text-align: justify;\">Se trata del caso de Ovidio Gonzalez, \u201cde 79 a\u00f1os y que padece un c\u00e1ncer terminal del rostro, tuvo el procedimiento cancelado el pasado 26 de junio, momentos antes de que fuera implementado. La Cl\u00ednica de Onc\u00f3logos de Occidente, la misma entidad que orden\u00f3 la cancelaci\u00f3n de la eutanasia, finalmente autoriz\u00f3 el procedimiento\u201d. Explica BBC Mundo.<\/p>\n<p style=\"text-align: justify;\">El Ministerio de Salud y Protecci\u00f3n Social ha declarado, a trav\u00e9s de un comunicado, \u201cque la aplicaci\u00f3n del procedimiento de muerte anticipada, en el marco de la Sentencia T-970 de 2014 de la Corte Constitucional, est\u00e1 debidamente reglamentado en el pa\u00eds a trav\u00e9s de la Resoluci\u00f3n 1216 del 20 de abril de 2015, y establece la aplicaci\u00f3n de un proceso detallado que debe cumplirse por quienes tienen la obligaci\u00f3n de participar en el mismo\u201d.<\/p>\n<p style=\"text-align: justify;\">El onc\u00f3logo que suspendi\u00f3 el tratamiento ha dicho a BBC Mundo que \u201cla suspensi\u00f3n fue hecha por un comit\u00e9 del que \u00e9l form\u00f3 parte. El acta de la reuni\u00f3n donde se decidi\u00f3 la suspensi\u00f3n est\u00e1 firmada por otras tres personas\u201d.<\/p>\n<p style=\"text-align: justify;\">En otro apartado del comunicado, \u201cEl Ministerio hace un llamado a las IPS facultadas para aplicar el procedimiento de muerte anticipada, para que informen de manera suficiente y oportuna sobre las alternativas terap\u00e9uticas acordes con la fase de evoluci\u00f3n de enfermedad en que se encuentra el paciente, incluyendo los cuidados paliativos. Si la solicitud del paciente persiste, la IPS debe seguir todos los pasos contemplados en la Resoluci\u00f3n 1216 de 2015\u201d.<\/p>\n<p style=\"text-align: justify;\">Finalmente la familia Gonz\u00e1lez pudo hacer valer su petici\u00f3n el 3 de julio a las 9:32 de la ma\u00f1ana, de acuerdo con el Espectador.<\/p>\n<p style=\"text-align: justify;\">As\u00ed mismo, en California se est\u00e1 estudiando un proyecto de ley para la muerte asistida. En declaraciones recogidas por Reuters, el Senador ponente del proyecto ha dicho \u201cContinuaremos trabajando con los miembros del Comit\u00e9 para asegurarnos de que cuando el proyecto sea presentado, est\u00e9n c\u00f3modos con las medidas\u201d.<\/p>\n<p style=\"text-align: justify;\">\n<p>[\/vc_column_text][\/vc_column][\/vc_row][vc_row][vc_column][vc_empty_space][\/vc_column][\/vc_row][vc_row][vc_column][vc_column_text]<\/p>\n<p style=\"text-align: justify;\">\n<p style=\"text-align: justify;\"><b>Fuente:<\/b><\/p>\n<p style=\"text-align: justify;\"><a href=\"http:\/\/www.elespectador.com\/noticias\/salud\/ovidio-gonzalez-ya-fue-sometido-primera-eutanasia-legal-articulo-570008\">Ovidio Gonz\u00e1lez ya fue sometido a la primera eutanasia legal en Colombia<\/a> &#8211; El Espectador<\/p>\n<p style=\"text-align: justify;\"><a href=\"http:\/\/www.minsalud.gov.co\/Paginas\/MinSalud-insta-a-practicar-procedimiento-de-muerte-anticipada-con-alto-sentido-humanitario.aspx\">MinSalud insta a practicar procedimiento de muerte anticipada con alto sentido humanitario<\/a> &#8211; Ministerio de Salud y Protecci\u00f3n Social<\/p>\n<p style=\"text-align: justify;\"><a href=\"http:\/\/www.bbc.com\/mundo\/noticias\/2015\/07\/150703_colombia_eutanasia_ovidio_gonzalez_aprobacion_wbm\">Colombia finalmente aprueba primera eutanasia a paciente con c\u00e1ncer terminal<\/a> &#8211; BBC Mundo<\/p>\n<p style=\"text-align: justify;\"><a href=\"http:\/\/www.reuters.com\/article\/2015\/07\/07\/usa-california-suicide-idUSL1N0ZN1US20150707?feedType=RSS&amp;feedName=rbssHealthcareNews\">California assisted suicide bill stalls before committee<\/a> &#8211; Reuters<\/p>\n<p style=\"text-align: justify;\">\n<p>[\/vc_column_text][\/vc_column][\/vc_row][vc_row][vc_column][\/vc_column][\/vc_row]<\/p>\n","protected":false},"excerpt":{"rendered":"<p>[vc_row][vc_column][vc_empty_space][vc_column_text] En varias regiones del mundo se est\u00e1 discutiendo qu\u00e9 hacer con la regulaci\u00f3n de los procedimientos de eutanasia o muerte asistida. Los avances m\u00e1s relevantes se han dado en Suiza, pero ahora Colombia ha avanzado no en el tema. No s\u00f3lo ha regulado los pasos a seguir cuando se solicite, si no que ha [&hellip;]<\/p>\n","protected":false},"author":1,"featured_media":0,"comment_status":"closed","ping_status":"closed","sticky":false,"template":"","format":"standard","meta":{"_acf_changed":false,"_joinchat":[],"footnotes":""},"categories":[35],"tags":[],"class_list":["post-17631","post","type-post","status-publish","format-standard","hentry","category-new-healthcare","entry","owp-thumbs-layout-horizontal","owp-btn-normal","owp-tabs-layout-horizontal","has-no-thumbnails","has-product-nav"],"acf":[],"_links":{"self":[{"href":"https:\/\/www.cvn.com.co\/en\/wp-json\/wp\/v2\/posts\/17631","targetHints":{"allow":["GET"]}}],"collection":[{"href":"https:\/\/www.cvn.com.co\/en\/wp-json\/wp\/v2\/posts"}],"about":[{"href":"https:\/\/www.cvn.com.co\/en\/wp-json\/wp\/v2\/types\/post"}],"author":[{"embeddable":true,"href":"https:\/\/www.cvn.com.co\/en\/wp-json\/wp\/v2\/users\/1"}],"replies":[{"embeddable":true,"href":"https:\/\/www.cvn.com.co\/en\/wp-json\/wp\/v2\/comments?post=17631"}],"version-history":[{"count":0,"href":"https:\/\/www.cvn.com.co\/en\/wp-json\/wp\/v2\/posts\/17631\/revisions"}],"wp:attachment":[{"href":"https:\/\/www.cvn.com.co\/en\/wp-json\/wp\/v2\/media?parent=17631"}],"wp:term":[{"taxonomy":"category","embeddable":true,"href":"https:\/\/www.cvn.com.co\/en\/wp-json\/wp\/v2\/categories?post=17631"},{"taxonomy":"post_tag","embeddable":true,"href":"https:\/\/www.cvn.com.co\/en\/wp-json\/wp\/v2\/tags?post=17631"}],"curies":[{"name":"wp","href":"https:\/\/api.w.org\/{rel}","templated":true}]}}