{"id":17632,"date":"2015-07-07T15:17:11","date_gmt":"2015-07-07T15:17:11","guid":{"rendered":"https:\/\/www.cvn.com.co\/?p=16077"},"modified":"2015-07-07T15:17:11","modified_gmt":"2015-07-07T15:17:11","slug":"caidas-en-las-ventas-de-vehiculos-en-colombia","status":"publish","type":"post","link":"https:\/\/www.cvn.com.co\/en\/caidas-en-las-ventas-de-vehiculos-en-colombia\/","title":{"rendered":"Ca\u00eddas en las ventas de veh\u00edculos en Colombia"},"content":{"rendered":"<p>[vc_row][vc_column][vc_empty_space][vc_column_text]<\/p>\n<p style=\"text-align: justify;\">Nuevamente, el sector automotor ha registrado cifras menores a las presentadas en 2014.<\/p>\n<p>[\/vc_column_text][vc_empty_space][dt_call_to_action background=&#8221;fancy&#8221; line=&#8221;true&#8221; style=&#8221;1&#8243; animation=&#8221;bounceInRight&#8221;]<span style=\"font-size: 12pt; color: #333333;\">[dt_gap height=&#8221;3&#8243;\/]\u00a0<\/span><\/p>\n<p class=\"p1\"><span class=\"s1\" style=\"font-size: 18pt; color: #1aa8b8;\"><\/span><\/p>\n<p><em>\u00a0<\/em> [\/dt_call_to_action][vc_empty_space][\/vc_column][\/vc_row][vc_row][vc_column][vc_column_text]<\/p>\n<p style=\"text-align: justify;\">\n<p style=\"text-align: justify;\">Gerentes de las compa\u00f1\u00edas han citado como la principal causa la Tasa de Cambio, la cual ha obligado a las empresas ha realizar reestructuraciones y a reducir oferta en algunos segmentos.<\/p>\n<p style=\"text-align: justify;\"><strong><strong>\u00a0<\/strong><\/strong><\/p>\n<p style=\"text-align: justify;\">La Rep\u00fablica explica que \u201cdurante el sexto mes del a\u00f1o las matr\u00edculas de veh\u00edculos nuevos cayeron 2,2% frente al mismo mes de 2014, tras registrar 22.472 unidades vendidas\u201d.<\/p>\n<p style=\"text-align: justify;\"><strong><strong>\u00a0<\/strong><\/strong><\/p>\n<p style=\"text-align: justify;\">El comit\u00e9 automotor, por medio de un comunicado, explica \u201cque los empresarios del sector han declarado que la venta de automotores este a\u00f1o rondar\u00e1 las 290.000 unidades\u201d.<\/p>\n<p style=\"text-align: justify;\">.<\/p>\n<p>[\/vc_column_text][\/vc_column][\/vc_row][vc_row][vc_column][vc_empty_space][\/vc_column][\/vc_row][vc_row][vc_column][vc_column_text]<\/p>\n<p><b>Fuente:<\/b><\/p>\n<p><a href=\"http:\/\/www.larepublica.co\/ventas-de-veh%C3%ADculos-nuevos-en-el-mes-de-junio-cayeron-22-seg%C3%BAn-comit%C3%A9-automotor_272581\">Ventas de veh\u00edculos nuevos en el mes de junio cayeron 2,2%, seg\u00fan Comit\u00e9 Automotor<\/a> &#8211; La Rep\u00fablica<\/p>\n<p><a href=\"http:\/\/www.andi.com.co\/Paginas\/Ver_Mas.aspx?CustomID=646\">Informe del sector automotor<\/a> &#8211; ANDI<\/p>\n<p>[\/vc_column_text][\/vc_column][\/vc_row][vc_row][vc_column][\/vc_column][\/vc_row]<\/p>\n","protected":false},"excerpt":{"rendered":"<p>[vc_row][vc_column][vc_empty_space][vc_column_text] Nuevamente, el sector automotor ha registrado cifras menores a las presentadas en 2014. [\/vc_column_text][vc_empty_space][dt_call_to_action background=&#8221;fancy&#8221; line=&#8221;true&#8221; style=&#8221;1&#8243; animation=&#8221;bounceInRight&#8221;][dt_gap height=&#8221;3&#8243;\/]\u00a0 \u00a0 [\/dt_call_to_action][vc_empty_space][\/vc_column][\/vc_row][vc_row][vc_column][vc_column_text] Gerentes de las compa\u00f1\u00edas han citado como la principal causa la Tasa de Cambio, la cual ha obligado a las empresas ha realizar reestructuraciones y a reducir oferta en algunos segmentos. \u00a0 La [&hellip;]<\/p>\n","protected":false},"author":1,"featured_media":0,"comment_status":"closed","ping_status":"closed","sticky":false,"template":"","format":"standard","meta":{"_acf_changed":false,"_joinchat":[],"footnotes":""},"categories":[37],"tags":[],"class_list":["post-17632","post","type-post","status-publish","format-standard","hentry","category-new_automotive","entry","owp-thumbs-layout-horizontal","owp-btn-normal","owp-tabs-layout-horizontal","has-no-thumbnails","has-product-nav"],"acf":[],"_links":{"self":[{"href":"https:\/\/www.cvn.com.co\/en\/wp-json\/wp\/v2\/posts\/17632","targetHints":{"allow":["GET"]}}],"collection":[{"href":"https:\/\/www.cvn.com.co\/en\/wp-json\/wp\/v2\/posts"}],"about":[{"href":"https:\/\/www.cvn.com.co\/en\/wp-json\/wp\/v2\/types\/post"}],"author":[{"embeddable":true,"href":"https:\/\/www.cvn.com.co\/en\/wp-json\/wp\/v2\/users\/1"}],"replies":[{"embeddable":true,"href":"https:\/\/www.cvn.com.co\/en\/wp-json\/wp\/v2\/comments?post=17632"}],"version-history":[{"count":0,"href":"https:\/\/www.cvn.com.co\/en\/wp-json\/wp\/v2\/posts\/17632\/revisions"}],"wp:attachment":[{"href":"https:\/\/www.cvn.com.co\/en\/wp-json\/wp\/v2\/media?parent=17632"}],"wp:term":[{"taxonomy":"category","embeddable":true,"href":"https:\/\/www.cvn.com.co\/en\/wp-json\/wp\/v2\/categories?post=17632"},{"taxonomy":"post_tag","embeddable":true,"href":"https:\/\/www.cvn.com.co\/en\/wp-json\/wp\/v2\/tags?post=17632"}],"curies":[{"name":"wp","href":"https:\/\/api.w.org\/{rel}","templated":true}]}}