{"id":17634,"date":"2015-07-10T15:03:50","date_gmt":"2015-07-10T15:03:50","guid":{"rendered":"https:\/\/www.cvn.com.co\/?p=16099"},"modified":"2015-07-10T15:03:50","modified_gmt":"2015-07-10T15:03:50","slug":"contraloria-general-ahora-le-pondra-lupa-al-caso-electricaribe","status":"publish","type":"post","link":"https:\/\/www.cvn.com.co\/en\/contraloria-general-ahora-le-pondra-lupa-al-caso-electricaribe\/","title":{"rendered":"Contralor\u00eda General ahora le pondr\u00e1 lupa al caso Electricaribe"},"content":{"rendered":"<p>[vc_row][vc_column][vc_empty_space][vc_column_text]<\/p>\n<p style=\"text-align: justify;\">Dadas las fallas en la prestaci\u00f3n del servicio de energ\u00eda electrica en el caribe colombiano, la Contralor\u00eda General ha decidido tomar cartas en el asunto, para lo cual empezar\u00e1 dos investigaciones.<\/p>\n<p>[\/vc_column_text][vc_empty_space][dt_call_to_action background=&#8221;fancy&#8221; line=&#8221;true&#8221; style=&#8221;1&#8243; animation=&#8221;bounceInRight&#8221;]<span style=\"font-size: 12pt; color: #333333;\">[dt_gap height=&#8221;3&#8243;\/]\u00a0<\/span><\/p>\n<p class=\"p1\"><span class=\"s1\" style=\"font-size: 18pt; color: #1aa8b8;\"><\/span><\/p>\n<p><em>\u00a0<\/em> [\/dt_call_to_action][vc_empty_space][\/vc_column][\/vc_row][vc_row][vc_column][vc_column_text]<\/p>\n<p style=\"text-align: justify;\">\n<p style=\"text-align: justify;\">&#8220;Vamos a mirar este tema, dentro del marco de implementaci\u00f3n de la pol\u00edtica p\u00fablica de los Fondos de Apoyo del sector el\u00e9ctrico, a fin de determinar si las obras est\u00e1n o no en puesta productiva&#8221;, explic\u00f3 el Contralor General de la Rep\u00fablica, Edgardo Maya Villaz\u00f3n en un comunicado de la entidad.<\/p>\n<p style=\"text-align: justify;\">En el art\u00edculo de El Tiempo, se define la naturaleza que tendr\u00e1n dichas actuaciones especiales: \u201cLa primera se ejecutar\u00e1 en Electricaribe y los fondos Programa de Normalizaci\u00f3n de Redes El\u00e9ctricas (Prone) y Fondo de Apoyo Financiero para la Energizaci\u00f3n de las Zonas Rurales Interconectadas (Faer). Y la Segunda se har\u00e1 al Ministerio de Minas, espec\u00edficamente al Fondo de Energ\u00eda Social (FOES), centr\u00e1ndose en los recursos destinados a Electricaribe\u201d.<\/p>\n<p style=\"text-align: justify;\">Con el fin de realizar los an\u00e1lisis necesarios en ambas actuaciones, se ha pedido al Ministerio de Minas \u201cinformaci\u00f3n detallada que incluye una relaci\u00f3n con fecha, n\u00famero y cuant\u00eda, as\u00ed como una copia de las actas de adjudicaci\u00f3n de los recursos del Prone y del Faer\u201d Adem\u00e1s, \u201cCon respecto al Fondo de Energ\u00eda Social (FOES), la Contralor\u00eda auditar\u00e1 las conciliaciones con vigencia trimestral y las validaciones efectuadas por el Ministerio de Minas y Energ\u00eda a Electricaribe, para los a\u00f1os anteriores, de acuerdo con la informaci\u00f3n que esta empresa reporta al Fondo de Solidaridad y redistribuci\u00f3n del ingreso que administra el mismo Minminas\u201d, de acuerdo al comunicado de la entidad.<\/p>\n<p style=\"text-align: justify;\">De dichas investigaciones se espera generar un precedente de eficiencia institucional, con el que se demuestre que los usuarios no est\u00e1n desamparados y que el Estado Colombiano est\u00e1 en capacidad de resolver asuntos concernientes a servicios b\u00e1sicos. Seguramente el Estado Colombiano est\u00e1 buscando mejorar su imagen, en la parte de buen gobierno para avanzar m\u00e1s en el proceso de entrada a la OCDE.<\/p>\n<p style=\"text-align: justify;\">\n<p>[\/vc_column_text][\/vc_column][\/vc_row][vc_row][vc_column][vc_empty_space][\/vc_column][\/vc_row][vc_row][vc_column][vc_column_text]<\/p>\n<p style=\"text-align: justify;\">\n<p style=\"text-align: justify;\"><b>Fuente:<\/b><\/p>\n<p style=\"text-align: justify;\"><a href=\"http:\/\/www.eltiempo.com\/colombia\/barranquilla\/electricaribe-sera-investigada-por-la-contraloria\/16068676\">Electricaribe en la Costa, en la mira de la Contralor\u00eda<\/a> &#8211; El Tiempo<\/p>\n<p style=\"text-align: justify;\"><a href=\"http:\/\/www.contraloria.gov.co\/web\/guest\/boletinprensa\/-\/asset_publisher\/mQ19\/content\/la-contraloria-general-de-la-republica-inicia-2-actuaciones-especiales-a-electricaribe?redirect=http%3A%2F%2Fwww.contraloria.gov.co%2Fweb%2Fguest%2Fboletinprensa%3Fp_p_id%3D101_INSTANCE_mQ19%26p_p_lifecycle%3D0%26p_p_state%3Dnormal%26p_p_mode%3Dview%26p_p_col_id%3Dcolumn-2%26p_p_col_pos%3D2%26p_p_col_count%3D3\">La Contralor\u00eda General de la Rep\u00fablica inicia 2 Actuaciones Especiales a Electricaribe<\/a> &#8211; Comunicado Contralor\u00eda General de la Naci\u00f3n.<\/p>\n<p style=\"text-align: justify;\">\n<p>[\/vc_column_text][\/vc_column][\/vc_row][vc_row][vc_column][vc_empty_space][\/vc_column][\/vc_row][vc_row][vc_column][dt_call_to_action background=&#8221;fancy&#8221; line=&#8221;true&#8221; style=&#8221;1&#8243; animation=&#8221;bounce&#8221;]<strong><span style=\"color: #33cccc;\">\u00a1QUEREMOS SABER TUS OPINIONES, COMENTA ABAJO!<\/span><\/strong>[\/dt_call_to_action][\/vc_column][\/vc_row][vc_row][vc_column][\/vc_column][\/vc_row]<\/p>\n","protected":false},"excerpt":{"rendered":"<p>[vc_row][vc_column][vc_empty_space][vc_column_text] Dadas las fallas en la prestaci\u00f3n del servicio de energ\u00eda electrica en el caribe colombiano, la Contralor\u00eda General ha decidido tomar cartas en el asunto, para lo cual empezar\u00e1 dos investigaciones. [\/vc_column_text][vc_empty_space][dt_call_to_action background=&#8221;fancy&#8221; line=&#8221;true&#8221; style=&#8221;1&#8243; animation=&#8221;bounceInRight&#8221;][dt_gap height=&#8221;3&#8243;\/]\u00a0 \u00a0 [\/dt_call_to_action][vc_empty_space][\/vc_column][\/vc_row][vc_row][vc_column][vc_column_text] &#8220;Vamos a mirar este tema, dentro del marco de implementaci\u00f3n de la pol\u00edtica p\u00fablica de [&hellip;]<\/p>\n","protected":false},"author":1,"featured_media":0,"comment_status":"closed","ping_status":"closed","sticky":false,"template":"","format":"standard","meta":{"_acf_changed":false,"_joinchat":[],"footnotes":""},"categories":[39],"tags":[],"class_list":["post-17634","post","type-post","status-publish","format-standard","hentry","category-new-technology","entry","owp-thumbs-layout-horizontal","owp-btn-normal","owp-tabs-layout-horizontal","has-no-thumbnails","has-product-nav"],"acf":[],"_links":{"self":[{"href":"https:\/\/www.cvn.com.co\/en\/wp-json\/wp\/v2\/posts\/17634","targetHints":{"allow":["GET"]}}],"collection":[{"href":"https:\/\/www.cvn.com.co\/en\/wp-json\/wp\/v2\/posts"}],"about":[{"href":"https:\/\/www.cvn.com.co\/en\/wp-json\/wp\/v2\/types\/post"}],"author":[{"embeddable":true,"href":"https:\/\/www.cvn.com.co\/en\/wp-json\/wp\/v2\/users\/1"}],"replies":[{"embeddable":true,"href":"https:\/\/www.cvn.com.co\/en\/wp-json\/wp\/v2\/comments?post=17634"}],"version-history":[{"count":0,"href":"https:\/\/www.cvn.com.co\/en\/wp-json\/wp\/v2\/posts\/17634\/revisions"}],"wp:attachment":[{"href":"https:\/\/www.cvn.com.co\/en\/wp-json\/wp\/v2\/media?parent=17634"}],"wp:term":[{"taxonomy":"category","embeddable":true,"href":"https:\/\/www.cvn.com.co\/en\/wp-json\/wp\/v2\/categories?post=17634"},{"taxonomy":"post_tag","embeddable":true,"href":"https:\/\/www.cvn.com.co\/en\/wp-json\/wp\/v2\/tags?post=17634"}],"curies":[{"name":"wp","href":"https:\/\/api.w.org\/{rel}","templated":true}]}}