{"id":17641,"date":"2015-07-15T20:36:11","date_gmt":"2015-07-15T20:36:11","guid":{"rendered":"https:\/\/www.cvn.com.co\/?p=16166"},"modified":"2015-07-15T20:36:11","modified_gmt":"2015-07-15T20:36:11","slug":"aumenta-la-incertidumbre-con-el-proceso-isagen","status":"publish","type":"post","link":"https:\/\/www.cvn.com.co\/en\/aumenta-la-incertidumbre-con-el-proceso-isagen\/","title":{"rendered":"Aumenta la incertidumbre con el proceso Isag\u00e9n"},"content":{"rendered":"<p>[vc_row][vc_column][vc_empty_space][vc_column_text]<\/p>\n<p style=\"text-align: justify;\">Muchas voces se han escuchado con opiniones a favor y en contra de la venta del 57.61% de acciones de Isag\u00e9n que hoy est\u00e1n en manos del Estado. Despu\u00e9s de tumultosos an\u00e1lisis de factibilidad, se emiti\u00f3 un decreto que autorizaba su venta, con el fin de conseguir recursos con los cuales financiar los planes de infraestructura que tiene el Gobierno (Autopistas 4G y otras obras estructurales). Los detractores demandaron el decreto por considerarlo inconstitucional, al \u201cdestruir el patrimonio de los colombianos\u201d.<\/p>\n<p>[\/vc_column_text][vc_empty_space][dt_call_to_action background=&#8221;fancy&#8221; line=&#8221;true&#8221; style=&#8221;1&#8243; animation=&#8221;bounceInRight&#8221;]<span style=\"font-size: 12pt; color: #333333;\">[dt_gap height=&#8221;3&#8243;\/]\u00a0<\/span><\/p>\n<p class=\"p1\"><span class=\"s1\" style=\"font-size: 18pt; color: #1aa8b8;\"><\/span><\/p>\n<p><em>\u00a0<\/em> [\/dt_call_to_action][vc_empty_space][\/vc_column][\/vc_row][vc_row][vc_column][vc_column_text]<\/p>\n<p style=\"text-align: justify;\">\n<p style=\"text-align: justify;\">En audiencia del Consejo de Estado rese\u00f1ada por La Rep\u00fablica, \u201cla sensaci\u00f3n que qued\u00f3 en los asistentes, incluidos los demandantes, es que el proceso va para largo y en palabras de algunos de los abogados posiblemente no termine este a\u00f1o. Por el momento, la sala declar\u00f3 que hasta el pr\u00f3ximo 3 de agosto se realizar\u00e1n la recolecci\u00f3n de pruebas adicionales y el an\u00e1lisis de estas, pero seg\u00fan fuentes cercanas al proceso es improbable que ese d\u00eda se realice el fallo\u201d, adicionalmente \u201cUno de los abogados demandantes, Jos\u00e9 Roberto Acosta, explic\u00f3 que al tener que incluirse la \u00faltima demanda presentada, la decisi\u00f3n de venta tomar\u00e1 m\u00e1s tiempo. La directora de la Agencia Jur\u00eddica del Estado, Adriana Guill\u00e9n, asegur\u00f3 ante el Consejo de Estado que las demandas que se presentaron para frenar la venta de Isagen no deben prosperar pues -dice- son improcedentes\u201d.<\/p>\n<p style=\"text-align: justify;\">\u201cThomas Keller, gerente general del grupo chileno Colb\u00fan, uno de los posibles compradores, expres\u00f3 que mantiene su inter\u00e9s, pero que \u201cla capacidad de uno de seguir prestando atenci\u00f3n a un proceso determinado tiene sus l\u00edmites&#8221;. Agreg\u00f3 que la meta de Colb\u00fan es internacionalizar la operaci\u00f3n, pero que Colombia, aunque sigue siendo una opci\u00f3n interesante para la firma chilena, no es la \u00fanica\u201d, esclarece El Tiempo en su art\u00edculo.<\/p>\n<p style=\"text-align: justify;\">Por si fuera poco, se ha sometido a \u201crevisi\u00f3n de la tutela interpuesta por Isagen contra la decisi\u00f3n de un tribunal de arbitramiento que oblig\u00f3 a la estatal a pagarle a Consorcio La Miel una suma de $41.602 millones y US$11,4 millones. Dicho proceso que lleva m\u00e1s de 20 a\u00f1os inici\u00f3 por la construcci\u00f3n de la Fase I de la Hidroel\u00e9ctrica La Miel en Caldas. Con ello se vuelve a abrir el debate sobre si \u00a0la Agencia Nacional de Defensa Jur\u00eddica del Estado al continuar el proceso que ya ten\u00eda un fallo deja o no un precedente de percepci\u00f3n de inseguridad jur\u00eddica para los inversionistas que est\u00e9n interesados en contratar con el Estado\u201d.<\/p>\n<p style=\"text-align: justify;\">Todo lo anterior podr\u00eda minar los esfuerzos que ha hecho el Estado por mejorar su imagen ante la comunidad internacional, creando estigmas de ineficiencia en la administraci\u00f3n de justicia y dudas a los inversionistas respecto a las reglas de juego. En momentos de debilidad en la econom\u00eda por cuenta de los precios del petr\u00f3leo, es de vital importancia que el pa\u00eds intente mantener otras fuentes de ingreso como la Inversi\u00f3n Extranjera Directa.<\/p>\n<p style=\"text-align: justify;\">\n<p>[\/vc_column_text][\/vc_column][\/vc_row][vc_row][vc_column][vc_empty_space][\/vc_column][\/vc_row][vc_row][vc_column][vc_column_text]<\/p>\n<p><b>Fuente:<\/b><\/p>\n<p><a href=\"http:\/\/www.eltiempo.com\/economia\/sectores\/venta-de-isagen-audiencia-en-consejo-de-estado\/16066735\">&#8216;Espera por Isag\u00e9n tiene sus l\u00edmites&#8217;<\/a> &#8211; El Tiempo<\/p>\n<p><a href=\"http:\/\/www.larepublica.co\/el-fallo-sobre-la-venta-de-isagen-se-demorar%C3%ADa-meses_274741\">El fallo sobre la venta de Isagen se demorar\u00eda meses<\/a> &#8211; La Rep\u00fablica<\/p>\n<p><a href=\"http:\/\/www.larepublica.co\/caso-isagen-crea-debate-sobre-seguridad-jur%C3%ADdica_276931\">Caso Isagen crea debate sobre seguridad jur\u00eddica<\/a> &#8211; La Rep\u00fablica<\/p>\n<p>[\/vc_column_text][\/vc_column][\/vc_row][vc_row][vc_column][\/vc_column][\/vc_row]<\/p>\n","protected":false},"excerpt":{"rendered":"<p>[vc_row][vc_column][vc_empty_space][vc_column_text] Muchas voces se han escuchado con opiniones a favor y en contra de la venta del 57.61% de acciones de Isag\u00e9n que hoy est\u00e1n en manos del Estado. Despu\u00e9s de tumultosos an\u00e1lisis de factibilidad, se emiti\u00f3 un decreto que autorizaba su venta, con el fin de conseguir recursos con los cuales financiar los planes [&hellip;]<\/p>\n","protected":false},"author":1,"featured_media":0,"comment_status":"closed","ping_status":"closed","sticky":false,"template":"","format":"standard","meta":{"_acf_changed":false,"_joinchat":[],"footnotes":""},"categories":[39],"tags":[],"class_list":["post-17641","post","type-post","status-publish","format-standard","hentry","category-new-technology","entry","owp-thumbs-layout-horizontal","owp-btn-normal","owp-tabs-layout-horizontal","has-no-thumbnails","has-product-nav"],"acf":[],"_links":{"self":[{"href":"https:\/\/www.cvn.com.co\/en\/wp-json\/wp\/v2\/posts\/17641","targetHints":{"allow":["GET"]}}],"collection":[{"href":"https:\/\/www.cvn.com.co\/en\/wp-json\/wp\/v2\/posts"}],"about":[{"href":"https:\/\/www.cvn.com.co\/en\/wp-json\/wp\/v2\/types\/post"}],"author":[{"embeddable":true,"href":"https:\/\/www.cvn.com.co\/en\/wp-json\/wp\/v2\/users\/1"}],"replies":[{"embeddable":true,"href":"https:\/\/www.cvn.com.co\/en\/wp-json\/wp\/v2\/comments?post=17641"}],"version-history":[{"count":0,"href":"https:\/\/www.cvn.com.co\/en\/wp-json\/wp\/v2\/posts\/17641\/revisions"}],"wp:attachment":[{"href":"https:\/\/www.cvn.com.co\/en\/wp-json\/wp\/v2\/media?parent=17641"}],"wp:term":[{"taxonomy":"category","embeddable":true,"href":"https:\/\/www.cvn.com.co\/en\/wp-json\/wp\/v2\/categories?post=17641"},{"taxonomy":"post_tag","embeddable":true,"href":"https:\/\/www.cvn.com.co\/en\/wp-json\/wp\/v2\/tags?post=17641"}],"curies":[{"name":"wp","href":"https:\/\/api.w.org\/{rel}","templated":true}]}}