{"id":17647,"date":"2015-08-24T09:40:42","date_gmt":"2015-08-24T09:40:42","guid":{"rendered":"https:\/\/www.cvn.com.co\/?p=16719"},"modified":"2015-08-24T09:40:42","modified_gmt":"2015-08-24T09:40:42","slug":"daimler-quiere-alianzas-con-los-dos-gigantes-informaticos","status":"publish","type":"post","link":"https:\/\/www.cvn.com.co\/en\/daimler-quiere-alianzas-con-los-dos-gigantes-informaticos\/","title":{"rendered":"Daimler quiere alianzas con los dos gigantes inform\u00e1ticos"},"content":{"rendered":"<p>[vc_row][vc_column][vc_empty_space][vc_column_text]<\/p>\n<p style=\"text-align: justify;\">Siguiendo el auge de los desarrollos para la industria automotriz, la cual se est\u00e1 volcando hacia los productos \u201cinteligentes\u201d, las grandes compa\u00f1\u00edas automotrices est\u00e1n buscando crear sinergias con quienes creen el software para los veh\u00edculos.<\/p>\n<p>[\/vc_column_text][vc_empty_space][dt_call_to_action background=&#8221;fancy&#8221; line=&#8221;true&#8221; style=&#8221;1&#8243; animation=&#8221;bounceInRight&#8221;]<span style=\"font-size: 12pt; color: #333333;\">[dt_gap height=&#8221;3&#8243;\/]\u00a0<\/span><\/p>\n<p class=\"p1\"><span class=\"s1\" style=\"font-size: 18pt; color: #1aa8b8;\"><\/span><\/p>\n<p><em>\u00a0<\/em> [\/dt_call_to_action][vc_empty_space][\/vc_column][\/vc_row][vc_row][vc_column][vc_column_text]<\/p>\n<p style=\"text-align: justify;\">\n<p style=\"text-align: justify;\">En una entrevista realizada a la revista Deutsche Unternehmerboerse, el CEO de la automotriz dijo, &#8220;Google y Apple quieren proporcionar software del sistema para los coches y traer todo este ecosistema alrededor de Apple y Google en el veh\u00edculo (\u2026) eso puede ser interesante para ambas partes&#8221;, rese\u00f1a el portal Terra.com.<\/p>\n<p style=\"text-align: justify;\">El portal CNET explic\u00f3 que, \u201cApple y Google, cada una por su parte, desarrolla una plataforma dedicada a los centros de control en los autos de terceros para colocar ah\u00ed sus interfaces m\u00f3viles. Apple tiene CarPlay y Google tiene Android Auto, ambas ya disponibles pero solo para un pu\u00f1ado de autom\u00f3viles\u201d.<\/p>\n<p style=\"text-align: justify;\">\u201cLa relaci\u00f3n entre Daimler, Apple y Google ser\u00eda beneficiosa para los involucrados, aunque la fabricante ha rechazado la posibilidad de ser solo una proveedora de autopartes. &#8220;No queremos ser contratistas que no tienen contacto directo con los consumidores y solo dan las autopartes para terceros&#8221;, dijo el CEO de Daimler\u201d.<\/p>\n<p style=\"text-align: justify;\">\n<p>[\/vc_column_text][\/vc_column][\/vc_row][vc_row][vc_column][vc_empty_space][\/vc_column][\/vc_row][vc_row][vc_column][vc_column_text]<\/p>\n<p style=\"text-align: justify;\">\n<p style=\"text-align: justify;\"><b>Fuente:<\/b><\/p>\n<p style=\"text-align: justify;\"><a href=\"http:\/\/www.cnet.com\/es\/noticias\/daimler-abre-puerta-a-colaboracion-automotriz-con-apple-google\/\"><span style=\"font-weight: 400;\">\u200bDaimler AG, &#8216;abierta&#8217; a colaboraci\u00f3n automotriz con Apple, Google<\/span><\/a><span style=\"font-weight: 400;\"> &#8211; C Net.<\/span><\/p>\n<p style=\"text-align: justify;\"><a href=\"http:\/\/economia.terra.com.mx\/daimler-analiza-alianza-con-google-y-apple-para-crear-autos,c34d95e8c48e9c90157f5fa75344c9104wypRCRD.html\"><span style=\"font-weight: 400;\">(DAIMLER) ANALIZA ALIANZA CON GOOGLE Y APPLE PARA CREAR AUTOS<\/span><\/a><span style=\"font-weight: 400;\"> &#8211; Terra<\/span><\/p>\n<p style=\"text-align: justify;\">\n<p>[\/vc_column_text][\/vc_column][\/vc_row][vc_row][vc_column][\/vc_column][\/vc_row]<\/p>\n","protected":false},"excerpt":{"rendered":"<p>[vc_row][vc_column][vc_empty_space][vc_column_text] Siguiendo el auge de los desarrollos para la industria automotriz, la cual se est\u00e1 volcando hacia los productos \u201cinteligentes\u201d, las grandes compa\u00f1\u00edas automotrices est\u00e1n buscando crear sinergias con quienes creen el software para los veh\u00edculos. [\/vc_column_text][vc_empty_space][dt_call_to_action background=&#8221;fancy&#8221; line=&#8221;true&#8221; style=&#8221;1&#8243; animation=&#8221;bounceInRight&#8221;][dt_gap height=&#8221;3&#8243;\/]\u00a0 \u00a0 [\/dt_call_to_action][vc_empty_space][\/vc_column][\/vc_row][vc_row][vc_column][vc_column_text] En una entrevista realizada a la revista Deutsche Unternehmerboerse, el CEO [&hellip;]<\/p>\n","protected":false},"author":1,"featured_media":0,"comment_status":"closed","ping_status":"closed","sticky":false,"template":"","format":"standard","meta":{"_acf_changed":false,"_joinchat":[],"footnotes":""},"categories":[37],"tags":[],"class_list":["post-17647","post","type-post","status-publish","format-standard","hentry","category-new_automotive","entry","owp-thumbs-layout-horizontal","owp-btn-normal","owp-tabs-layout-horizontal","has-no-thumbnails","has-product-nav"],"acf":[],"_links":{"self":[{"href":"https:\/\/www.cvn.com.co\/en\/wp-json\/wp\/v2\/posts\/17647","targetHints":{"allow":["GET"]}}],"collection":[{"href":"https:\/\/www.cvn.com.co\/en\/wp-json\/wp\/v2\/posts"}],"about":[{"href":"https:\/\/www.cvn.com.co\/en\/wp-json\/wp\/v2\/types\/post"}],"author":[{"embeddable":true,"href":"https:\/\/www.cvn.com.co\/en\/wp-json\/wp\/v2\/users\/1"}],"replies":[{"embeddable":true,"href":"https:\/\/www.cvn.com.co\/en\/wp-json\/wp\/v2\/comments?post=17647"}],"version-history":[{"count":0,"href":"https:\/\/www.cvn.com.co\/en\/wp-json\/wp\/v2\/posts\/17647\/revisions"}],"wp:attachment":[{"href":"https:\/\/www.cvn.com.co\/en\/wp-json\/wp\/v2\/media?parent=17647"}],"wp:term":[{"taxonomy":"category","embeddable":true,"href":"https:\/\/www.cvn.com.co\/en\/wp-json\/wp\/v2\/categories?post=17647"},{"taxonomy":"post_tag","embeddable":true,"href":"https:\/\/www.cvn.com.co\/en\/wp-json\/wp\/v2\/tags?post=17647"}],"curies":[{"name":"wp","href":"https:\/\/api.w.org\/{rel}","templated":true}]}}