{"id":17651,"date":"2015-08-25T13:48:36","date_gmt":"2015-08-25T13:48:36","guid":{"rendered":"https:\/\/www.cvn.com.co\/?p=16732"},"modified":"2015-08-25T13:48:36","modified_gmt":"2015-08-25T13:48:36","slug":"importaciones-y-exportaciones-a-la-baja","status":"publish","type":"post","link":"https:\/\/www.cvn.com.co\/en\/importaciones-y-exportaciones-a-la-baja\/","title":{"rendered":"Importaciones y exportaciones a la baja"},"content":{"rendered":"<p>[vc_row][vc_column width=&#8221;1\/2&#8243;][vc_empty_space][vc_column_text]<\/p>\n<p style=\"text-align: center;\"><strong>LOS DATOS<\/strong><\/p>\n<p>[\/vc_column_text][vc_empty_space height=&#8221;42px&#8221;][vc_column_text]<\/p>\n<p style=\"text-align: center;\"><strong>Las importaciones en Junio cayeron<\/strong><\/p>\n<p>[\/vc_column_text][vc_pie value=&#8221;-14.3&#8243; color_mode=&#8221;custom&#8221; color=&#8221;#040ce8&#8243; appearance=&#8221;counter&#8221; units=&#8221;%&#8221;][vc_empty_space height=&#8221;42px&#8221;][vc_column_text]<\/p>\n<p style=\"text-align: center;\"><strong>participaci\u00f3n del Oro negro en las exportaciones<\/strong><\/p>\n<p>[\/vc_column_text][vc_pie value=&#8221;56&#8243; color_mode=&#8221;custom&#8221; color=&#8221;#040ce8&#8243; appearance=&#8221;counter&#8221; units=&#8221;%&#8221;][vc_empty_space height=&#8221;42px&#8221;][vc_column_text]<\/p>\n<p style=\"text-align: center;\"><strong>En Junio las exportaciones disminuyeron<\/strong><\/p>\n<p>[\/vc_column_text][vc_pie value=&#8221;-31.5&#8243; color_mode=&#8221;custom&#8221; color=&#8221;#040ce8&#8243; appearance=&#8221;counter&#8221; units=&#8221;%&#8221;][\/vc_column][vc_column width=&#8221;1\/2&#8243;][vc_empty_space][vc_column_text]<\/p>\n<p style=\"text-align: justify;\">El comportamiento de las importaciones colombianas en el mes de junio, cuando cayeron 14,3%, responde al fen\u00f3meno de desaceleraci\u00f3n global, dijo el Gobierno.<\/p>\n<p style=\"text-align: justify;\">La ministra de Comercio, Industria y Turismo, Cecilia \u00c1lvarez-Correa, indic\u00f3 que las menores compras externas se han registrado en gran parte de los pa\u00edses del mundo y cit\u00f3 como ejemplos a Brasil (-16,5%), Chile (-9,8%), Per\u00fa (-8,2%), Costa Rica (-7,9%), India (-13,4%) y la Uni\u00f3n Europea (-10,2%), seg\u00fan informaci\u00f3n de Am\u00e9rica Econom\u00eda.<\/p>\n<p style=\"text-align: justify;\">Esta situaci\u00f3n se suma a la devaluaci\u00f3n del peso colombiana frente al d\u00f3lar, que ha encarecido los productos importado, raz\u00f3n por la cual se supone se han desestimulado estas operaciones, siendo este el momento para fortalecer la producci\u00f3n nacional, y as\u00ed proveer a los colombianos de los productos que se est\u00e1n dejando de traer, y aumentar las exportaciones.<\/p>\n<p>[\/vc_column_text][\/vc_column][\/vc_row][vc_row][vc_column][vc_empty_space][vc_column_text]<\/p>\n<p style=\"text-align: justify;\">El diario El Heraldo destac\u00f3 que, de acuerdo con la informaci\u00f3n entregada por el Departamento Administrativo Nacional de Estad\u00edsticas (Dane), este comportamiento es el resultado de la reducci\u00f3n de las importaciones de los grupos de combustibles y productos de las industrias extractivas en 42,6%, manufacturas en 6% y agropecuarios, alimentos y bebidas 24,1%. El comportamiento de las importaciones de manufacturas tambi\u00e9n reflej\u00f3 una ca\u00edda al pasar de USD3.558,2 millones en junio de 2014 a USD3.343,9 millones en el mismo mes de 2015, la reducci\u00f3n fue del 6%.<\/p>\n<p>[\/vc_column_text][vc_empty_space][vc_column_text]<\/p>\n<h5>Caen tambi\u00e9n las exportaciones<\/h5>\n<p>&nbsp;<\/p>\n<p style=\"text-align: justify;\">La ca\u00edda de los commodities golpe\u00f3 con fuerza a Am\u00e9rica Latina y el efecto ha sido particularmente fuerte para Colombia. El oro negro representa 56% de las exportaciones colombianas y su cotizaci\u00f3n pas\u00f3 de 100,21 d\u00f3lares por barril a principios de septiembre de 2014 a 47,16 actualmente (Brent), lo que representa una ca\u00edda del 53%. A la vista de estos n\u00fameros, no es sorprendente que Colombia pase por un mal momento, as\u00ed lo registr\u00f3 El Universal.<\/p>\n<p style=\"text-align: justify;\">El Tiempo dio a conocer que las ventas del pa\u00eds al exterior tuvieron una reducci\u00f3n del 31,5 por ciento en junio con respecto al mismo mes del 2014, al pasar de 4.698,3 millones de d\u00f3lares a 3.218,1 millones de d\u00f3lares. Seg\u00fan las cifras del Dane, esta ca\u00edda, que es la tercera m\u00e1s pronunciada en un mes en lo corrido del a\u00f1o (hasta junio), se le atribuye en gran medida al 44 por ciento menos en las exportaciones de combustibles y productos de las industrias extractivas, que incluyen petr\u00f3leo y sus productos derivados.<\/p>\n<p style=\"text-align: justify;\">Con la devaluaci\u00f3n del peso colombiano se esperaba que las exportaciones se fortalecieran, sin embargo estas aun no despegan, por lo que se cree se ver\u00e1n los resultados en el mediano plazo; claro est\u00e1 que esto ser\u00e1 posible con el apoyo del gobierno al sector exportador, que requiere mayor tecnolog\u00eda e innovaci\u00f3n, generando un portafolio m\u00e1s fuerte de producto, ya que actualmente las exportaciones se basan en commodities y en productos con poco valor agregado.<\/p>\n<p>[\/vc_column_text][vc_empty_space][vc_column_text]<strong>Fuente:<\/strong><\/p>\n<ul>\n<li><a href=\"http:\/\/americaeconomia.com\/economia-mercados\/comercio\/colombia-caida-de-importaciones-de-junio-de-143-responde-la-desaceleracio\">Ca\u00edda de importaciones de junio de 14,3% responde a la desaceleraci\u00f3n global<\/a> &#8211; Am\u00e9rica Econom\u00eda<\/li>\n<li><a href=\"http:\/\/www.elheraldo.co\/economia\/importaciones-cayeron-en-143-golpeadas-por-el-dolar-caro-212954\">Importaciones cayeron en 14,3% golpeadas por el d\u00f3lar caro<\/a> \u2013 El Heraldo<\/li>\n<li><a href=\"http:\/\/www.eluniversal.com\/economia\/150823\/colombia-y-la-trampa-del-petroleo\">Colombia y la trampa del petr\u00f3leo<\/a> \u2013 El Universal<\/li>\n<li><a href=\"http:\/\/www.eltiempo.com\/economia\/indicadores\/importaciones-en-colombia-se-sigue-ahondando-el-deficit-comercial-en-el-pais\/16269615\">En junio se registr\u00f3 la tercera mayor ca\u00edda en exportaciones<\/a> \u2013 El Espectador<\/li>\n<\/ul>\n<p>[\/vc_column_text][\/vc_column][\/vc_row]<\/p>\n","protected":false},"excerpt":{"rendered":"<p>[vc_row][vc_column width=&#8221;1\/2&#8243;][vc_empty_space][vc_column_text] LOS DATOS [\/vc_column_text][vc_empty_space height=&#8221;42px&#8221;][vc_column_text] Las importaciones en Junio cayeron [\/vc_column_text][vc_pie value=&#8221;-14.3&#8243; color_mode=&#8221;custom&#8221; color=&#8221;#040ce8&#8243; appearance=&#8221;counter&#8221; units=&#8221;%&#8221;][vc_empty_space height=&#8221;42px&#8221;][vc_column_text] participaci\u00f3n del Oro negro en las exportaciones [\/vc_column_text][vc_pie value=&#8221;56&#8243; color_mode=&#8221;custom&#8221; color=&#8221;#040ce8&#8243; appearance=&#8221;counter&#8221; units=&#8221;%&#8221;][vc_empty_space height=&#8221;42px&#8221;][vc_column_text] En Junio las exportaciones disminuyeron [\/vc_column_text][vc_pie value=&#8221;-31.5&#8243; color_mode=&#8221;custom&#8221; color=&#8221;#040ce8&#8243; appearance=&#8221;counter&#8221; units=&#8221;%&#8221;][\/vc_column][vc_column width=&#8221;1\/2&#8243;][vc_empty_space][vc_column_text] El comportamiento de las importaciones colombianas en el mes de junio, [&hellip;]<\/p>\n","protected":false},"author":1,"featured_media":0,"comment_status":"closed","ping_status":"closed","sticky":false,"template":"","format":"standard","meta":{"_acf_changed":false,"_joinchat":[],"footnotes":""},"categories":[36],"tags":[],"class_list":["post-17651","post","type-post","status-publish","format-standard","hentry","category-new-trade","entry","owp-thumbs-layout-horizontal","owp-btn-normal","owp-tabs-layout-horizontal","has-no-thumbnails","has-product-nav"],"acf":[],"_links":{"self":[{"href":"https:\/\/www.cvn.com.co\/en\/wp-json\/wp\/v2\/posts\/17651","targetHints":{"allow":["GET"]}}],"collection":[{"href":"https:\/\/www.cvn.com.co\/en\/wp-json\/wp\/v2\/posts"}],"about":[{"href":"https:\/\/www.cvn.com.co\/en\/wp-json\/wp\/v2\/types\/post"}],"author":[{"embeddable":true,"href":"https:\/\/www.cvn.com.co\/en\/wp-json\/wp\/v2\/users\/1"}],"replies":[{"embeddable":true,"href":"https:\/\/www.cvn.com.co\/en\/wp-json\/wp\/v2\/comments?post=17651"}],"version-history":[{"count":0,"href":"https:\/\/www.cvn.com.co\/en\/wp-json\/wp\/v2\/posts\/17651\/revisions"}],"wp:attachment":[{"href":"https:\/\/www.cvn.com.co\/en\/wp-json\/wp\/v2\/media?parent=17651"}],"wp:term":[{"taxonomy":"category","embeddable":true,"href":"https:\/\/www.cvn.com.co\/en\/wp-json\/wp\/v2\/categories?post=17651"},{"taxonomy":"post_tag","embeddable":true,"href":"https:\/\/www.cvn.com.co\/en\/wp-json\/wp\/v2\/tags?post=17651"}],"curies":[{"name":"wp","href":"https:\/\/api.w.org\/{rel}","templated":true}]}}