{"id":17655,"date":"2015-08-26T14:48:15","date_gmt":"2015-08-26T14:48:15","guid":{"rendered":"https:\/\/www.cvn.com.co\/?p=16767"},"modified":"2015-08-26T14:48:15","modified_gmt":"2015-08-26T14:48:15","slug":"tratado-de-armas-afectara-a-la-industria","status":"publish","type":"post","link":"https:\/\/www.cvn.com.co\/en\/tratado-de-armas-afectara-a-la-industria\/","title":{"rendered":"\u00bfTratado de armas afectar\u00e1 a la industria?"},"content":{"rendered":"<p>[vc_row][vc_column][vc_empty_space][vc_column_text]<\/p>\n<p style=\"text-align: justify;\">Con la primera Conferencia de Estados Parte del Tratado sobre el Comercio de Armas de Canc\u00fan, se espera que se endurezca el control al comercio indiscriminado de armas hacia actores que s\u00f3lo est\u00e1n interesados en atentar contra los derechos humanos.<\/p>\n<p>[\/vc_column_text][vc_empty_space][dt_call_to_action background=&#8221;fancy&#8221; line=&#8221;true&#8221; style=&#8221;1&#8243; animation=&#8221;bounceInRight&#8221;]<span style=\"font-size: 12pt; color: #333333;\">[dt_gap height=&#8221;3&#8243;\/]\u00a0<\/span><\/p>\n<p class=\"p1\"><span class=\"s1\" style=\"font-size: 18pt; color: #1aa8b8;\"><\/span><\/p>\n<p><em>\u00a0<\/em> [\/dt_call_to_action][vc_empty_space][\/vc_column][\/vc_row][vc_row][vc_column][vc_column_text]<\/p>\n<p style=\"text-align: justify;\">\n<p style=\"text-align: justify;\">\u201cEl titular de la Secretar\u00eda de Relaciones Exteriores (SRE), Jos\u00e9 Antonio Meade Kuribre\u00f1a, afirm\u00f3 lo anterior, y confi\u00f3 que \u201cCanc\u00fan sea la puerta de entrada a una nueva era de cooperaci\u00f3n, donde el comercio responsable de armas sea parte de la soluci\u00f3n y no del problema. Se busca establecer un buen r\u00e9gimen institucional, que se tengan reglamentos, instituciones financieras, pero sobre todo que sirva para instrumentar adecuadamente el tratado y lograr un comercio de armas serio y responsable, agreg\u00f3\u201d, ha explicado el portal Excelsior.<\/p>\n<p style=\"text-align: justify;\">Sin embargo las Organizaciones no Gubernamentales han pedido que las negociaciones y los documentos que en ellas intervengan, se pongan a disposici\u00f3n del p\u00fablico general. Ana McDonalds, directora del secretariado de la coalici\u00f3n Control Arms, coment\u00f3 que en estos momentos las discusiones entre los pa\u00edses que forman parte del Tratado est\u00e1n centradas en temas de transparencia. &#8220;Es un punto realmente importante; en el reglamento se tienen que poner todos los elementos que garanticen la transparencia de los reportes que habr\u00e1n de entregar los pa\u00edses&#8221; sobre las transferencias de armas. A\u00f1adi\u00f3 que &#8220;es muy importante la presi\u00f3n de la sociedad civil en este aspecto, y por eso pedimos que los reportes sean p\u00fablicos, que el Tratado no se d\u00e9 en lo oscuro&#8221;.<\/p>\n<p style=\"text-align: justify;\">Lo que podr\u00eda esperar la industria es una disminuci\u00f3n del contrabando y el desarrollo de mejores sistemas de informaci\u00f3n que permitan saber qu\u00e9 actores est\u00e1n adquiriendo estos productos. Lo anterior permitir\u00e1 el desarrollo de mejores estrategias por parte de autoridades militares.<\/p>\n<p style=\"text-align: justify;\">\n<p>[\/vc_column_text][\/vc_column][\/vc_row][vc_row][vc_column][vc_empty_space][\/vc_column][\/vc_row][vc_row][vc_column][vc_column_text]<\/p>\n<p style=\"text-align: justify;\">\n<p style=\"text-align: justify;\"><b>Fuente:<\/b><\/p>\n<p style=\"text-align: justify;\"><a href=\"http:\/\/www.excelsior.com.mx\/nacional\/2015\/08\/25\/1041979\"><span style=\"font-weight: 400;\">Abren nueva era en comercio de armas<\/span><\/a><span style=\"font-weight: 400;\"> &#8211; Excelsior<\/span><\/p>\n<p style=\"text-align: justify;\"><a href=\"http:\/\/www.wradio.com.co\/noticias\/internacional\/ong-demandan-transparencia-en-las-reglas-del-tratado-de-comercio-de-armas\/20150825\/nota\/2907316.aspx\"><span style=\"font-weight: 400;\">ONG demandan transparencia en las reglas del Tratado de Comercio de Armas<\/span><\/a><span style=\"font-weight: 400;\"> &#8211; W Radio<\/span><\/p>\n<p style=\"text-align: justify;\">\n<p>[\/vc_column_text][\/vc_column][\/vc_row][vc_row][vc_column][\/vc_column][\/vc_row]<\/p>\n","protected":false},"excerpt":{"rendered":"<p>[vc_row][vc_column][vc_empty_space][vc_column_text] Con la primera Conferencia de Estados Parte del Tratado sobre el Comercio de Armas de Canc\u00fan, se espera que se endurezca el control al comercio indiscriminado de armas hacia actores que s\u00f3lo est\u00e1n interesados en atentar contra los derechos humanos. [\/vc_column_text][vc_empty_space][dt_call_to_action background=&#8221;fancy&#8221; line=&#8221;true&#8221; style=&#8221;1&#8243; animation=&#8221;bounceInRight&#8221;][dt_gap height=&#8221;3&#8243;\/]\u00a0 \u00a0 [\/dt_call_to_action][vc_empty_space][\/vc_column][\/vc_row][vc_row][vc_column][vc_column_text] \u201cEl titular de la Secretar\u00eda de [&hellip;]<\/p>\n","protected":false},"author":1,"featured_media":0,"comment_status":"closed","ping_status":"closed","sticky":false,"template":"","format":"standard","meta":{"_acf_changed":false,"_joinchat":[],"footnotes":""},"categories":[39],"tags":[],"class_list":["post-17655","post","type-post","status-publish","format-standard","hentry","category-new-technology","entry","owp-thumbs-layout-horizontal","owp-btn-normal","owp-tabs-layout-horizontal","has-no-thumbnails","has-product-nav"],"acf":[],"_links":{"self":[{"href":"https:\/\/www.cvn.com.co\/en\/wp-json\/wp\/v2\/posts\/17655","targetHints":{"allow":["GET"]}}],"collection":[{"href":"https:\/\/www.cvn.com.co\/en\/wp-json\/wp\/v2\/posts"}],"about":[{"href":"https:\/\/www.cvn.com.co\/en\/wp-json\/wp\/v2\/types\/post"}],"author":[{"embeddable":true,"href":"https:\/\/www.cvn.com.co\/en\/wp-json\/wp\/v2\/users\/1"}],"replies":[{"embeddable":true,"href":"https:\/\/www.cvn.com.co\/en\/wp-json\/wp\/v2\/comments?post=17655"}],"version-history":[{"count":0,"href":"https:\/\/www.cvn.com.co\/en\/wp-json\/wp\/v2\/posts\/17655\/revisions"}],"wp:attachment":[{"href":"https:\/\/www.cvn.com.co\/en\/wp-json\/wp\/v2\/media?parent=17655"}],"wp:term":[{"taxonomy":"category","embeddable":true,"href":"https:\/\/www.cvn.com.co\/en\/wp-json\/wp\/v2\/categories?post=17655"},{"taxonomy":"post_tag","embeddable":true,"href":"https:\/\/www.cvn.com.co\/en\/wp-json\/wp\/v2\/tags?post=17655"}],"curies":[{"name":"wp","href":"https:\/\/api.w.org\/{rel}","templated":true}]}}