{"id":17656,"date":"2015-08-26T15:04:07","date_gmt":"2015-08-26T15:04:07","guid":{"rendered":"https:\/\/www.cvn.com.co\/?p=16770"},"modified":"2015-08-26T15:04:07","modified_gmt":"2015-08-26T15:04:07","slug":"foton-se-ancla-a-latinoamerica-desde-colombia","status":"publish","type":"post","link":"https:\/\/www.cvn.com.co\/en\/foton-se-ancla-a-latinoamerica-desde-colombia\/","title":{"rendered":"Foton se ancla a Latinoam\u00e9rica desde Colombia"},"content":{"rendered":"<p>[vc_row][vc_column][vc_empty_space][vc_column_text]<\/p>\n<p style=\"text-align: justify;\">El Espectador informa que \u201cFoton Colombia, empresa de ascendencia china, hizo el lanzamiento de su nueva planta ensambladora, en Funza (Cundinamarca).<\/p>\n<p>[\/vc_column_text][vc_empty_space][dt_call_to_action background=&#8221;fancy&#8221; line=&#8221;true&#8221; style=&#8221;1&#8243; animation=&#8221;bounceInRight&#8221;]<span style=\"font-size: 12pt; color: #333333;\">[dt_gap height=&#8221;3&#8243;\/]\u00a0<\/span><\/p>\n<p class=\"p1\"><span class=\"s1\" style=\"font-size: 18pt; color: #1aa8b8;\"><\/span><\/p>\n<p><em>\u00a0<\/em> [\/dt_call_to_action][vc_empty_space][\/vc_column][\/vc_row][vc_row][vc_column][vc_column_text]<\/p>\n<p style=\"text-align: justify;\">\n<p style=\"text-align: justify;\">Con una inversi\u00f3n de US$12 millones, se convirti\u00f3 en la primera planta de la compa\u00f1\u00eda asi\u00e1tica en el hemisferio occidental, siendo Colombia \u2018su plataforma de expansi\u00f3n en la regi\u00f3n\u2019. Con este nuevo activo de la China tambi\u00e9n se hizo la primera implementaci\u00f3n del Programa de Fomento para la Industria Automotriz (Profia) promovido por el Ministerio de Comercio, Industria y Turismo. Este modelo permite la importaci\u00f3n de partes sin pago de aranceles, siempre y cuando estas no sean producidas en el pa\u00eds\u201d.<\/p>\n<p style=\"text-align: justify;\">Luis Andr\u00e9s Ferrer, director de desarrollo de Foton Colombia, cont\u00f3 a La Rep\u00fablica que \u201cEn la primera fase de la planta de Foton en Funza se ensamblar\u00e1 el modelo Tunland, camioneta pick up que se convertir\u00e1 as\u00ed en el \u00fanico veh\u00edculo de este tipo ensamblado 100 % en Colombia\u201d.<\/p>\n<p style=\"text-align: justify;\">El veh\u00edculo ser\u00e1 ensamblado en su totalidad nacionalmente, lo cual es su principal diferencial, el modelo Tunland contar\u00e1 con componentes usados por marcas como motores Cummins, sistema el\u00e9ctrico y de frenos Bosch y ejes Dana.<\/p>\n<p style=\"text-align: justify;\">El presidente de Asopartes, Tulio Zuloaga, destac\u00f3 en declaraciones al Espectador, la entrada en funcionamiento del Profia. \u201cToda la inversi\u00f3n extranjera que venga al pa\u00eds es bienvenida. Nos preocupa es que las grandes empresas s\u00f3lo quieran exportar y no invertir en el pa\u00eds. Alabamos esta iniciativa que es necesario complementar con los TLC\u201d.<\/p>\n<p style=\"text-align: justify;\">Es importante que el Gobierno use adecuadamente estos programas de fomento, ya que no es admisible que los empresarios del sector sientan que s\u00f3lo se incentiva el crecimiento de las compa\u00f1\u00edas extranjeras.<\/p>\n<p style=\"text-align: justify;\">\n<p>[\/vc_column_text][\/vc_column][\/vc_row][vc_row][vc_column][vc_empty_space][\/vc_column][\/vc_row][vc_row][vc_column][vc_column_text]<\/p>\n<p style=\"text-align: justify;\">\n<p style=\"text-align: justify;\"><b>Fuente:<\/b><\/p>\n<p style=\"text-align: justify;\"><a href=\"http:\/\/www.elespectador.com\/noticias\/economia\/foton-estrena-planta-ensambladora-articulo-579979\"><span style=\"font-weight: 400;\">Foton estrena planta ensambladora<\/span><\/a><span style=\"font-weight: 400;\"> &#8211; El Espectador<\/span><\/p>\n<p style=\"text-align: justify;\"><a href=\"http:\/\/www.larepublica.co\/foton-inaugur%C3%B3-primera-planta-de-ensamblaje-con-inversi%C3%B3n-de-us12-millones_290086\"><span style=\"font-weight: 400;\">Foton inaugur\u00f3 primera planta de ensamblaje con inversi\u00f3n de US$12 millones<\/span><\/a><span style=\"font-weight: 400;\"> &#8211; La Rep\u00fablica<\/span><\/p>\n<p style=\"text-align: justify;\">\n<p>[\/vc_column_text][\/vc_column][\/vc_row][vc_row][vc_column][\/vc_column][\/vc_row]<\/p>\n","protected":false},"excerpt":{"rendered":"<p>[vc_row][vc_column][vc_empty_space][vc_column_text] El Espectador informa que \u201cFoton Colombia, empresa de ascendencia china, hizo el lanzamiento de su nueva planta ensambladora, en Funza (Cundinamarca). [\/vc_column_text][vc_empty_space][dt_call_to_action background=&#8221;fancy&#8221; line=&#8221;true&#8221; style=&#8221;1&#8243; animation=&#8221;bounceInRight&#8221;][dt_gap height=&#8221;3&#8243;\/]\u00a0 \u00a0 [\/dt_call_to_action][vc_empty_space][\/vc_column][\/vc_row][vc_row][vc_column][vc_column_text] Con una inversi\u00f3n de US$12 millones, se convirti\u00f3 en la primera planta de la compa\u00f1\u00eda asi\u00e1tica en el hemisferio occidental, siendo Colombia \u2018su plataforma de [&hellip;]<\/p>\n","protected":false},"author":1,"featured_media":0,"comment_status":"closed","ping_status":"closed","sticky":false,"template":"","format":"standard","meta":{"_acf_changed":false,"_joinchat":[],"footnotes":""},"categories":[37],"tags":[],"class_list":["post-17656","post","type-post","status-publish","format-standard","hentry","category-new_automotive","entry","owp-thumbs-layout-horizontal","owp-btn-normal","owp-tabs-layout-horizontal","has-no-thumbnails","has-product-nav"],"acf":[],"_links":{"self":[{"href":"https:\/\/www.cvn.com.co\/en\/wp-json\/wp\/v2\/posts\/17656","targetHints":{"allow":["GET"]}}],"collection":[{"href":"https:\/\/www.cvn.com.co\/en\/wp-json\/wp\/v2\/posts"}],"about":[{"href":"https:\/\/www.cvn.com.co\/en\/wp-json\/wp\/v2\/types\/post"}],"author":[{"embeddable":true,"href":"https:\/\/www.cvn.com.co\/en\/wp-json\/wp\/v2\/users\/1"}],"replies":[{"embeddable":true,"href":"https:\/\/www.cvn.com.co\/en\/wp-json\/wp\/v2\/comments?post=17656"}],"version-history":[{"count":0,"href":"https:\/\/www.cvn.com.co\/en\/wp-json\/wp\/v2\/posts\/17656\/revisions"}],"wp:attachment":[{"href":"https:\/\/www.cvn.com.co\/en\/wp-json\/wp\/v2\/media?parent=17656"}],"wp:term":[{"taxonomy":"category","embeddable":true,"href":"https:\/\/www.cvn.com.co\/en\/wp-json\/wp\/v2\/categories?post=17656"},{"taxonomy":"post_tag","embeddable":true,"href":"https:\/\/www.cvn.com.co\/en\/wp-json\/wp\/v2\/tags?post=17656"}],"curies":[{"name":"wp","href":"https:\/\/api.w.org\/{rel}","templated":true}]}}