{"id":17659,"date":"2015-08-31T14:02:26","date_gmt":"2015-08-31T14:02:26","guid":{"rendered":"https:\/\/www.cvn.com.co\/?p=16794"},"modified":"2015-08-31T14:02:26","modified_gmt":"2015-08-31T14:02:26","slug":"crisis-en-sector-automotriz-argentino-por-baja-demanda-brasilena","status":"publish","type":"post","link":"https:\/\/www.cvn.com.co\/en\/crisis-en-sector-automotriz-argentino-por-baja-demanda-brasilena\/","title":{"rendered":"Crisis en sector automotriz argentino por baja demanda brasile\u00f1a"},"content":{"rendered":"<p>[vc_row][vc_column][vc_empty_space][vc_column_text]<\/p>\n<p style=\"text-align: justify;\">La crisis econ\u00f3mica que atraviesa Brasil y la consiguiente baja en la demanda de autos argentinos hace complicada la situaci\u00f3n de la industria automotriz. Empresas como: FCA, Volkswagen y General Motors han tenido que implementar planes de retiro voluntario y de reducci\u00f3n de jornadas laborales para afrontar la disminuci\u00f3n de la demanda de sus veh\u00edculos.<\/p>\n<p>[\/vc_column_text][vc_empty_space][dt_call_to_action background=&#8221;fancy&#8221; line=&#8221;true&#8221; style=&#8221;1&#8243; animation=&#8221;bounceInRight&#8221;]<span style=\"font-size: 12pt; color: #333333;\">[dt_gap height=&#8221;3&#8243;\/]\u00a0<\/span><\/p>\n<p class=\"p1\"><span class=\"s1\" style=\"font-size: 18pt; color: #1aa8b8;\"><\/span><\/p>\n<p><em>\u00a0<\/em> [\/dt_call_to_action][vc_empty_space][\/vc_column][\/vc_row][vc_row][vc_column][vc_column_text]<\/p>\n<p style=\"text-align: justify;\">\n<p style=\"text-align: justify;\">El diario La Naci\u00f3n explica que \u201cGeneral Motors (GM) paraliz\u00f3 la producci\u00f3n el viernes y hoy y todos los lunes de septiembre. Ford tendr\u00e1 170 suspendidos rotativos hasta fin de a\u00f1o en su planta de Pacheco. En C\u00f3rdoba, Volkswagen suspendi\u00f3 a un tercio de sus operarios el viernes y hoy. Es la l\u00ednea de producci\u00f3n de la caja MQ200 que va a Brasil. Ya hab\u00eda aplicado suspensiones en el mismo sector entre el 10 y el 20 de julio. Tambi\u00e9n el motivo fue la merma en las exportaciones a Brasil. Adem\u00e1s de las suspensiones que viene aplicando desde hace meses (semanas de cuatro d\u00edas trabajados y otras de tres), FCA tiene en marcha un plan de retiros voluntarios (similar al que est\u00e1 aplicando GM) con el que pretende reducir su plantel en unas 240 personas\u201d.<\/p>\n<p style=\"text-align: justify;\">Adem\u00e1s, en julio el Gobierno autoriz\u00f3 a las automotrices a comprar US$ 198,9 millones mensuales para adquirir partes y piezas. Adicionalmente, se les permiti\u00f3 adquirir 85 millones mensuales para inversiones. Previamente, el cupo era de 160,9 millones mensuales y el nuevo se extender\u00e1 hasta el 30 de septiembre. Las compa\u00f1\u00edas lo siguen considerando insuficiente, sobre todo porque despu\u00e9s de las PASO hubo m\u00e1s restricciones.<\/p>\n<p style=\"text-align: justify;\">El Portal Infobae public\u00f3 preocupantes declaraciones del Jefe de Gabinete de Ministros de Argentina, An\u00edbal Fern\u00e1ndez: \u201cLa situaci\u00f3n de Brasil conspira, al igual que la de otros pa\u00edses que son receptores de nuestras exportaciones. Nosotros somos productores de camiones, pero no fabricamos chasis. Si eso no se da en las condiciones que se tiene que dar puede haber menos producci\u00f3n y menores ventas. Veremos c\u00f3mo se trabaja, el objetivo es no dejar una sola persona sin trabajar\u201d.<\/p>\n<p style=\"text-align: justify;\">Lo anterior podr\u00eda traducirse en oportunidades de exportaci\u00f3n para los autopartistas colombianos, que en junio 2015 vendieron $USD 250 000. Esto se puede lograr por medio del programa de fomento que est\u00e1 implementando el Ministerio de Comercio, Industria y Turismo (PROFIA).<\/p>\n<p style=\"text-align: justify;\">\n<p>[\/vc_column_text][\/vc_column][\/vc_row][vc_row][vc_column][vc_empty_space][\/vc_column][\/vc_row][vc_row][vc_column][vc_column_text]<\/p>\n<p style=\"text-align: justify;\">\n<p style=\"text-align: justify;\"><b>Fuente:<\/b><\/p>\n<p style=\"text-align: justify;\"><a href=\"http:\/\/www.infobae.com\/2015\/08\/31\/1751954-aumentan-las-suspensiones-la-industria-automotriz\"><span style=\"font-weight: 400;\">Aumentan las suspensiones en la industria automotriz<\/span><\/a><span style=\"font-weight: 400;\"> &#8211; InfoBae<\/span><\/p>\n<p style=\"text-align: justify;\"><a href=\"http:\/\/www.lanacion.com.ar\/1823649-disponen-mas-suspensiones-en-la-industria-automotriz\"><span style=\"font-weight: 400;\">Disponen m\u00e1s suspensiones en la industria automotriz<\/span><\/a><span style=\"font-weight: 400;\"> &#8211; La Naci\u00f3n<\/span><\/p>\n<p style=\"text-align: justify;\">\n<p>[\/vc_column_text][\/vc_column][\/vc_row][vc_row][vc_column][\/vc_column][\/vc_row]<\/p>\n","protected":false},"excerpt":{"rendered":"<p>[vc_row][vc_column][vc_empty_space][vc_column_text] La crisis econ\u00f3mica que atraviesa Brasil y la consiguiente baja en la demanda de autos argentinos hace complicada la situaci\u00f3n de la industria automotriz. Empresas como: FCA, Volkswagen y General Motors han tenido que implementar planes de retiro voluntario y de reducci\u00f3n de jornadas laborales para afrontar la disminuci\u00f3n de la demanda de sus [&hellip;]<\/p>\n","protected":false},"author":1,"featured_media":0,"comment_status":"closed","ping_status":"closed","sticky":false,"template":"","format":"standard","meta":{"_acf_changed":false,"_joinchat":[],"footnotes":""},"categories":[37],"tags":[],"class_list":["post-17659","post","type-post","status-publish","format-standard","hentry","category-new_automotive","entry","owp-thumbs-layout-horizontal","owp-btn-normal","owp-tabs-layout-horizontal","has-no-thumbnails","has-product-nav"],"acf":[],"_links":{"self":[{"href":"https:\/\/www.cvn.com.co\/en\/wp-json\/wp\/v2\/posts\/17659","targetHints":{"allow":["GET"]}}],"collection":[{"href":"https:\/\/www.cvn.com.co\/en\/wp-json\/wp\/v2\/posts"}],"about":[{"href":"https:\/\/www.cvn.com.co\/en\/wp-json\/wp\/v2\/types\/post"}],"author":[{"embeddable":true,"href":"https:\/\/www.cvn.com.co\/en\/wp-json\/wp\/v2\/users\/1"}],"replies":[{"embeddable":true,"href":"https:\/\/www.cvn.com.co\/en\/wp-json\/wp\/v2\/comments?post=17659"}],"version-history":[{"count":0,"href":"https:\/\/www.cvn.com.co\/en\/wp-json\/wp\/v2\/posts\/17659\/revisions"}],"wp:attachment":[{"href":"https:\/\/www.cvn.com.co\/en\/wp-json\/wp\/v2\/media?parent=17659"}],"wp:term":[{"taxonomy":"category","embeddable":true,"href":"https:\/\/www.cvn.com.co\/en\/wp-json\/wp\/v2\/categories?post=17659"},{"taxonomy":"post_tag","embeddable":true,"href":"https:\/\/www.cvn.com.co\/en\/wp-json\/wp\/v2\/tags?post=17659"}],"curies":[{"name":"wp","href":"https:\/\/api.w.org\/{rel}","templated":true}]}}