{"id":17714,"date":"2015-10-08T08:24:16","date_gmt":"2015-10-08T08:24:16","guid":{"rendered":"https:\/\/www.cvn.com.co\/?p=17135"},"modified":"2015-10-08T08:24:16","modified_gmt":"2015-10-08T08:24:16","slug":"entrada-de-colombia-a-comite-directivo-de-oms","status":"publish","type":"post","link":"https:\/\/www.cvn.com.co\/en\/entrada-de-colombia-a-comite-directivo-de-oms\/","title":{"rendered":"Entrada de Colombia a Comit\u00e9 Directivo de OMS"},"content":{"rendered":"<p>[vc_row][vc_column][vc_empty_space][vc_column_text]<\/p>\n<p style=\"text-align: justify;\">En la reuni\u00f3n n\u00famero 54 del Consejo Directivo de la Organizaci\u00f3n Panamericana de la Salud (OPS), se revel\u00f3 que Colombia tendr\u00e1 un asiento en el Comit\u00e9 Ejecutivo de la Organizaci\u00f3n Mundial de la Salud &#8211; OMS (al cual hab\u00eda aplicado en la reuni\u00f3n 53 de la OPS del 2014) y se entregaron diversos premios al pa\u00eds por su desempe\u00f1o en la erradicaci\u00f3n de ciertas patolog\u00edas.<\/p>\n<p>[\/vc_column_text][vc_empty_space][dt_call_to_action background=&#8221;fancy&#8221; line=&#8221;true&#8221; style=&#8221;1&#8243; animation=&#8221;bounceInRight&#8221;]<span style=\"font-size: 12pt; color: #333333;\">[dt_gap height=&#8221;3&#8243;\/]\u00a0<\/span><\/p>\n<p class=\"p1\"><span class=\"s1\" style=\"font-size: 18pt; color: #1aa8b8;\"><\/span><\/p>\n<p><em>\u00a0<\/em> [\/dt_call_to_action][vc_empty_space][\/vc_column][\/vc_row][vc_row][vc_column][vc_column_text]<\/p>\n<p style=\"text-align: justify;\">\n<p style=\"text-align: justify;\">Seg\u00fan el comunicado emitido por el Ministerio de Salud, \u201cla delegaci\u00f3n colombiana, encabezada por el Viceministro de Salud P\u00fablica y Prestaci\u00f3n de Servicios, Fernando Ru\u00edz G\u00f3mez, con el Coordinador de Cooperaci\u00f3n y Relaciones Internacionales, Jaime Matute Hern\u00e1ndez, y funcionarios de la canciller\u00eda y la misi\u00f3n ante la OEA tuvieron un rol relevante mediante la presidencia del grupo de negociaci\u00f3n sobre el nuevo presupuesto para el bienio 2016-2017, donde se logr\u00f3 un consenso regional por un incremento de 8.8 por ciento con cargo a aportes voluntarios\u201d.<\/p>\n<p style=\"text-align: justify;\">El Ministerio tambi\u00e9n explica que se logr\u00f3 \u201cel apoyo regional a una iniciativa de pa\u00eds sobre la estimaci\u00f3n de la mortalidad materna, mediante la cual se garantiza un proceso transparente con base en los datos de los Estados; la aprobaci\u00f3n de importantes planes de acci\u00f3n en materia de violencia contra la mujer, demencia en los adultos mayores, resistencia antimicrobiana, y salud de los trabajadores\u201d.<\/p>\n<p style=\"text-align: justify;\">El Viceministro se reuni\u00f3 con la Universidad Johns Hopkins, con el fin de promover acuerdos para facilitar que estudiantes extranjeros en el \u00e1rea de la salud accedan a esta universidad, y reuniones con el Banco Interamericano de Desarrollo y el Banco Mundial con el fin de revisar la agenda bilateral.<\/p>\n<p style=\"text-align: justify;\">Dentro de los reconocimientos, \u201cla organizaci\u00f3n no gubernamental MSD otorg\u00f3 uno a Colombia por ser el primer pa\u00eds del mundo en eliminar la oncocercosis\u201d.<\/p>\n<p style=\"text-align: justify;\">Lo anterior demuestra que el pa\u00eds puede estar a la vanguardia de la investigaci\u00f3n m\u00e9dica, sin embargo, a\u00fan es necesario mejorar el acceso de la poblaci\u00f3n general a este tipo de tecnolog\u00edas.<\/p>\n<p style=\"text-align: justify;\">\n<p>[\/vc_column_text][vc_empty_space][vc_column_text]<\/p>\n<p style=\"text-align: justify;\">\n<p style=\"text-align: justify;\"><b>Fuente:<\/b><\/p>\n<p style=\"text-align: justify;\"><a href=\"https:\/\/www.minsalud.gov.co\/Paginas\/Colombia-presento-candidatura-a-Comit-Ejecutivo-de-OMS-para-2016-2019.aspx\"><span style=\"font-weight: 400;\"> Colombia present\u00f3 candidatura a Comit\u00e9 Ejecutivo de OMS para 2016-2019<\/span><\/a><span style=\"font-weight: 400;\"> &#8211; Comunicado de Ministerio de Salud y Protecci\u00f3n Social<\/span><\/p>\n<p style=\"text-align: justify;\"><a href=\"https:\/\/www.minsalud.gov.co\/Paginas\/Colombia-logr%C3%B3-asiento-en-comit%C3%A9-directivo-de-la-OMS.aspx\"><span style=\"font-weight: 400;\">Colombia logr\u00f3 asiento en comit\u00e9 directivo de la OMS<\/span><\/a><span style=\"font-weight: 400;\"> &#8211; Comunicado de Ministerio de Salud y Protecci\u00f3n Social<\/span><\/p>\n<p style=\"text-align: justify;\">\n<p>[\/vc_column_text][\/vc_column][\/vc_row][vc_row][vc_column][\/vc_column][\/vc_row]<\/p>\n","protected":false},"excerpt":{"rendered":"<p>[vc_row][vc_column][vc_empty_space][vc_column_text] En la reuni\u00f3n n\u00famero 54 del Consejo Directivo de la Organizaci\u00f3n Panamericana de la Salud (OPS), se revel\u00f3 que Colombia tendr\u00e1 un asiento en el Comit\u00e9 Ejecutivo de la Organizaci\u00f3n Mundial de la Salud &#8211; OMS (al cual hab\u00eda aplicado en la reuni\u00f3n 53 de la OPS del 2014) y se entregaron diversos premios [&hellip;]<\/p>\n","protected":false},"author":1,"featured_media":0,"comment_status":"closed","ping_status":"closed","sticky":false,"template":"","format":"standard","meta":{"_acf_changed":false,"_joinchat":[],"footnotes":""},"categories":[35],"tags":[],"class_list":["post-17714","post","type-post","status-publish","format-standard","hentry","category-new-healthcare","entry","owp-thumbs-layout-horizontal","owp-btn-normal","owp-tabs-layout-horizontal","has-no-thumbnails","has-product-nav"],"acf":[],"_links":{"self":[{"href":"https:\/\/www.cvn.com.co\/en\/wp-json\/wp\/v2\/posts\/17714","targetHints":{"allow":["GET"]}}],"collection":[{"href":"https:\/\/www.cvn.com.co\/en\/wp-json\/wp\/v2\/posts"}],"about":[{"href":"https:\/\/www.cvn.com.co\/en\/wp-json\/wp\/v2\/types\/post"}],"author":[{"embeddable":true,"href":"https:\/\/www.cvn.com.co\/en\/wp-json\/wp\/v2\/users\/1"}],"replies":[{"embeddable":true,"href":"https:\/\/www.cvn.com.co\/en\/wp-json\/wp\/v2\/comments?post=17714"}],"version-history":[{"count":0,"href":"https:\/\/www.cvn.com.co\/en\/wp-json\/wp\/v2\/posts\/17714\/revisions"}],"wp:attachment":[{"href":"https:\/\/www.cvn.com.co\/en\/wp-json\/wp\/v2\/media?parent=17714"}],"wp:term":[{"taxonomy":"category","embeddable":true,"href":"https:\/\/www.cvn.com.co\/en\/wp-json\/wp\/v2\/categories?post=17714"},{"taxonomy":"post_tag","embeddable":true,"href":"https:\/\/www.cvn.com.co\/en\/wp-json\/wp\/v2\/tags?post=17714"}],"curies":[{"name":"wp","href":"https:\/\/api.w.org\/{rel}","templated":true}]}}