{"id":17716,"date":"2015-10-06T16:39:40","date_gmt":"2015-10-06T16:39:40","guid":{"rendered":"https:\/\/www.cvn.com.co\/?p=17207"},"modified":"2015-10-06T16:39:40","modified_gmt":"2015-10-06T16:39:40","slug":"paises-del-pacifico-firman-el-acuerdo-tpp","status":"publish","type":"post","link":"https:\/\/www.cvn.com.co\/en\/paises-del-pacifico-firman-el-acuerdo-tpp\/","title":{"rendered":"Pa\u00edses del Pac\u00edfico firman el acuerdo TPP"},"content":{"rendered":"<p>[vc_row][vc_column][vc_empty_space][vc_column_text]<\/p>\n<p style=\"text-align: justify;\">El d\u00eda de ayer, lunes 5 de octubre, los ministro de Comercio de las naciones del Pac\u00edfico, lograron la firma del Acuerdo de Asociaci\u00f3n Transpac\u00edfico de Cooperaci\u00f3n Econ\u00f3mica, m\u00e1s conocido como <strong>TPP<\/strong> (por sus siglas en ingl\u00e9s). Este acuerdo comercial permitir\u00e1 la reducci\u00f3n significativa de los aranceles entre los pa\u00edses miembros.<\/p>\n<p>[\/vc_column_text][\/vc_column][\/vc_row][vc_row][vc_column][dt_call_to_action background=&#8221;fancy&#8221; line=&#8221;true&#8221; style=&#8221;1&#8243; animation=&#8221;bounceInRight&#8221;]<span style=\"font-size: 12pt; color: #333333;\">[dt_gap height=&#8221;3&#8243;\/]\u00a0<\/span><\/p>\n<p class=\"p1\"><span class=\"s1\" style=\"font-size: 18pt; color: #1aa8b8;\"><\/span><\/p>\n<p><em>\u00a0<\/em> [\/dt_call_to_action][\/vc_column][\/vc_row][vc_row][vc_column][vc_column_text]<\/p>\n<p style=\"text-align: justify;\">Este acuerdo fue firmado por Australia, Brun\u00e9i, Canad\u00e1, Chile, Estados Unidos, Jap\u00f3n, Malasia, M\u00e9xico, Nueva Zelanda, Per\u00fa, Singapur y Vietnam. Los doce pa\u00edses representan el 40% del PIB mundial, por lo que se podr\u00eda tratar del mayor acuerdo regional.<\/p>\n<p style=\"text-align: justify;\">Temas dif\u00edciles como las negociaciones en los sectores farmac\u00e9utico y automotor pudieron ser superados en los \u00faltimos d\u00edas, para lograr una liberalizaci\u00f3n comercial entre diferentes pa\u00edses de Am\u00e9rica y Asia, explico el diario Financiero.<\/p>\n<p style=\"text-align: justify;\">Lo que sigue para el acuerdo, es la aprobaci\u00f3n en cada pa\u00eds miembro por su Senado, comit\u00e9s especiales o el Congreso.<\/p>\n<p style=\"text-align: justify;\">Seg\u00fan el Financiero, hay que enfatizar que el comercio internacional trae indudables beneficios en t\u00e9rminos de bienestar para los distintos pa\u00edses, ya que fomenta la especializaci\u00f3n de las econom\u00edas, permite un aumento en la producci\u00f3n total y eleva los niveles de vida promedio en las distintas naciones. Los consumidores son los grandes beneficiados cuando se incrementa la apertura comercial; sin embargo, si tiene costos para sectores en espec\u00edfico, que deben de ajustarse a la mayor competencia internacional o desaparecer.<\/p>\n<p style=\"text-align: justify;\">De acuerdo con declaraciones del presidente estadounidense, Barack Obama, el acuerdo es visto como un contrapeso al poder econ\u00f3mico de China, una visi\u00f3n que al defender el acuerdo, seg\u00fan indic\u00f3 la agencia EFE. Igualmente el presidente expreso qu\u00e9 &#8220;Cuando m\u00e1s del 95 por ciento de nuestros potenciales clientes viven fuera de nuestras fronteras no podemos permitir que pa\u00edses como China escriban las reglas de la econom\u00eda global\u201d.<\/p>\n<p style=\"text-align: justify;\">Cabe anotar que China \u2013 un pa\u00eds muy relevante de la zona &#8211; fue invitado para ser parte del acuerdo, sin embargo rechazo la invitaci\u00f3n por las restricciones en sectores como el financiero.<\/p>\n<p>[\/vc_column_text][vc_column_text]<\/p>\n<p>&nbsp;<\/p>\n<p><strong>Fuente:<\/strong><\/p>\n<p><a href=\"http:\/\/www.elfinanciero.com.mx\/opinion\/se-llega-a-un-acuerdo-inicial-para-el-tpp.html\">Se llega a un acuerdo inicial para el TPP<\/a> \u2013 El Financiero<\/p>\n<p><a href=\"http:\/\/www.efe.com\/efe\/espana\/economia\/china-espera-que-el-acuerdo-del-tpp-impulse-crecimiento-de-asia-pacifico\/10003-2730782\">China espera que el acuerdo del TPP impulse el crecimiento de Asia Pac\u00edfico<\/a> \u2013 Agencia EFE<\/p>\n<p>&nbsp;<\/p>\n<p>&nbsp;<\/p>\n<p>[\/vc_column_text][\/vc_column][\/vc_row]<\/p>\n","protected":false},"excerpt":{"rendered":"<p>[vc_row][vc_column][vc_empty_space][vc_column_text] El d\u00eda de ayer, lunes 5 de octubre, los ministro de Comercio de las naciones del Pac\u00edfico, lograron la firma del Acuerdo de Asociaci\u00f3n Transpac\u00edfico de Cooperaci\u00f3n Econ\u00f3mica, m\u00e1s conocido como TPP (por sus siglas en ingl\u00e9s). Este acuerdo comercial permitir\u00e1 la reducci\u00f3n significativa de los aranceles entre los pa\u00edses miembros. [\/vc_column_text][\/vc_column][\/vc_row][vc_row][vc_column][dt_call_to_action background=&#8221;fancy&#8221; line=&#8221;true&#8221; [&hellip;]<\/p>\n","protected":false},"author":1,"featured_media":0,"comment_status":"closed","ping_status":"closed","sticky":false,"template":"","format":"standard","meta":{"_acf_changed":false,"_joinchat":[],"footnotes":""},"categories":[36],"tags":[],"class_list":["post-17716","post","type-post","status-publish","format-standard","hentry","category-new-trade","entry","owp-thumbs-layout-horizontal","owp-btn-normal","owp-tabs-layout-horizontal","has-no-thumbnails","has-product-nav"],"acf":[],"_links":{"self":[{"href":"https:\/\/www.cvn.com.co\/en\/wp-json\/wp\/v2\/posts\/17716","targetHints":{"allow":["GET"]}}],"collection":[{"href":"https:\/\/www.cvn.com.co\/en\/wp-json\/wp\/v2\/posts"}],"about":[{"href":"https:\/\/www.cvn.com.co\/en\/wp-json\/wp\/v2\/types\/post"}],"author":[{"embeddable":true,"href":"https:\/\/www.cvn.com.co\/en\/wp-json\/wp\/v2\/users\/1"}],"replies":[{"embeddable":true,"href":"https:\/\/www.cvn.com.co\/en\/wp-json\/wp\/v2\/comments?post=17716"}],"version-history":[{"count":0,"href":"https:\/\/www.cvn.com.co\/en\/wp-json\/wp\/v2\/posts\/17716\/revisions"}],"wp:attachment":[{"href":"https:\/\/www.cvn.com.co\/en\/wp-json\/wp\/v2\/media?parent=17716"}],"wp:term":[{"taxonomy":"category","embeddable":true,"href":"https:\/\/www.cvn.com.co\/en\/wp-json\/wp\/v2\/categories?post=17716"},{"taxonomy":"post_tag","embeddable":true,"href":"https:\/\/www.cvn.com.co\/en\/wp-json\/wp\/v2\/tags?post=17716"}],"curies":[{"name":"wp","href":"https:\/\/api.w.org\/{rel}","templated":true}]}}