{"id":17730,"date":"2015-10-20T16:20:34","date_gmt":"2015-10-20T16:20:34","guid":{"rendered":"https:\/\/www.cvn.com.co\/?p=17412"},"modified":"2015-10-20T16:20:34","modified_gmt":"2015-10-20T16:20:34","slug":"cepal-caida-en-exportaciones-seran-mas-agudos-en-paises-exportadores-de-petroleo","status":"publish","type":"post","link":"https:\/\/www.cvn.com.co\/en\/cepal-caida-en-exportaciones-seran-mas-agudos-en-paises-exportadores-de-petroleo\/","title":{"rendered":"Cepal: Ca\u00edda en exportaciones ser\u00e1n m\u00e1s agudos en pa\u00edses exportadores de petr\u00f3leo"},"content":{"rendered":"<p>[vc_row][vc_column][vc_empty_space][vc_column_text]<\/p>\n<p style=\"text-align: justify;\">La Comisi\u00f3n de Naciones Unidas para Am\u00e9rica Latina y el Caribe (Cepal) present\u00f3 en Ciudad de M\u00e9xico, su informe anual sobre la inserci\u00f3n internacional de la regi\u00f3n en 2015.<\/p>\n<p style=\"text-align: justify;\">En el informe se se\u00f1ala que las fuertes ca\u00eddas en los precios de las materias primas y una menor demanda internacional por los productos que la regi\u00f3n exporta afectaron sus env\u00edos al exterior. En 2014 y 2013 \u00e9stos anotaron disminuciones de -3,0% y -0,4%, respectivamente. Esto convierte al trienio entre 2013 y 2015 en el de peor desempe\u00f1o exportador de la regi\u00f3n en ocho d\u00e9cadas, seg\u00fan inform\u00f3 Comunicados.co.<\/p>\n<p>[\/vc_column_text][\/vc_column][\/vc_row][vc_row][vc_column][dt_call_to_action background=&#8221;fancy&#8221; line=&#8221;true&#8221; style=&#8221;1&#8243; animation=&#8221;bounceInRight&#8221;]<span style=\"font-size: 12pt; color: #333333;\">[dt_gap height=&#8221;3&#8243;\/]\u00a0<\/span><\/p>\n<p class=\"p1\"><span class=\"s1\" style=\"font-size: 18pt; color: #1aa8b8;\"><\/span><\/p>\n<p><em>\u00a0<\/em> [\/dt_call_to_action][\/vc_column][\/vc_row][vc_row][vc_column][vc_column_text]<\/p>\n<p>&nbsp;<\/p>\n<p style=\"text-align: justify;\">La Comisi\u00f3n de Naciones Unidas para Am\u00e9rica Latina y el Caribe (Cepal) present\u00f3 en Ciudad de M\u00e9xico, su informe anual sobre la inserci\u00f3n internacional de la regi\u00f3n en 2015.<\/p>\n<p style=\"text-align: justify;\">En el informe se se\u00f1ala que las fuertes ca\u00eddas en los precios de las materias primas y una menor demanda internacional por los productos que la regi\u00f3n exporta afectaron sus env\u00edos al exterior. En 2014 y 2013 \u00e9stos anotaron disminuciones de -3,0% y -0,4%, respectivamente. Esto convierte al trienio entre 2013 y 2015 en el de peor desempe\u00f1o exportador de la regi\u00f3n en ocho d\u00e9cadas, seg\u00fan inform\u00f3 Comunicados.co.<\/p>\n<p style=\"text-align: justify;\">De acuerdo con el informe, El valor de las exportaciones de Am\u00e9rica Latina y el Caribe disminuir\u00e1 por tercer a\u00f1o consecutivo en 2015 y se contraer\u00e1 -14%.<\/p>\n<p style=\"text-align: justify;\">Seg\u00fan el organismo de las Naciones Unidas, es probable que las exportaciones de la regi\u00f3n vuelvan a caer en 2016, dado que las perspectivas de una recuperaci\u00f3n de los precios para el pr\u00f3ximo a\u00f1o son poco alentadoras.<\/p>\n<p style=\"text-align: justify;\">La Cepla se\u00f1al\u00f3 que hay un cambio de ciclo econ\u00f3mico caracterizado por un exceso de liquidez, una ca\u00edda de la demanda agregada, una menor capacidad de los pa\u00edses emergentes para absorber los impactos externos, la desaceleraci\u00f3n de China, un crecimiento de los activos financieros por encima de la econom\u00eda real y un cambio de signo en los flujos de capitales hacia la regi\u00f3n.<\/p>\n<p>&nbsp;<\/p>\n<p>[\/vc_column_text][vc_column_text]<\/p>\n<p style=\"padding-left: 90px;\">Conozca la evoluci\u00f3n de las exportaciones e importaciones de Am\u00e9rica Latina y el Caribe en 2013-2015, descargando archivo <a href=\"https:\/\/www.cvn.com.co\/?attachment_id=17414\">aqu\u00ed. <\/a><\/p>\n<p>&nbsp;<\/p>\n<p>[\/vc_column_text][vc_column_text]<\/p>\n<p style=\"text-align: justify;\">El reporte de la Cepal indica que la ca\u00edda en el valor de las exportaciones y el deterioro de los t\u00e9rminos de intercambio ser\u00e1n m\u00e1s agudos en los pa\u00edses y subregiones exportadoras de petr\u00f3leo y sus derivados y de materias primas. Venezuela tendr\u00e1 una contracci\u00f3n en sus env\u00edos de -41%, Bolivia -30%, Colombia -29%, Ecuador -25%, el Caribe -22%, Per\u00fa -16%, Argentina y Chile -17%, Brasil -15%, Paraguay -14%, Uruguay -12%, y M\u00e9xico y Am\u00e9rica Central cercana a -4%, as\u00ed lo dio a conocer Am\u00e9rica Econom\u00eda.<\/p>\n<p style=\"text-align: justify;\">Las menores ca\u00eddas en M\u00e9xico y Am\u00e9rica Central se explican principalmente por su patr\u00f3n exportador, donde la demanda de Estados Unidos, su principal destino, ha sido m\u00e1s din\u00e1mica que la de otras regiones. Por otra parte, las exportaciones mexicanas y centroamericanas tienen un alto componente de manufacturas las cu\u00e1les no sufrieron ca\u00eddas de precios tan abruptas como las de las materias primas, de acuerdo con la misma publicaci\u00f3n.<\/p>\n<p style=\"text-align: justify;\">En materia de importaciones, el informe de la Cepal consigna una situaci\u00f3n similar, ya que se espera una ca\u00edda promedio de -10% en el valor de los env\u00edos recibidos por la regi\u00f3n en 2015.<\/p>\n<p>&nbsp;<\/p>\n<p>[\/vc_column_text][vc_column_text]<\/p>\n<p><strong>Fuente:<\/strong><\/p>\n<ul>\n<li><a href=\"http:\/\/www.comunicados.co\/2015\/10\/comercio-regional-ante-una-encrucijada.html\">Comercio regional ante una encrucijada: diversificaci\u00f3n e integraci\u00f3n en un contexto global de bajo crecimiento<\/a> &#8211; Comunicados.co<\/li>\n<li><a href=\"http:\/\/www.americaeconomia.com\/economia-mercados\/finanzas\/conozca-el-informe-de-cepal-sobre-el-comercio-regional\">Conozca el informe de Cepal sobre el comercio regional<\/a> \u2013 Am\u00e9rica Econom\u00eda<\/li>\n<\/ul>\n<p>[\/vc_column_text][\/vc_column][\/vc_row]<\/p>\n","protected":false},"excerpt":{"rendered":"<p>[vc_row][vc_column][vc_empty_space][vc_column_text] La Comisi\u00f3n de Naciones Unidas para Am\u00e9rica Latina y el Caribe (Cepal) present\u00f3 en Ciudad de M\u00e9xico, su informe anual sobre la inserci\u00f3n internacional de la regi\u00f3n en 2015. En el informe se se\u00f1ala que las fuertes ca\u00eddas en los precios de las materias primas y una menor demanda internacional por los productos que [&hellip;]<\/p>\n","protected":false},"author":1,"featured_media":0,"comment_status":"closed","ping_status":"closed","sticky":false,"template":"","format":"standard","meta":{"_acf_changed":false,"_joinchat":[],"footnotes":""},"categories":[36],"tags":[],"class_list":["post-17730","post","type-post","status-publish","format-standard","hentry","category-new-trade","entry","owp-thumbs-layout-horizontal","owp-btn-normal","owp-tabs-layout-horizontal","has-no-thumbnails","has-product-nav"],"acf":[],"_links":{"self":[{"href":"https:\/\/www.cvn.com.co\/en\/wp-json\/wp\/v2\/posts\/17730","targetHints":{"allow":["GET"]}}],"collection":[{"href":"https:\/\/www.cvn.com.co\/en\/wp-json\/wp\/v2\/posts"}],"about":[{"href":"https:\/\/www.cvn.com.co\/en\/wp-json\/wp\/v2\/types\/post"}],"author":[{"embeddable":true,"href":"https:\/\/www.cvn.com.co\/en\/wp-json\/wp\/v2\/users\/1"}],"replies":[{"embeddable":true,"href":"https:\/\/www.cvn.com.co\/en\/wp-json\/wp\/v2\/comments?post=17730"}],"version-history":[{"count":0,"href":"https:\/\/www.cvn.com.co\/en\/wp-json\/wp\/v2\/posts\/17730\/revisions"}],"wp:attachment":[{"href":"https:\/\/www.cvn.com.co\/en\/wp-json\/wp\/v2\/media?parent=17730"}],"wp:term":[{"taxonomy":"category","embeddable":true,"href":"https:\/\/www.cvn.com.co\/en\/wp-json\/wp\/v2\/categories?post=17730"},{"taxonomy":"post_tag","embeddable":true,"href":"https:\/\/www.cvn.com.co\/en\/wp-json\/wp\/v2\/tags?post=17730"}],"curies":[{"name":"wp","href":"https:\/\/api.w.org\/{rel}","templated":true}]}}