{"id":17731,"date":"2015-10-21T11:35:54","date_gmt":"2015-10-21T11:35:54","guid":{"rendered":"https:\/\/www.cvn.com.co\/?p=17418"},"modified":"2015-10-21T11:35:54","modified_gmt":"2015-10-21T11:35:54","slug":"lo-que-se-vera-en-el-salon-de-tokio-2015","status":"publish","type":"post","link":"https:\/\/www.cvn.com.co\/en\/lo-que-se-vera-en-el-salon-de-tokio-2015\/","title":{"rendered":"Lo que se ver\u00e1 en el Sal\u00f3n de Tokio 2015"},"content":{"rendered":"<p>[vc_row][vc_column][vc_empty_space][vc_column_text]<\/p>\n<p style=\"text-align: justify;\">Desde el 29 de octubre y hasta el 8 de noviembre podr\u00e1n las grandes firmas automotrices mostrar sus modelos de vanguardia en el Sal\u00f3n Automotriz de Tokio 2015.<\/p>\n<p>[\/vc_column_text][vc_empty_space][dt_call_to_action background=&#8221;fancy&#8221; line=&#8221;true&#8221; style=&#8221;1&#8243; animation=&#8221;bounceInRight&#8221;]<span style=\"font-size: 12pt; color: #333333;\">[dt_gap height=&#8221;3&#8243;\/]\u00a0<\/span><\/p>\n<p class=\"p1\"><span class=\"s1\" style=\"font-size: 18pt; color: #1aa8b8;\"><\/span><\/p>\n<p><em>\u00a0<\/em> [\/dt_call_to_action][vc_empty_space][\/vc_column][\/vc_row][vc_row][vc_column][vc_column_text]<\/p>\n<p style=\"text-align: justify;\">\n<p style=\"text-align: justify;\">Seg\u00fan revela CNN, \u201casistir\u00e1n 17 fabricantes internacionales (Volkswagen, Alfa Romeo, Fiat, Jaguar, Land Rover, Citroen and Renault) y reconocidas empresas japonesas. Honda y Suzuki liderar\u00e1n la exposici\u00f3n con una serie de extra\u00f1os veh\u00edculos con dos y cuatro ruedas. Impresionantes autos deportivos de Toyota, Subaru, Nissan y Mazda tambi\u00e9n debutar\u00e1n\u201d.<\/p>\n<p style=\"text-align: justify;\">\u201cLa marca de lujo de Toyota, Lexus, est\u00e1 planeando impresionar a los consumidores con un nuevo y sorpresivo concepto de auto. Su presentaci\u00f3n coincide con el aniversario n\u00famero 25 de Lexus\u201d, contin\u00faa la cadena.<\/p>\n<p style=\"text-align: justify;\">A su vez, El Comercio informa, que \u201cYamaha escogi\u00f3 el Sal\u00f3n de Tokio 2015 para presentar nada m\u00e1s y nada menos que un concepto de auto. Seg\u00fan trascendi\u00f3, este auto podr\u00eda llevar propulsi\u00f3n totalmente el\u00e9ctrica o un sistema h\u00edbrido, aunque sin descartar que pueda llevar un motor de alguna de las motocicletas de la marca. Tendremos que esperar unos d\u00edas m\u00e1s para ver qu\u00e9 se trama Yamaha con la presentaci\u00f3n de este auto\u201d.<\/p>\n<p style=\"text-align: justify;\">El New York Daily News recomienda tambi\u00e9n estar pendientes de los siguientes modelos:<\/p>\n<p style=\"text-align: justify;\">&#8211; Nissan Concept 2020 Vision Gran Turismo<br \/>\n&#8211; Mitsubishi eX<br \/>\n&#8211; Mazda Sports Car Concept<br \/>\n&#8211; Nissan Teatro for Dayz<br \/>\n&#8211; Subaru Viziv and Impreza concept<br \/>\n&#8211; Toyota Kikai<br \/>\n&#8211; Honda FCV<br \/>\n&#8211; Toyota S-FR<\/p>\n<p style=\"text-align: justify;\">\n<p>[\/vc_column_text][vc_empty_space][vc_column_text]<\/p>\n<p style=\"text-align: justify;\">\n<p style=\"text-align: justify;\"><b>Fuente:<\/b><\/p>\n<p style=\"text-align: justify;\"><a href=\"http:\/\/edition.cnn.com\/2015\/10\/15\/autos\/tokyo-motor-show-2015-preview\/\"><span style=\"font-weight: 400;\">All revved up: Your preview to the Tokyo Motor Show 2015<\/span><\/a><span style=\"font-weight: 400;\"> &#8211; CNN<\/span><\/p>\n<p style=\"text-align: justify;\"><a href=\"http:\/\/elcomercio.pe\/ruedas-tuercas\/automotriz\/salon-tokio-yamaha-presentara-auto-deportivo-noticia-1849392\"><span style=\"font-weight: 400;\">Sal\u00f3n de Tokio: Yamaha presentar\u00e1 un auto deportivo<\/span><\/a><span style=\"font-weight: 400;\"> &#8211; El Comercio<\/span><\/p>\n<p style=\"text-align: justify;\"><a href=\"http:\/\/www.nydailynews.com\/autos\/auto-shows\/10-anticipated-debuts-tokyo-motor-show-article-1.2403767\"><span style=\"font-weight: 400;\">2015 Tokyo Motor Show Preview: 10 cars and concepts to look out for<\/span><\/a><span style=\"font-weight: 400;\"> &#8211; New York Daily News<\/span><\/p>\n<p style=\"text-align: justify;\">\n<p>[\/vc_column_text][\/vc_column][\/vc_row]<\/p>\n","protected":false},"excerpt":{"rendered":"<p>[vc_row][vc_column][vc_empty_space][vc_column_text] Desde el 29 de octubre y hasta el 8 de noviembre podr\u00e1n las grandes firmas automotrices mostrar sus modelos de vanguardia en el Sal\u00f3n Automotriz de Tokio 2015. [\/vc_column_text][vc_empty_space][dt_call_to_action background=&#8221;fancy&#8221; line=&#8221;true&#8221; style=&#8221;1&#8243; animation=&#8221;bounceInRight&#8221;][dt_gap height=&#8221;3&#8243;\/]\u00a0 \u00a0 [\/dt_call_to_action][vc_empty_space][\/vc_column][\/vc_row][vc_row][vc_column][vc_column_text] Seg\u00fan revela CNN, \u201casistir\u00e1n 17 fabricantes internacionales (Volkswagen, Alfa Romeo, Fiat, Jaguar, Land Rover, Citroen and Renault) y [&hellip;]<\/p>\n","protected":false},"author":1,"featured_media":0,"comment_status":"closed","ping_status":"closed","sticky":false,"template":"","format":"standard","meta":{"_acf_changed":false,"_joinchat":[],"footnotes":""},"categories":[37],"tags":[],"class_list":["post-17731","post","type-post","status-publish","format-standard","hentry","category-new_automotive","entry","owp-thumbs-layout-horizontal","owp-btn-normal","owp-tabs-layout-horizontal","has-no-thumbnails","has-product-nav"],"acf":[],"_links":{"self":[{"href":"https:\/\/www.cvn.com.co\/en\/wp-json\/wp\/v2\/posts\/17731","targetHints":{"allow":["GET"]}}],"collection":[{"href":"https:\/\/www.cvn.com.co\/en\/wp-json\/wp\/v2\/posts"}],"about":[{"href":"https:\/\/www.cvn.com.co\/en\/wp-json\/wp\/v2\/types\/post"}],"author":[{"embeddable":true,"href":"https:\/\/www.cvn.com.co\/en\/wp-json\/wp\/v2\/users\/1"}],"replies":[{"embeddable":true,"href":"https:\/\/www.cvn.com.co\/en\/wp-json\/wp\/v2\/comments?post=17731"}],"version-history":[{"count":0,"href":"https:\/\/www.cvn.com.co\/en\/wp-json\/wp\/v2\/posts\/17731\/revisions"}],"wp:attachment":[{"href":"https:\/\/www.cvn.com.co\/en\/wp-json\/wp\/v2\/media?parent=17731"}],"wp:term":[{"taxonomy":"category","embeddable":true,"href":"https:\/\/www.cvn.com.co\/en\/wp-json\/wp\/v2\/categories?post=17731"},{"taxonomy":"post_tag","embeddable":true,"href":"https:\/\/www.cvn.com.co\/en\/wp-json\/wp\/v2\/tags?post=17731"}],"curies":[{"name":"wp","href":"https:\/\/api.w.org\/{rel}","templated":true}]}}