{"id":17733,"date":"2015-10-23T10:24:17","date_gmt":"2015-10-23T10:24:17","guid":{"rendered":"https:\/\/www.cvn.com.co\/?p=17424"},"modified":"2015-10-23T10:24:17","modified_gmt":"2015-10-23T10:24:17","slug":"cumbre-mundial-del-gas-y-consecuencias-para-las-termoelectricas","status":"publish","type":"post","link":"https:\/\/www.cvn.com.co\/en\/cumbre-mundial-del-gas-y-consecuencias-para-las-termoelectricas\/","title":{"rendered":"Cumbre Mundial del Gas y consecuencias para las termoel\u00e9ctricas"},"content":{"rendered":"<p>[vc_row][vc_column][vc_empty_space][vc_column_text]<\/p>\n<p style=\"text-align: justify;\">Desde la Cumbre Mundial del Gas, Colombia ha planteado la necesidad de cambiar las fuentes de energ\u00eda, de cara al bajo nivel de lluvias y a la escasez de combustibles l\u00edquidos para poner a funcionar las plantas termoel\u00e9ctricas.<\/p>\n<p>[\/vc_column_text][vc_empty_space][dt_call_to_action background=&#8221;fancy&#8221; line=&#8221;true&#8221; style=&#8221;1&#8243; animation=&#8221;bounceInRight&#8221;]<span style=\"font-size: 12pt; color: #333333;\">[dt_gap height=&#8221;3&#8243;\/]\u00a0<\/span><\/p>\n<p class=\"p1\"><span class=\"s1\" style=\"font-size: 18pt; color: #1aa8b8;\"><\/span><\/p>\n<p><em>\u00a0<\/em> [\/dt_call_to_action][vc_empty_space][\/vc_column][\/vc_row][vc_row][vc_column][vc_column_text]<\/p>\n<p style=\"text-align: justify;\">\n<p style=\"text-align: justify;\">Al puntualizar sobre la problem\u00e1tica, El Colombiano ha escuchado varias opiniones. En primer lugar; XM, operador del mercado dice que \u201cTarde que temprano los colombianos terminar\u00e1n pagando en sus \u201crecibos de la luz\u201d el revolc\u00f3n y alzas hist\u00f3ricas de precios que se registran en el mercado mayorista de energ\u00eda del pa\u00eds: si en agosto el kilovatio-hora val\u00eda entre 150 y 250 pesos, ahora est\u00e1 entre 700 y 800 pesos\u201d.<\/p>\n<p style=\"text-align: justify;\">Por otra parte; Alejandro Casta\u00f1eda, director de la Asociaci\u00f3n Nacional de Empresas Generadoras (Andeg) afirma que: \u201cel problema puede resolverse modificando la f\u00f3rmula del precio de escasez, en lo que han insistido las generadoras desde 2007 a la Creg. Si eso se da, la demanda se puede ver afectada, y para que no suban las tarifas, el Gobierno tendr\u00e1 que mirar c\u00f3mo se cubre el faltante, o si no, los generadores se quiebran\u201d.<\/p>\n<p style=\"text-align: justify;\">Seg\u00fan El Tiempo, \u201cen las pr\u00f3ximas subastas para la expansi\u00f3n del mercado de energ\u00eda el\u00e9ctrica primar\u00e1 la eficiencia. As\u00ed, se podr\u00e1 abrir paso a un incremento en las plantas de generaci\u00f3n t\u00e9rmica a carb\u00f3n, pues al no haber gas se debe generar con l\u00edquidos, pero estos \u00faltimos no son eficientes en materia de costos\u201d.<\/p>\n<p style=\"text-align: justify;\">\u201cEl pa\u00eds debe hacer el cambio de generar con l\u00edquidos a otras fuentes. Hay que hacer las subastas, y el carb\u00f3n puede ser un tema para generar de una manera muy amigable\u201d, expres\u00f3 el Ministro de Minas y Energ\u00eda, Tom\u00e1s Gonz\u00e1lez.<\/p>\n<p style=\"text-align: justify;\">\n<p>[\/vc_column_text][vc_empty_space][vc_column_text]<\/p>\n<p style=\"text-align: justify;\">\n<p style=\"text-align: justify;\"><b>Fuente:<\/b><\/p>\n<p style=\"text-align: justify;\"><a href=\"http:\/\/m.elcolombiano.com\/termoelectricas-a-perdida-y-no-se-generan-soluciones-AC2949255\"><span style=\"font-weight: 400;\">Termoel\u00e9ctricas, a p\u00e9rdida y no se generan soluciones<\/span><\/a><span style=\"font-weight: 400;\"> &#8211; El Colombiano<\/span><\/p>\n<p style=\"text-align: justify;\"><a href=\"http:\/\/www.eltiempo.com\/economia\/sectores\/abastecimiento-de-gas-desde-venezuela\/16410920\"><span style=\"font-weight: 400;\">Venezuela ser\u00eda una tabla de salvaci\u00f3n para el abastecimiento de gas<\/span><\/a><span style=\"font-weight: 400;\"> &#8211; El Tiempo<\/span><\/p>\n<p style=\"text-align: justify;\">\n<p>[\/vc_column_text][\/vc_column][\/vc_row]<\/p>\n","protected":false},"excerpt":{"rendered":"<p>[vc_row][vc_column][vc_empty_space][vc_column_text] Desde la Cumbre Mundial del Gas, Colombia ha planteado la necesidad de cambiar las fuentes de energ\u00eda, de cara al bajo nivel de lluvias y a la escasez de combustibles l\u00edquidos para poner a funcionar las plantas termoel\u00e9ctricas. [\/vc_column_text][vc_empty_space][dt_call_to_action background=&#8221;fancy&#8221; line=&#8221;true&#8221; style=&#8221;1&#8243; animation=&#8221;bounceInRight&#8221;][dt_gap height=&#8221;3&#8243;\/]\u00a0 \u00a0 [\/dt_call_to_action][vc_empty_space][\/vc_column][\/vc_row][vc_row][vc_column][vc_column_text] Al puntualizar sobre la problem\u00e1tica, El Colombiano ha [&hellip;]<\/p>\n","protected":false},"author":1,"featured_media":0,"comment_status":"closed","ping_status":"closed","sticky":false,"template":"","format":"standard","meta":{"_acf_changed":false,"_joinchat":[],"footnotes":""},"categories":[39],"tags":[],"class_list":["post-17733","post","type-post","status-publish","format-standard","hentry","category-new-technology","entry","owp-thumbs-layout-horizontal","owp-btn-normal","owp-tabs-layout-horizontal","has-no-thumbnails","has-product-nav"],"acf":[],"_links":{"self":[{"href":"https:\/\/www.cvn.com.co\/en\/wp-json\/wp\/v2\/posts\/17733","targetHints":{"allow":["GET"]}}],"collection":[{"href":"https:\/\/www.cvn.com.co\/en\/wp-json\/wp\/v2\/posts"}],"about":[{"href":"https:\/\/www.cvn.com.co\/en\/wp-json\/wp\/v2\/types\/post"}],"author":[{"embeddable":true,"href":"https:\/\/www.cvn.com.co\/en\/wp-json\/wp\/v2\/users\/1"}],"replies":[{"embeddable":true,"href":"https:\/\/www.cvn.com.co\/en\/wp-json\/wp\/v2\/comments?post=17733"}],"version-history":[{"count":0,"href":"https:\/\/www.cvn.com.co\/en\/wp-json\/wp\/v2\/posts\/17733\/revisions"}],"wp:attachment":[{"href":"https:\/\/www.cvn.com.co\/en\/wp-json\/wp\/v2\/media?parent=17733"}],"wp:term":[{"taxonomy":"category","embeddable":true,"href":"https:\/\/www.cvn.com.co\/en\/wp-json\/wp\/v2\/categories?post=17733"},{"taxonomy":"post_tag","embeddable":true,"href":"https:\/\/www.cvn.com.co\/en\/wp-json\/wp\/v2\/tags?post=17733"}],"curies":[{"name":"wp","href":"https:\/\/api.w.org\/{rel}","templated":true}]}}