{"id":17744,"date":"2015-11-02T11:27:16","date_gmt":"2015-11-02T11:27:16","guid":{"rendered":"https:\/\/www.cvn.com.co\/?p=17488"},"modified":"2015-11-02T11:27:16","modified_gmt":"2015-11-02T11:27:16","slug":"porsche-tambien-sale-afectado-por-escandalo-del-diesel","status":"publish","type":"post","link":"https:\/\/www.cvn.com.co\/en\/porsche-tambien-sale-afectado-por-escandalo-del-diesel\/","title":{"rendered":"Porsche tambi\u00e9n sale afectado por esc\u00e1ndalo del Diesel"},"content":{"rendered":"<p>[vc_row][vc_column][vc_empty_space][vc_column_text]<\/p>\n<p style=\"text-align: justify;\">La Agencia Estadounidense de Protecci\u00f3n ambiental ha encontrado nuevas inconsistencias entre modelos 2014 &#8211; 2016 de Porsche, Audi y Volkswagen.<\/p>\n<p>[\/vc_column_text][vc_empty_space][dt_call_to_action background=&#8221;fancy&#8221; line=&#8221;true&#8221; style=&#8221;1&#8243; animation=&#8221;bounceInRight&#8221;]<span style=\"font-size: 12pt; color: #333333;\">[dt_gap height=&#8221;3&#8243;\/]\u00a0<\/span><\/p>\n<p class=\"p1\"><span class=\"s1\" style=\"font-size: 18pt; color: #1aa8b8;\"><\/span><\/p>\n<p><em>\u00a0<\/em> [\/dt_call_to_action][vc_empty_space][\/vc_column][\/vc_row][vc_row][vc_column][vc_column_text]<\/p>\n<p style=\"text-align: justify;\">\n<p style=\"text-align: justify;\">Como explica El Pa\u00eds, \u201cLa nueva acci\u00f3n afecta en total a 10.000 coches de seis cilindros de tres litros. Los modelos cubiertos por la nueva orden son el modelo Touareg de Volkswagen de 2014, el Cayenne de Porsche de 2016 y los A6 Quattro, A7 Quattro, A8L y Q5 de Audi de 2016. Se suman a los 482.000 veh\u00edculos Jetta, Golf, Passat y Beetle con motores de cuatro cilindros de dos litros que deber\u00e1n ser sometidos a revisi\u00f3n porque emiten gases contaminantes hasta 40 veces por encima de lo permitido. La EPA, siglas en ingl\u00e9s de la agencia, no es capaz de poner cifra a los modelos de 2016\u201d.<\/p>\n<p style=\"text-align: justify;\">Adicionalmente, \u201cVolkswagen disput\u00f3 la orden de la EPA dejando claro en un comunicado que no se instalado un sistema inform\u00e1ticos en estos modelos de seis cilindros con la intenci\u00f3n de alterar las emisiones de una manera fraudulenta. En este sentido, la compa\u00f1\u00eda considera que se trata m\u00e1s bien de un error de explicaci\u00f3n en el proceso de solicitud de los cetificados. \u2018No se describi\u00f3 de forma adecuada\u2019, precisa al tiempo que asegura que est\u00e1 cooperando con los reguladores para \u2018clarificarlo\u2019\u201d.<\/p>\n<p style=\"text-align: justify;\">\u201cVolkswagen volvi\u00f3 a incumplir sus obligaciones con la ley que protege el aire limpio de todos los norteamericanos. Todas las compa\u00f1\u00edas deber\u00edan jugar con las mismas reglas\u201d, dijo Cynthia Garc\u00eda, representante de EPA en declaraciones recogidas por El Clar\u00edn.<\/p>\n<p style=\"text-align: justify;\">VW se prepara para lanzar el pr\u00f3ximo enero una costosa retirada del mercado de los veh\u00edculos afectados, que finalizar\u00eda hacia fines de 2016.<\/p>\n<p style=\"text-align: justify;\">\n<p>[\/vc_column_text][vc_empty_space][vc_column_text]<\/p>\n<p style=\"text-align: justify;\">\n<p style=\"text-align: justify;\"><b>Fuente:<\/b><\/p>\n<p style=\"text-align: justify;\"><a href=\"http:\/\/www.clarin.com\/deautos\/industria\/Crece-escandalo-Volkswagen-Porsche-Audi_0_1460254297.html\"><span style=\"font-weight: 400;\">Crece el esc\u00e1ndalo de Volkswagen: tambi\u00e9n hay trampa en modelos de Porsche y Audi<\/span><\/a><span style=\"font-weight: 400;\"> &#8211; El Clar\u00edn<\/span><\/p>\n<p style=\"text-align: justify;\"><a href=\"http:\/\/economia.elpais.com\/economia\/2015\/11\/02\/actualidad\/1446490927_805188.html\"><span style=\"font-weight: 400;\">EE UU acusa tambi\u00e9n a Porsche de haber falseado las emisiones<\/span><\/a><span style=\"font-weight: 400;\"> &#8211; El Pa\u00eds Espa\u00f1a<\/span><\/p>\n<p style=\"text-align: justify;\">\n<p>[\/vc_column_text][\/vc_column][\/vc_row]<\/p>\n","protected":false},"excerpt":{"rendered":"<p>[vc_row][vc_column][vc_empty_space][vc_column_text] La Agencia Estadounidense de Protecci\u00f3n ambiental ha encontrado nuevas inconsistencias entre modelos 2014 &#8211; 2016 de Porsche, Audi y Volkswagen. [\/vc_column_text][vc_empty_space][dt_call_to_action background=&#8221;fancy&#8221; line=&#8221;true&#8221; style=&#8221;1&#8243; animation=&#8221;bounceInRight&#8221;][dt_gap height=&#8221;3&#8243;\/]\u00a0 \u00a0 [\/dt_call_to_action][vc_empty_space][\/vc_column][\/vc_row][vc_row][vc_column][vc_column_text] Como explica El Pa\u00eds, \u201cLa nueva acci\u00f3n afecta en total a 10.000 coches de seis cilindros de tres litros. Los modelos cubiertos por la nueva orden [&hellip;]<\/p>\n","protected":false},"author":1,"featured_media":0,"comment_status":"closed","ping_status":"closed","sticky":false,"template":"","format":"standard","meta":{"_acf_changed":false,"_joinchat":[],"footnotes":""},"categories":[37],"tags":[],"class_list":["post-17744","post","type-post","status-publish","format-standard","hentry","category-new_automotive","entry","owp-thumbs-layout-horizontal","owp-btn-normal","owp-tabs-layout-horizontal","has-no-thumbnails","has-product-nav"],"acf":[],"_links":{"self":[{"href":"https:\/\/www.cvn.com.co\/en\/wp-json\/wp\/v2\/posts\/17744","targetHints":{"allow":["GET"]}}],"collection":[{"href":"https:\/\/www.cvn.com.co\/en\/wp-json\/wp\/v2\/posts"}],"about":[{"href":"https:\/\/www.cvn.com.co\/en\/wp-json\/wp\/v2\/types\/post"}],"author":[{"embeddable":true,"href":"https:\/\/www.cvn.com.co\/en\/wp-json\/wp\/v2\/users\/1"}],"replies":[{"embeddable":true,"href":"https:\/\/www.cvn.com.co\/en\/wp-json\/wp\/v2\/comments?post=17744"}],"version-history":[{"count":0,"href":"https:\/\/www.cvn.com.co\/en\/wp-json\/wp\/v2\/posts\/17744\/revisions"}],"wp:attachment":[{"href":"https:\/\/www.cvn.com.co\/en\/wp-json\/wp\/v2\/media?parent=17744"}],"wp:term":[{"taxonomy":"category","embeddable":true,"href":"https:\/\/www.cvn.com.co\/en\/wp-json\/wp\/v2\/categories?post=17744"},{"taxonomy":"post_tag","embeddable":true,"href":"https:\/\/www.cvn.com.co\/en\/wp-json\/wp\/v2\/tags?post=17744"}],"curies":[{"name":"wp","href":"https:\/\/api.w.org\/{rel}","templated":true}]}}