{"id":17774,"date":"2015-11-30T15:53:30","date_gmt":"2015-11-30T15:53:30","guid":{"rendered":"https:\/\/www.cvn.com.co\/?p=17622"},"modified":"2015-11-30T15:53:30","modified_gmt":"2015-11-30T15:53:30","slug":"aumentas-importaciones-agricolas-en-la-region-por-desastres-naturales","status":"publish","type":"post","link":"https:\/\/www.cvn.com.co\/en\/aumentas-importaciones-agricolas-en-la-region-por-desastres-naturales\/","title":{"rendered":"Aumentas importaciones agr\u00edcolas en la regi\u00f3n por desastres naturales"},"content":{"rendered":"<p>[vc_row][vc_column][vc_empty_space][vc_column_text]<\/p>\n<p style=\"text-align: justify;\">La Organizaci\u00f3n de las Naciones Unidas para la Alimentaci\u00f3n y la Agricultura (FAO) en su informe m\u00e1s reciente indic\u00f3 que en la \u00faltima d\u00e9cada se dispararon las importaciones agr\u00edcolas en los pa\u00edses latinoamericanos junto con los asi\u00e1ticos, como consecuencia de los desastres naturales.<\/p>\n<p>[\/vc_column_text][\/vc_column][\/vc_row][vc_row][vc_column][dt_call_to_action background=&#8221;fancy&#8221; line=&#8221;true&#8221; style=&#8221;1&#8243; animation=&#8221;bounceInRight&#8221;]<span style=\"font-size: 12pt; color: #333333;\">[dt_gap height=&#8221;3&#8243;\/]\u00a0<\/span><\/p>\n<p class=\"p1\"><span class=\"s1\" style=\"font-size: 18pt; color: #1aa8b8;\"><\/span><\/p>\n<p><em>\u00a0<\/em> [\/dt_call_to_action][\/vc_column][\/vc_row][vc_row][vc_column][vc_column_text]<\/p>\n<p>&nbsp;<\/p>\n<p style=\"text-align: justify;\">Los desastres naturales generan una disminuci\u00f3n en la producci\u00f3n dom\u00e9stica, y por tanto tambi\u00e9n se da una disminuci\u00f3n de las exportaciones, lo que ha afectado a pa\u00edses que son importantes exportadores a nivel mundial de materias primas del sector.<\/p>\n<p style=\"text-align: justify;\">De acuerdo con el informe de la FAO, el impacto econ\u00f3mico negativo de los desastres relacionados con el clima en los pa\u00edses en desarrollo recae cerca del 25% sobre la agricultura, la ganader\u00eda, la pesca y la silvicultura. En el caso de la sequ\u00eda, m\u00e1s del 80% de los da\u00f1os y las p\u00e9rdidas afectaron al sector agr\u00edcola, especialmente la ganader\u00eda y los cultivos.<\/p>\n<p style=\"text-align: justify;\">El informe demuestra claramente que los riesgos naturales -en particular los fen\u00f3menos meteorol\u00f3gicos extremos- afectan regularmente en gran medida a la agricultura y obstaculizan la erradicaci\u00f3n del hambre, la pobreza y el logro del desarrollo sostenible. Sin embargo, la situaci\u00f3n puede empeorar si no se toman medidas para fortalecer la resistencia del sector agr\u00edcola y se aumentan las inversiones para impulsar la seguridad alimentaria y la productividad, as\u00ed como para reducir los efectos nocivos del cambio clim\u00e1tico.<\/p>\n<p style=\"text-align: justify;\">En total, las p\u00e9rdidas estimadas en la regi\u00f3n fueron de unos 11.000 millones de d\u00f3lares (10.360 millones de euros) en t\u00e9rminos de producci\u00f3n agr\u00edcola, sobre todo entre cultivos comerciales como el caf\u00e9, la ca\u00f1a de az\u00facar y las frutas tropicales, y entre otros b\u00e1sicos como la yuca o la papa. En t\u00e9rminos relativos esas p\u00e9rdidas correspondieron al 3 % del valor estimado de la producci\u00f3n de la regi\u00f3n, seg\u00fan los datos del informe, que agrega que un 55 % de los da\u00f1os fueron ocasionados por inundaciones y en menor medida por sequ\u00edas y tormentas, as\u00ed lo dio a conocer el diario Vanguardia de M\u00e9xico.<\/p>\n<p>&nbsp;<\/p>\n<p>[\/vc_column_text][vc_column_text]<\/p>\n<p><strong>Fuente:<\/strong><\/p>\n<ul>\n<li><a href=\"http:\/\/www.fao.org\/news\/story\/es\/item\/346380\/icode\/\">El aumento de los desastres relacionados con el cambio clim\u00e1tico es una amenaza creciente para la seguridad alimentaria<\/a> \u2013 FAO<\/li>\n<li><a href=\"http:\/\/www.vanguardia.com.mx\/articulo\/los-desastres-naturales-aumentan-las-importaciones-agricolas-en-latinoamerica\">Los desastres naturales aumentan las importaciones agr\u00edcolas en Latinoam\u00e9rica <\/a>&#8211; Vanguardia<\/li>\n<\/ul>\n<p>&nbsp;<\/p>\n<p>&nbsp;<\/p>\n<p>[\/vc_column_text][\/vc_column][\/vc_row]<\/p>\n","protected":false},"excerpt":{"rendered":"<p>[vc_row][vc_column][vc_empty_space][vc_column_text] La Organizaci\u00f3n de las Naciones Unidas para la Alimentaci\u00f3n y la Agricultura (FAO) en su informe m\u00e1s reciente indic\u00f3 que en la \u00faltima d\u00e9cada se dispararon las importaciones agr\u00edcolas en los pa\u00edses latinoamericanos junto con los asi\u00e1ticos, como consecuencia de los desastres naturales. [\/vc_column_text][\/vc_column][\/vc_row][vc_row][vc_column][dt_call_to_action background=&#8221;fancy&#8221; line=&#8221;true&#8221; style=&#8221;1&#8243; animation=&#8221;bounceInRight&#8221;][dt_gap height=&#8221;3&#8243;\/]\u00a0 \u00a0 [\/dt_call_to_action][\/vc_column][\/vc_row][vc_row][vc_column][vc_column_text] &nbsp; Los desastres [&hellip;]<\/p>\n","protected":false},"author":1,"featured_media":0,"comment_status":"closed","ping_status":"closed","sticky":false,"template":"","format":"standard","meta":{"_acf_changed":false,"_joinchat":[],"footnotes":""},"categories":[38],"tags":[],"class_list":["post-17774","post","type-post","status-publish","format-standard","hentry","category-new-food-and-beverages","entry","owp-thumbs-layout-horizontal","owp-btn-normal","owp-tabs-layout-horizontal","has-no-thumbnails","has-product-nav"],"acf":[],"_links":{"self":[{"href":"https:\/\/www.cvn.com.co\/en\/wp-json\/wp\/v2\/posts\/17774","targetHints":{"allow":["GET"]}}],"collection":[{"href":"https:\/\/www.cvn.com.co\/en\/wp-json\/wp\/v2\/posts"}],"about":[{"href":"https:\/\/www.cvn.com.co\/en\/wp-json\/wp\/v2\/types\/post"}],"author":[{"embeddable":true,"href":"https:\/\/www.cvn.com.co\/en\/wp-json\/wp\/v2\/users\/1"}],"replies":[{"embeddable":true,"href":"https:\/\/www.cvn.com.co\/en\/wp-json\/wp\/v2\/comments?post=17774"}],"version-history":[{"count":0,"href":"https:\/\/www.cvn.com.co\/en\/wp-json\/wp\/v2\/posts\/17774\/revisions"}],"wp:attachment":[{"href":"https:\/\/www.cvn.com.co\/en\/wp-json\/wp\/v2\/media?parent=17774"}],"wp:term":[{"taxonomy":"category","embeddable":true,"href":"https:\/\/www.cvn.com.co\/en\/wp-json\/wp\/v2\/categories?post=17774"},{"taxonomy":"post_tag","embeddable":true,"href":"https:\/\/www.cvn.com.co\/en\/wp-json\/wp\/v2\/tags?post=17774"}],"curies":[{"name":"wp","href":"https:\/\/api.w.org\/{rel}","templated":true}]}}