{"id":18147,"date":"2016-03-29T15:25:46","date_gmt":"2016-03-29T15:25:46","guid":{"rendered":"https:\/\/www.cvn.com.co\/?p=18147"},"modified":"2016-03-29T15:25:46","modified_gmt":"2016-03-29T15:25:46","slug":"por-defectos-de-frenos-entraran-a-revision-135-mil-vehiculos-de-porsche-y-wolkswagen","status":"publish","type":"post","link":"https:\/\/www.cvn.com.co\/en\/por-defectos-de-frenos-entraran-a-revision-135-mil-vehiculos-de-porsche-y-wolkswagen\/","title":{"rendered":"Por defectos de frenos, entrar\u00e1n a revisi\u00f3n 135 mil veh\u00edculos de Porsche y Volkswagen"},"content":{"rendered":"<p>[vc_row][vc_column][vc_empty_space][vc_column_text]<\/p>\n<p style=\"text-align: justify\">As\u00ed lo manifest\u00f3 la compa\u00f1\u00eda Porsche SE, luego de detectar un problema en el pedal del freno, lo que hace que los veh\u00edculos presenten fallas en su funcionamiento.<\/p>\n<p>[\/vc_column_text][\/vc_column][\/vc_row][vc_row][vc_column][dt_call_to_action background=&#8221;fancy&#8221; line=&#8221;true&#8221; style=&#8221;1&#8243; animation=&#8221;bounceInRight&#8221;]<span style=\"font-size: 12pt;color: #333333\">[dt_gap height=&#8221;3&#8243;\/]\u00a0<\/span><\/p>\n<p class=\"p1\"><span class=\"s1\" style=\"font-size: 18pt;color: #1aa8b8\"><\/span><\/p>\n<p><em>\u00a0<\/em> [\/dt_call_to_action][\/vc_column][\/vc_row][vc_row][vc_column][vc_column_text]<\/p>\n<p>&nbsp;<\/p>\n<p style=\"text-align: justify\">Las empresas fabricantes de autom\u00f3viles Volkswagen y Porsche dieron a conocer que llamar\u00e1n a revisi\u00f3n a partir de este mi\u00e9rcoles a 135.000 veh\u00edculos de ambas marcas, ya que, se detect\u00f3 un posible problema del anillo de seguridad en el soporte de montaje del pedal del freno, lo que implicar\u00eda una situaci\u00f3n de riesgo para los usuarios.<\/p>\n<p style=\"text-align: justify\">Los modelos de los veh\u00edculos que entrar\u00e1n en dicha revisi\u00f3n ser\u00e1n VW Touareg 2011-2016 y Porsche Cayenne 2011-2016 ubicados en Estados Unidos. Seg\u00fan el diario El Espectador y teniendo en cuenta los datos emitidos por la Administraci\u00f3n Nacional para la Seguridad en la Carretera de Estados Unidos (NHTSA) son 46.700 veh\u00edculos del Grupo Volkswagen los que est\u00e1n afectados por el problema, mientras que el n\u00famero de unidades de Porsche afectadas es de 88.300.<\/p>\n<p style=\"text-align: justify\">Con respecto al inconveniente presentado en los veh\u00edculos, la compa\u00f1\u00eda dijo que el problema detectado en los pedales del freno de ambas referencias se debe principalmente a un perno que fue instalado al parecer sin un componente importante y que podr\u00eda provocar que el pedal se suelte.<\/p>\n<p style=\"text-align: justify\">Igualmente, la compa\u00f1\u00eda Volkswagen manifest\u00f3 tambi\u00e9n que present\u00f3 fallas en cuanto a la producci\u00f3n de algunos de sus veh\u00edculos el\u00e9ctricos. La filial de Porsche tendr\u00e1 que llamar a revisi\u00f3n a 5.561 veh\u00edculos h\u00edbridos de la serie e-Golf a causa de un problema en el sistema de diagn\u00f3stico de la bater\u00eda que puede provocar la desconexi\u00f3n del motor el\u00e9ctrico del autom\u00f3vil.<\/p>\n<p style=\"text-align: justify\">En suma, los due\u00f1os de los autos involucrados ser\u00e1n contactados directamente por Volkswagen para realizar el llamado a la revisi\u00f3n y aseguraron que este proceso no tardar\u00e1 m\u00e1s de media hora. Este inconveniente, seg\u00fan lo explica Expresi\u00f3n Econ\u00f3mica, es un nuevo rev\u00e9s para Volkswagen, que est\u00e1 lidiando con procesos legales en todo el mundo despu\u00e9s de manipular el programa encargado de medir las emisiones de sus motores di\u00e9sel.<\/p>\n<p>&nbsp;<\/p>\n<p>[\/vc_column_text][vc_column_text]<\/p>\n<p style=\"text-align: justify\">Fuente<\/p>\n<p style=\"text-align: justify\"><a href=\"http:\/\/expresioneconomica.org\/2016\/03\/vw-y-porsche-llaman-a-revisi-n-135000-veh-culos-por-defecto\/\">VW y Porsche llaman a revisi\u00f3n 135000 veh\u00edculos por defecto en frenos<\/a> \u2013 Expresi\u00f3n Econ\u00f3mica<\/p>\n<p style=\"text-align: justify\"><a href=\"http:\/\/www.elespectador.com\/noticias\/elmundo\/revision-135000-vehiculos-porsche-y-volkswagen-defecto-articulo-624299\">A revisi\u00f3n 135.000 veh\u00edculos Porsche y Volkswagen por defecto en frenos<\/a> \u2013 El Espectador<\/p>\n<p>&nbsp;<\/p>\n<p>[\/vc_column_text][\/vc_column][\/vc_row][vc_row][vc_column][\/vc_column][\/vc_row]<\/p>\n","protected":false},"excerpt":{"rendered":"<p>[vc_row][vc_column][vc_empty_space][vc_column_text] As\u00ed lo manifest\u00f3 la compa\u00f1\u00eda Porsche SE, luego de detectar un problema en el pedal del freno, lo que hace que los veh\u00edculos presenten fallas en su funcionamiento. [\/vc_column_text][\/vc_column][\/vc_row][vc_row][vc_column][dt_call_to_action background=&#8221;fancy&#8221; line=&#8221;true&#8221; style=&#8221;1&#8243; animation=&#8221;bounceInRight&#8221;][dt_gap height=&#8221;3&#8243;\/]\u00a0 \u00a0 [\/dt_call_to_action][\/vc_column][\/vc_row][vc_row][vc_column][vc_column_text] &nbsp; Las empresas fabricantes de autom\u00f3viles Volkswagen y Porsche dieron a conocer que llamar\u00e1n a revisi\u00f3n a partir [&hellip;]<\/p>\n","protected":false},"author":1,"featured_media":0,"comment_status":"closed","ping_status":"closed","sticky":false,"template":"","format":"standard","meta":{"_acf_changed":false,"_joinchat":[],"footnotes":""},"categories":[37],"tags":[],"class_list":["post-18147","post","type-post","status-publish","format-standard","hentry","category-new_automotive","entry","owp-thumbs-layout-horizontal","owp-btn-normal","owp-tabs-layout-horizontal","has-no-thumbnails","has-product-nav"],"acf":[],"_links":{"self":[{"href":"https:\/\/www.cvn.com.co\/en\/wp-json\/wp\/v2\/posts\/18147","targetHints":{"allow":["GET"]}}],"collection":[{"href":"https:\/\/www.cvn.com.co\/en\/wp-json\/wp\/v2\/posts"}],"about":[{"href":"https:\/\/www.cvn.com.co\/en\/wp-json\/wp\/v2\/types\/post"}],"author":[{"embeddable":true,"href":"https:\/\/www.cvn.com.co\/en\/wp-json\/wp\/v2\/users\/1"}],"replies":[{"embeddable":true,"href":"https:\/\/www.cvn.com.co\/en\/wp-json\/wp\/v2\/comments?post=18147"}],"version-history":[{"count":0,"href":"https:\/\/www.cvn.com.co\/en\/wp-json\/wp\/v2\/posts\/18147\/revisions"}],"wp:attachment":[{"href":"https:\/\/www.cvn.com.co\/en\/wp-json\/wp\/v2\/media?parent=18147"}],"wp:term":[{"taxonomy":"category","embeddable":true,"href":"https:\/\/www.cvn.com.co\/en\/wp-json\/wp\/v2\/categories?post=18147"},{"taxonomy":"post_tag","embeddable":true,"href":"https:\/\/www.cvn.com.co\/en\/wp-json\/wp\/v2\/tags?post=18147"}],"curies":[{"name":"wp","href":"https:\/\/api.w.org\/{rel}","templated":true}]}}