{"id":18179,"date":"2016-04-01T21:40:53","date_gmt":"2016-04-01T21:40:53","guid":{"rendered":"https:\/\/www.cvn.com.co\/?p=18179"},"modified":"2016-04-01T21:40:53","modified_gmt":"2016-04-01T21:40:53","slug":"panama-se-mantendra-atento-frente-a-la-prorroga-de-aranceles-mixtos-sobre-textiles-en-colombia","status":"publish","type":"post","link":"https:\/\/www.cvn.com.co\/en\/panama-se-mantendra-atento-frente-a-la-prorroga-de-aranceles-mixtos-sobre-textiles-en-colombia\/","title":{"rendered":"Panam\u00e1 se mantendr\u00e1 atento frente a la pr\u00f3rroga de aranceles mixtos sobre textiles en Colombia"},"content":{"rendered":"<p>[vc_row][vc_column][vc_empty_space][vc_column_text]<\/p>\n<p class=\"INTRO\" style=\"text-align: justify\">El pa\u00eds vecino anunci\u00f3 que permanecer\u00e1 vigilante tras conocerse la decisi\u00f3n de Colombia de prolongar el arancel mixto sobre los textiles procedentes del pa\u00eds centroamericano al considerarlo dilatorio para no desmantelar la medida.<\/p>\n<p>[\/vc_column_text][\/vc_column][\/vc_row][vc_row][vc_column][dt_call_to_action background=&#8221;fancy&#8221; line=&#8221;true&#8221; style=&#8221;1&#8243; animation=&#8221;bounceInRight&#8221;]<span style=\"font-size: 12pt;color: #333333\">[dt_gap height=&#8221;3&#8243;\/]\u00a0<\/span><\/p>\n<p class=\"p1\"><span class=\"s1\" style=\"font-size: 18pt;color: #1aa8b8\"><\/span><\/p>\n<p><em>\u00a0<\/em> [\/dt_call_to_action][\/vc_column][\/vc_row][vc_row][vc_column][vc_column_text]<\/p>\n<p>&nbsp;<\/p>\n<p style=\"text-align: justify\">Ante esta situaci\u00f3n el Ministerio de Comercio e Industrias de Panam\u00e1 (MICI) dijo en un comunicado que pareciera que la apelaci\u00f3n presentada en su momento por Colombia contra el Informe del Panel de Expertos de la Organizaci\u00f3n Mundial del Comercio OMC, que favoreci\u00f3 a Panam\u00e1 en este litigio pudiera ser una medida dilatoria de Colombia para no desmantelar de forma inmediata esta medida.<\/p>\n<p style=\"text-align: justify\">La prescripci\u00f3n inicial fue establecida mediante el Decreto 456 de 2014, espec\u00edficamente en el art\u00edculo 5\u00b0 y dictaminaba aranceles mixtos,\u00a0sobre\u00a0importaciones a los calzados, textiles y prendas de vestir que Colombia introdujo del pa\u00eds Paname\u00f1o en el a\u00f1o 2013. En total, Colombia aplica aranceles del 10 % a los calzados y textiles provenientes de la Zona Libre de Col\u00f3n y un cargo de 5 d\u00f3lares por cada contenedor.<\/p>\n<p style=\"text-align: justify\">Pero Colombia, pidi\u00f3 que se realizara una pr\u00f3rroga de este impuesto arancelario hasta el 30 de Julio del presente a\u00f1o. El gobierno colombiano argument\u00f3 su decisi\u00f3n diciendo que la reducci\u00f3n de los aranceles principalmente dar\u00eda pie al lavado de activos por los precios bajos que se llegar\u00edan a manejar en las prendas de vestir.<\/p>\n<p style=\"text-align: justify\">Seg\u00fan lo explica la W Radio, el pasado 22 de enero, Colombia apel\u00f3 la decisi\u00f3n de noviembre del Grupo Especial de la OMC por supuestas aplicaciones err\u00f3neas del Entendimiento Relativo a las Normas y Procedimientos por los que se rige la Soluci\u00f3n de Diferencias (ESD) y el Acuerdo General sobre Aranceles Aduaneros y Comercio (GATT) y despu\u00e9s de conocerse el fallo, el pa\u00eds andino anunci\u00f3 que recusar\u00eda porque su medida busca prevenir el contrabando, el comercio il\u00edcito y es &#8220;necesaria para proteger la moral p\u00fablica y un mecanismo de lucha contra el lavado de activos&#8221;.<\/p>\n<p style=\"text-align: justify\">Por otra parte, el Ministro de Comercio de Panam\u00e1, Augusto Arosemena afirm\u00f3 seg\u00fan Panam\u00e1 Am\u00e9rica que seguir\u00e1 el proceso de cerca y conf\u00eda que ambos pa\u00edses acatar\u00e1n el dictamen que sea emitido por la OMC. Para ello, la audiencia ante el \u00d3rgano de Apelaci\u00f3n de la OMC, en el que se ventila esta medida, se llevar\u00e1 a cabo la pr\u00f3xima semana, los d\u00edas 4 y 5 de abril y se espera el dictamen a finales del mes de mayo del presente a\u00f1o.<\/p>\n<p>&nbsp;<\/p>\n<p>[\/vc_column_text][vc_column_text]<\/p>\n<p style=\"text-align: justify\">\n<p style=\"text-align: justify\">Fuente<\/p>\n<p style=\"text-align: justify\"><a href=\"http:\/\/www.panamaamerica.com.pa\/economia\/panama-vigilante-ante-decision-de-colombia-de-prorrogar-el-arancel-mixto-sobre-textiles-y\">Panam\u00e1 vigilante ante decisi\u00f3n de Colombia de prorrogar el Arancel Mixto sobre textiles y otros<\/a> \u2013 Panam\u00e1 Am\u00e9rica<\/p>\n<p style=\"text-align: justify\"><a href=\"http:\/\/www.wradio.com.co\/noticias\/economia\/panama-vigilante-por-prorroga-de-aranceles-mixtos-sobre-textiles-en-colombia\/20160331\/nota\/3097502.aspx\">Panam\u00e1, vigilante por pr\u00f3rroga de aranceles mixtos sobre textiles en Colombia<\/a> \u2013 W Radio<\/p>\n<p>&nbsp;<\/p>\n<p>[\/vc_column_text][\/vc_column][\/vc_row][vc_row][vc_column][\/vc_column][\/vc_row]<\/p>\n","protected":false},"excerpt":{"rendered":"<p>[vc_row][vc_column][vc_empty_space][vc_column_text] El pa\u00eds vecino anunci\u00f3 que permanecer\u00e1 vigilante tras conocerse la decisi\u00f3n de Colombia de prolongar el arancel mixto sobre los textiles procedentes del pa\u00eds centroamericano al considerarlo dilatorio para no desmantelar la medida. [\/vc_column_text][\/vc_column][\/vc_row][vc_row][vc_column][dt_call_to_action background=&#8221;fancy&#8221; line=&#8221;true&#8221; style=&#8221;1&#8243; animation=&#8221;bounceInRight&#8221;][dt_gap height=&#8221;3&#8243;\/]\u00a0 \u00a0 [\/dt_call_to_action][\/vc_column][\/vc_row][vc_row][vc_column][vc_column_text] &nbsp; Ante esta situaci\u00f3n el Ministerio de Comercio e Industrias de Panam\u00e1 (MICI) [&hellip;]<\/p>\n","protected":false},"author":1,"featured_media":0,"comment_status":"closed","ping_status":"closed","sticky":false,"template":"","format":"standard","meta":{"_acf_changed":false,"_joinchat":[],"footnotes":""},"categories":[36],"tags":[],"class_list":["post-18179","post","type-post","status-publish","format-standard","hentry","category-new-trade","entry","owp-thumbs-layout-horizontal","owp-btn-normal","owp-tabs-layout-horizontal","has-no-thumbnails","has-product-nav"],"acf":[],"_links":{"self":[{"href":"https:\/\/www.cvn.com.co\/en\/wp-json\/wp\/v2\/posts\/18179","targetHints":{"allow":["GET"]}}],"collection":[{"href":"https:\/\/www.cvn.com.co\/en\/wp-json\/wp\/v2\/posts"}],"about":[{"href":"https:\/\/www.cvn.com.co\/en\/wp-json\/wp\/v2\/types\/post"}],"author":[{"embeddable":true,"href":"https:\/\/www.cvn.com.co\/en\/wp-json\/wp\/v2\/users\/1"}],"replies":[{"embeddable":true,"href":"https:\/\/www.cvn.com.co\/en\/wp-json\/wp\/v2\/comments?post=18179"}],"version-history":[{"count":0,"href":"https:\/\/www.cvn.com.co\/en\/wp-json\/wp\/v2\/posts\/18179\/revisions"}],"wp:attachment":[{"href":"https:\/\/www.cvn.com.co\/en\/wp-json\/wp\/v2\/media?parent=18179"}],"wp:term":[{"taxonomy":"category","embeddable":true,"href":"https:\/\/www.cvn.com.co\/en\/wp-json\/wp\/v2\/categories?post=18179"},{"taxonomy":"post_tag","embeddable":true,"href":"https:\/\/www.cvn.com.co\/en\/wp-json\/wp\/v2\/tags?post=18179"}],"curies":[{"name":"wp","href":"https:\/\/api.w.org\/{rel}","templated":true}]}}