{"id":18183,"date":"2016-04-04T08:38:15","date_gmt":"2016-04-04T08:38:15","guid":{"rendered":"https:\/\/www.cvn.com.co\/?p=18183"},"modified":"2016-04-04T08:38:15","modified_gmt":"2016-04-04T08:38:15","slug":"colapso-electrico-en-venezuela-seria-inminente","status":"publish","type":"post","link":"https:\/\/www.cvn.com.co\/en\/colapso-electrico-en-venezuela-seria-inminente\/","title":{"rendered":"Colapso el\u00e9ctrico en Venezuela ser\u00eda inminente"},"content":{"rendered":"<p>[vc_row][vc_column][vc_empty_space][vc_column_text]<\/p>\n<p style=\"text-align: justify;\">El gobierno ha reconocido que las medidas de restricci\u00f3n a la jornada laboral no han tenido el impacto requerido para salvaguardar la sostenibilidad del sistema. Lo que se suma a la extrema sequ\u00eda en el embalse El Guri.<\/p>\n<p>[\/vc_column_text][vc_empty_space][dt_call_to_action background=&#8221;fancy&#8221; line=&#8221;true&#8221; style=&#8221;1&#8243; animation=&#8221;bounceInRight&#8221;]<span style=\"font-size: 12pt; color: #333333;\">[dt_gap height=&#8221;3&#8243;\/]\u00a0<\/span><\/p>\n<p class=\"p1\"><span class=\"s1\" style=\"font-size: 18pt; color: #1aa8b8;\"><\/span><\/p>\n<p><em>\u00a0<\/em> [\/dt_call_to_action][vc_empty_space][\/vc_column][\/vc_row][vc_row][vc_column][vc_column_text]<\/p>\n<p style=\"text-align: justify;\">\n<p style=\"text-align: justify;\">Despu\u00e9s de que se decretara como vacacional la totalidad de la semana santa, se redujera la jornada laboral del sector p\u00fablico y de atenci\u00f3n de centros comerciales; el viceministerio para el Desarrollo del Sector y de la Industria El\u00e9ctrica declar\u00f3 que el ahorro presentado no se acerc\u00f3 a la meta de 60%.<\/p>\n<p style=\"text-align: justify;\">Seg\u00fan el reporte de El Pa\u00eds, esta ecuaci\u00f3n fall\u00f3, seg\u00fan el viceministro, porque en la acalorada Semana Santa subi\u00f3 el uso de los aparatos de aire acondicionado. Su declaraci\u00f3n, hecha el pasado lunes en una entrevista al canal del Estado Venezolana de Televisi\u00f3n, solo ha confirmado lo advertido por especialistas en asuntos hidroel\u00e9ctricos: los racionamientos son insuficientes mientras no sea ampliado el sistema generador de energ\u00eda.<\/p>\n<p style=\"text-align: justify;\">Hace dos a\u00f1os, Venezuela fue calificada por la Comisi\u00f3n de Integraci\u00f3n Energ\u00e9tica Regional como la mayor consumidora de electricidad per c\u00e1pita en Am\u00e9rica Latina con 25.000 megavatios, entonces, y cuyas hidroel\u00e9ctricas s\u00f3lo son capaces de generar hasta 24.000 MW.<\/p>\n<p style=\"text-align: justify;\">Muchos expertos han iniciado una cuenta regresiva que concluir\u00e1 con un posible colapso el\u00e9ctrico en 15 o 20 d\u00edas debido a que los niveles de agua del embalse Guri, localizado al sureste del pa\u00eds y responsable de la operatividad de las tres principales hidroel\u00e9ctricas que suministran casi un 70% de la energ\u00eda al pa\u00eds, se encuentran por debajo del m\u00ednimo hist\u00f3rico, registrado en 2003.<\/p>\n<p style=\"text-align: justify;\">El Tiempo cita las hip\u00f3tesis que maneja la oposici\u00f3n sobre las causas de esta situaci\u00f3n, para quienes el desv\u00edo de dinero y sobreprecios en compras de equipos que deb\u00edan instalarse para a\u00f1adir megavatios al sistema termoel\u00e9ctrico son se\u00f1alados por los diputados opositores \u2013y varias investigaciones period\u00edsticas\u2013 como otra de las causas de que el sistema el\u00e9ctrico venezolano no pueda soportar los embates de la sequ\u00eda -que completa 3 a\u00f1os-.<\/p>\n<p style=\"text-align: justify;\">El desfalco, apuntan, superar\u00eda los 50.000 millones de d\u00f3lares; el caso m\u00e1s llamativo es el de la represa de Tocoma, prometida por el difunto presidente Hugo Ch\u00e1vez para el 2012 pero que a\u00fan no entra en funcionamiento, pese a haber absorbido una inversi\u00f3n de m\u00e1s de 8.000 millones de d\u00f3lares.<\/p>\n<p style=\"text-align: justify;\">\n<p>[\/vc_column_text][vc_empty_space][vc_column_text]<\/p>\n<p style=\"text-align: justify;\">\n<p style=\"text-align: justify;\"><b>Fuente:<\/b><\/p>\n<p style=\"text-align: justify;\"><a href=\"http:\/\/internacional.elpais.com\/internacional\/2016\/04\/01\/america\/1459477635_651162.html\"><span style=\"font-weight: 400;\">La receta el\u00e9ctrica fracasa en Venezuela<\/span><\/a><span style=\"font-weight: 400;\"> &#8211; El Pa\u00eds Espa\u00f1a<\/span><\/p>\n<p style=\"text-align: justify;\"><a href=\"http:\/\/www.eltiempo.com\/mundo\/latinoamerica\/crisis-energetica-en-venezuela\/16552209\"><span style=\"font-weight: 400;\">Corrupci\u00f3n y sequ\u00eda marcan la crisis el\u00e9ctrica en Venezuela<\/span><\/a><span style=\"font-weight: 400;\"> &#8211; El Tiempo<\/span><\/p>\n<p style=\"text-align: justify;\">\n<p>[\/vc_column_text][\/vc_column][\/vc_row]<\/p>\n","protected":false},"excerpt":{"rendered":"<p>[vc_row][vc_column][vc_empty_space][vc_column_text] El gobierno ha reconocido que las medidas de restricci\u00f3n a la jornada laboral no han tenido el impacto requerido para salvaguardar la sostenibilidad del sistema. Lo que se suma a la extrema sequ\u00eda en el embalse El Guri. [\/vc_column_text][vc_empty_space][dt_call_to_action background=&#8221;fancy&#8221; line=&#8221;true&#8221; style=&#8221;1&#8243; animation=&#8221;bounceInRight&#8221;][dt_gap height=&#8221;3&#8243;\/]\u00a0 \u00a0 [\/dt_call_to_action][vc_empty_space][\/vc_column][\/vc_row][vc_row][vc_column][vc_column_text] Despu\u00e9s de que se decretara como vacacional la [&hellip;]<\/p>\n","protected":false},"author":8,"featured_media":0,"comment_status":"closed","ping_status":"closed","sticky":false,"template":"","format":"standard","meta":{"_acf_changed":false,"_joinchat":[],"footnotes":""},"categories":[39],"tags":[],"class_list":["post-18183","post","type-post","status-publish","format-standard","hentry","category-new-technology","entry","owp-thumbs-layout-horizontal","owp-btn-normal","owp-tabs-layout-horizontal","has-no-thumbnails","has-product-nav"],"acf":[],"_links":{"self":[{"href":"https:\/\/www.cvn.com.co\/en\/wp-json\/wp\/v2\/posts\/18183","targetHints":{"allow":["GET"]}}],"collection":[{"href":"https:\/\/www.cvn.com.co\/en\/wp-json\/wp\/v2\/posts"}],"about":[{"href":"https:\/\/www.cvn.com.co\/en\/wp-json\/wp\/v2\/types\/post"}],"author":[{"embeddable":true,"href":"https:\/\/www.cvn.com.co\/en\/wp-json\/wp\/v2\/users\/8"}],"replies":[{"embeddable":true,"href":"https:\/\/www.cvn.com.co\/en\/wp-json\/wp\/v2\/comments?post=18183"}],"version-history":[{"count":0,"href":"https:\/\/www.cvn.com.co\/en\/wp-json\/wp\/v2\/posts\/18183\/revisions"}],"wp:attachment":[{"href":"https:\/\/www.cvn.com.co\/en\/wp-json\/wp\/v2\/media?parent=18183"}],"wp:term":[{"taxonomy":"category","embeddable":true,"href":"https:\/\/www.cvn.com.co\/en\/wp-json\/wp\/v2\/categories?post=18183"},{"taxonomy":"post_tag","embeddable":true,"href":"https:\/\/www.cvn.com.co\/en\/wp-json\/wp\/v2\/tags?post=18183"}],"curies":[{"name":"wp","href":"https:\/\/api.w.org\/{rel}","templated":true}]}}