{"id":18238,"date":"2016-04-04T13:24:21","date_gmt":"2016-04-04T13:24:21","guid":{"rendered":"https:\/\/104.244.126.114\/~devcvnco\/?p=18238"},"modified":"2016-04-04T13:24:21","modified_gmt":"2016-04-04T13:24:21","slug":"la-union-europea-oficializo-desembolso-de-8-millones-de-euros-para-el-desarrollo-de-la-agricultura-en-colombia","status":"publish","type":"post","link":"https:\/\/www.cvn.com.co\/en\/la-union-europea-oficializo-desembolso-de-8-millones-de-euros-para-el-desarrollo-de-la-agricultura-en-colombia\/","title":{"rendered":"La Uni\u00f3n Europea oficializ\u00f3 desembolso de 8 millones de euros para el desarrollo de la agricultura en Colombia"},"content":{"rendered":"<p>[vc_row][vc_column][vc_empty_space][vc_column_text]<\/p>\n<p class=\"INTRO\" style=\"text-align: justify\">Con motivo de la visita al territorio nacional de la Directora General de Desarrollo y Cooperaci\u00f3n de la Comisi\u00f3n Europea para Am\u00e9rica Latina y el Caribe, Jolita Butkeviciene, se hizo oficial el desembolso de la Uni\u00f3n Europea al Gobierno de Colombia de 8 millones de euros como ayuda para el desarrollo rural y de la agricultura.<\/p>\n<p>[\/vc_column_text][\/vc_column][\/vc_row][vc_row][vc_column][dt_call_to_action background=&#8221;fancy&#8221; line=&#8221;true&#8221; style=&#8221;1&#8243; animation=&#8221;bounceInRight&#8221;]<span style=\"font-size: 12pt;color: #333333\">[dt_gap height=&#8221;3&#8243;\/]\u00a0<\/span><\/p>\n<p class=\"p1\"><span class=\"s1\" style=\"font-size: 18pt;color: #1aa8b8\"><\/span><\/p>\n<p><em>\u00a0<\/em> [\/dt_call_to_action][\/vc_column][\/vc_row][vc_row][vc_column][vc_column_text]<\/p>\n<p>&nbsp;<\/p>\n<p style=\"text-align: justify\">Ya es una realidad el desembolso del segundo pago que la Uni\u00f3n Europea (UE) hace al Gobierno de Colombia, acordado previamente en el marco de los convenios de apoyo a la implementaci\u00f3n de la pol\u00edtica de transformaci\u00f3n del campo. All\u00ed se estipul\u00f3 que ser\u00eda 8 millones de euros la cifra que entregar\u00eda la UE al pa\u00eds cafetero como impulso al desarrollo rural y la agricultura familiar.<\/p>\n<p style=\"text-align: justify\">La realizaci\u00f3n del evento se desarroll\u00f3 en el Sal\u00f3n Esmeralda del\u00a0Hotel\u00a0Tequendama de Bogot\u00e1. En el acto protocolario tuvo como invitados principales a la ya mencionada Directora General de Desarrollo y Cooperaci\u00f3n de la Comisi\u00f3n Europea para Am\u00e9rica Latina y el Caribe, Jolita Butkeviciene, el Viceministro de Desarrollo Rural, Juan Pablo DiazGranados, la Embajadora de la UE en Colombia, Ana Paula Zacar\u00edas y el director de Agencia Presidencial de Cooperaci\u00f3n, Alejandro Gamboa.<\/p>\n<p style=\"text-align: justify\">Seg\u00fan lo manifest\u00f3 el Ministerio de Comercio, Industria y Turismo, se trata de 8 millones de euros para el desarrollo rural de Colombia y el impulso de la agricultura\u00a0familiar\u00a0(unos 28 mil millones de pesos), de los cuales \u20ac 3.796.000 son para el programa \u201cApoyo al Sector L\u00e1cteo\u201d y \u20ac 4.410.000 son destinados al programa \u201cDesarrollo Rural con Enfoque Territorial (DRET)\u201d.<\/p>\n<p style=\"text-align: justify\">A su vez, la Directora de Cooperaci\u00f3n, Butkeviciene ha manifestado su entusiasmo por el apoyo que se le est\u00e1 brindando a Colombia y a su desarrollo rural. As\u00ed mismo resalt\u00f3 que es importante la construcci\u00f3n de paz, la erradicaci\u00f3n de la pobreza y el uso sostenible de los recursos para hacer efectivos los programas de desarrollo rural ya planeados entre ambos territorios.<\/p>\n<p style=\"text-align: justify\">Por otra parte, el Viceministro DiazGranados hizo \u00e9nfasis en la importancia de la cooperaci\u00f3n para el desarrollo del agro colombiano, adem\u00e1s resalt\u00f3 que la entrega de este desembolso demuestra la\u00a0confianza\u00a0que la Uni\u00f3n Europea en las pol\u00edticas de Colombia que privilegian el desarrollo rural como pilar fundamental en la consolidaci\u00f3n de la paz; seg\u00fan lo explica Radio Santaf\u00e9.<\/p>\n<p>&nbsp;<\/p>\n<p>[\/vc_column_text][vc_column_text]<\/p>\n<p style=\"text-align: justify\">\n<p style=\"text-align: justify\">Fuente<\/p>\n<p style=\"text-align: justify\"><a href=\"http:\/\/www.mincit.gov.co\/publicaciones.php?id=36232\">La UE desembolsa 8 millones de euros para el desarrollo rural de Colombia<\/a> \u2013 Ministerio de Comercio, Industria y Turismo<\/p>\n<p style=\"text-align: justify\"><a href=\"http:\/\/www.radiosantafe.com\/2016\/04\/01\/ue-entrega-recursos-para-impulsar-desarrollo-rural-y-agricultura-familiar\/\">UE entrega recursos para impulsar desarrollo rural y agricultura familiar<\/a> \u2013 Radio Santaf\u00e9<\/p>\n<p>&nbsp;<\/p>\n<p>[\/vc_column_text][\/vc_column][\/vc_row][vc_row][vc_column][\/vc_column][\/vc_row]<\/p>\n","protected":false},"excerpt":{"rendered":"<p>[vc_row][vc_column][vc_empty_space][vc_column_text] Con motivo de la visita al territorio nacional de la Directora General de Desarrollo y Cooperaci\u00f3n de la Comisi\u00f3n Europea para Am\u00e9rica Latina y el Caribe, Jolita Butkeviciene, se hizo oficial el desembolso de la Uni\u00f3n Europea al Gobierno de Colombia de 8 millones de euros como ayuda para el desarrollo rural y de [&hellip;]<\/p>\n","protected":false},"author":8,"featured_media":0,"comment_status":"closed","ping_status":"closed","sticky":false,"template":"","format":"standard","meta":{"_acf_changed":false,"_joinchat":[],"footnotes":""},"categories":[38],"tags":[],"class_list":["post-18238","post","type-post","status-publish","format-standard","hentry","category-new-food-and-beverages","entry","owp-thumbs-layout-horizontal","owp-btn-normal","owp-tabs-layout-horizontal","has-no-thumbnails","has-product-nav"],"acf":[],"_links":{"self":[{"href":"https:\/\/www.cvn.com.co\/en\/wp-json\/wp\/v2\/posts\/18238","targetHints":{"allow":["GET"]}}],"collection":[{"href":"https:\/\/www.cvn.com.co\/en\/wp-json\/wp\/v2\/posts"}],"about":[{"href":"https:\/\/www.cvn.com.co\/en\/wp-json\/wp\/v2\/types\/post"}],"author":[{"embeddable":true,"href":"https:\/\/www.cvn.com.co\/en\/wp-json\/wp\/v2\/users\/8"}],"replies":[{"embeddable":true,"href":"https:\/\/www.cvn.com.co\/en\/wp-json\/wp\/v2\/comments?post=18238"}],"version-history":[{"count":0,"href":"https:\/\/www.cvn.com.co\/en\/wp-json\/wp\/v2\/posts\/18238\/revisions"}],"wp:attachment":[{"href":"https:\/\/www.cvn.com.co\/en\/wp-json\/wp\/v2\/media?parent=18238"}],"wp:term":[{"taxonomy":"category","embeddable":true,"href":"https:\/\/www.cvn.com.co\/en\/wp-json\/wp\/v2\/categories?post=18238"},{"taxonomy":"post_tag","embeddable":true,"href":"https:\/\/www.cvn.com.co\/en\/wp-json\/wp\/v2\/tags?post=18238"}],"curies":[{"name":"wp","href":"https:\/\/api.w.org\/{rel}","templated":true}]}}