{"id":18248,"date":"2016-04-05T15:00:30","date_gmt":"2016-04-05T15:00:30","guid":{"rendered":"https:\/\/www.cvn.com.co\/?p=18248"},"modified":"2016-04-05T15:00:30","modified_gmt":"2016-04-05T15:00:30","slug":"en-colombia-caen-las-ventas-de-vehiculos-en-el-mes-de-marzo","status":"publish","type":"post","link":"https:\/\/www.cvn.com.co\/en\/en-colombia-caen-las-ventas-de-vehiculos-en-el-mes-de-marzo\/","title":{"rendered":"En Colombia caen las ventas de veh\u00edculos en el mes de marzo"},"content":{"rendered":"<p>[vc_row][vc_column][vc_empty_space][vc_column_text]<\/p>\n<p class=\"INTRO\" style=\"text-align: justify\">En el mes anterior, el registro de matr\u00edculas de autos nuevos tuvo una ca\u00edda del 20% con respecto al mismo mes del 2015, se cree que el alza del d\u00f3lar fue determinante para frenar la compra de los veh\u00edculos.<\/p>\n<p>[\/vc_column_text][\/vc_column][\/vc_row][vc_row][vc_column][dt_call_to_action background=&#8221;fancy&#8221; line=&#8221;true&#8221; style=&#8221;1&#8243; animation=&#8221;bounceInRight&#8221;]<span style=\"font-size: 12pt;color: #333333\">[dt_gap height=&#8221;3&#8243;\/]\u00a0<\/span><\/p>\n<p class=\"p1\"><span class=\"s1\" style=\"font-size: 18pt;color: #1aa8b8\"><\/span><\/p>\n<p><em>\u00a0<\/em> [\/dt_call_to_action][\/vc_column][\/vc_row][vc_row][vc_column][vc_empty_space][vc_column_text]<\/p>\n<p style=\"text-align: justify\">En marzo del 2016, la venta de veh\u00edculos nuevos en Colombia registr\u00f3 una ca\u00edda del 20% con relaci\u00f3n al mismo periodo del a\u00f1o inmediatamente anterior. En total se registraron en el RUNT (Registro \u00danico Nacional de Tr\u00e1nsito) 19.737 veh\u00edculos mientras que en el 2015 la cifra alcanz\u00f3 los 24.671 veh\u00edculos.<\/p>\n<p style=\"text-align: justify\">La principal situaci\u00f3n que se estima como la\u00a0 causa de este fen\u00f3meno es el incremento del d\u00f3lar en los \u00faltimos meses, debido a ello, algunos veh\u00edculos han subido de precio y por ende los posibles compradores no han podido adquirir su medio de transporte.<\/p>\n<p style=\"text-align: justify\">Otro de los factores que se cree pudo haber influido en el freno de compra de los veh\u00edculos en lo que va del 2016 es la inestabilidad econ\u00f3mica de los ciudadanos colombianos. Es decir, existe un temor latente entre los colaboradores en perder su trabajo en cualquier momento o en entrar en una fuerte crisis econ\u00f3mica y por eso prefieren abstenerse de realizar compras innecesarias o de adquirir deudas de gran magnitud.<\/p>\n<p style=\"text-align: justify\">Seg\u00fan lo manifiesta el diario El Tiempo, las ventas de veh\u00edculos en el trimestre sumaron 56.755, con un descenso del 17,4%, frente a igual periodo del 2015, cuando se registraron 68.783. Sin embargo, el director de SK Berg\u00e9 Colombia -importador entre otras marcas de Chrysler-, Andr\u00e9s Aguirre, dijo que a\u00fan existen precios de inventario a un d\u00f3lar bajo y las tasas de inter\u00e9s (al p\u00fablico) no han subido sustancialmente, por lo que es oportuno acelerar la decisi\u00f3n de compra de veh\u00edculo.<\/p>\n<p style=\"text-align: justify\">Por otra parte, los veh\u00edculos que m\u00e1s aumentaron de precio durante 2015, seg\u00fan cifras dadas por Portafolio.co, fueron los de gama alta, tanto autom\u00f3viles como camionetas y pick-ups. En total, el precio promedio aument\u00f3 un 16% anual en 2015, liderado por el incremento de las Pick-ups (24,6% anual) y las camionetas (17%). Al contrario, los autom\u00f3viles aumentaron por debajo del promedio en un 15,2% anual.<\/p>\n<p style=\"text-align: justify\">Cabe resaltar que el sector de veh\u00edculos y de motocicletas representan el 3% y el 15 respectivamente de la producci\u00f3n bruta industrial, teniendo un comportamiento similar al que representan la elaboraci\u00f3n de bebidas y de productos alimenticios, que ocupan el tercer y cuarto lugar en tama\u00f1o, respectivamente, entre los sectores industriales.<\/p>\n<p>&nbsp;<\/p>\n<p>[\/vc_column_text][vc_column_text]<\/p>\n<p style=\"text-align: justify\">\n<p style=\"text-align: justify\">Fuente<\/p>\n<p style=\"text-align: justify\"><a href=\"http:\/\/www.portafolio.co\/negocios\/registro-matriculas-carros-nuevos-marzo-2016-493547\">En marzo, el registro de matr\u00edculas de carros nuevos cay\u00f3 20 por ciento<\/a> \u2013 Portafolio.co<\/p>\n<p style=\"text-align: justify\"><a href=\"http:\/\/www.eltiempo.com\/economia\/sectores\/bajan-ventas-de-carros-en-colombia\/16555243\">Matr\u00edculas de carros nuevos en el pa\u00eds cayeron en marzo 20 %<\/a> &#8211; El Tiempo<\/p>\n<p>[\/vc_column_text][\/vc_column][\/vc_row][vc_row][vc_column][\/vc_column][\/vc_row]<\/p>\n","protected":false},"excerpt":{"rendered":"<p>[vc_row][vc_column][vc_empty_space][vc_column_text] En el mes anterior, el registro de matr\u00edculas de autos nuevos tuvo una ca\u00edda del 20% con respecto al mismo mes del 2015, se cree que el alza del d\u00f3lar fue determinante para frenar la compra de los veh\u00edculos. [\/vc_column_text][\/vc_column][\/vc_row][vc_row][vc_column][dt_call_to_action background=&#8221;fancy&#8221; line=&#8221;true&#8221; style=&#8221;1&#8243; animation=&#8221;bounceInRight&#8221;][dt_gap height=&#8221;3&#8243;\/]\u00a0 \u00a0 [\/dt_call_to_action][\/vc_column][\/vc_row][vc_row][vc_column][vc_empty_space][vc_column_text] En marzo del 2016, la venta de [&hellip;]<\/p>\n","protected":false},"author":1,"featured_media":0,"comment_status":"closed","ping_status":"closed","sticky":false,"template":"","format":"standard","meta":{"_acf_changed":false,"_joinchat":[],"footnotes":""},"categories":[37],"tags":[],"class_list":["post-18248","post","type-post","status-publish","format-standard","hentry","category-new_automotive","entry","owp-thumbs-layout-horizontal","owp-btn-normal","owp-tabs-layout-horizontal","has-no-thumbnails","has-product-nav"],"acf":[],"_links":{"self":[{"href":"https:\/\/www.cvn.com.co\/en\/wp-json\/wp\/v2\/posts\/18248","targetHints":{"allow":["GET"]}}],"collection":[{"href":"https:\/\/www.cvn.com.co\/en\/wp-json\/wp\/v2\/posts"}],"about":[{"href":"https:\/\/www.cvn.com.co\/en\/wp-json\/wp\/v2\/types\/post"}],"author":[{"embeddable":true,"href":"https:\/\/www.cvn.com.co\/en\/wp-json\/wp\/v2\/users\/1"}],"replies":[{"embeddable":true,"href":"https:\/\/www.cvn.com.co\/en\/wp-json\/wp\/v2\/comments?post=18248"}],"version-history":[{"count":0,"href":"https:\/\/www.cvn.com.co\/en\/wp-json\/wp\/v2\/posts\/18248\/revisions"}],"wp:attachment":[{"href":"https:\/\/www.cvn.com.co\/en\/wp-json\/wp\/v2\/media?parent=18248"}],"wp:term":[{"taxonomy":"category","embeddable":true,"href":"https:\/\/www.cvn.com.co\/en\/wp-json\/wp\/v2\/categories?post=18248"},{"taxonomy":"post_tag","embeddable":true,"href":"https:\/\/www.cvn.com.co\/en\/wp-json\/wp\/v2\/tags?post=18248"}],"curies":[{"name":"wp","href":"https:\/\/api.w.org\/{rel}","templated":true}]}}