{"id":18264,"date":"2016-04-07T20:41:58","date_gmt":"2016-04-07T20:41:58","guid":{"rendered":"https:\/\/www.cvn.com.co\/?p=18264"},"modified":"2016-04-07T20:41:58","modified_gmt":"2016-04-07T20:41:58","slug":"en-mexico-cayo-la-produccion-y-exportacion-de-vehiculos","status":"publish","type":"post","link":"https:\/\/www.cvn.com.co\/en\/en-mexico-cayo-la-produccion-y-exportacion-de-vehiculos\/","title":{"rendered":"En M\u00e9xico, cay\u00f3 la producci\u00f3n y exportaci\u00f3n de veh\u00edculos"},"content":{"rendered":"<p>[vc_row][vc_column][vc_empty_space][vc_column_text]<\/p>\n<p class=\"INTRO\" style=\"text-align: justify\">En marzo del 2016, la producci\u00f3n automotriz en el pa\u00eds centroamericano present\u00f3 una ca\u00edda al igual que las exportaciones del sector. Se estima que una de las causas puede ser el adelanto de la Semana Santa, que al anticiparse a llegar, disminuy\u00f3 el volumen de fabricaci\u00f3n.<\/p>\n<p>[\/vc_column_text][\/vc_column][\/vc_row][vc_row][vc_column][dt_call_to_action background=&#8221;fancy&#8221; line=&#8221;true&#8221; style=&#8221;1&#8243; animation=&#8221;bounceInRight&#8221;]<span style=\"font-size: 12pt;color: #333333\">[dt_gap height=&#8221;3&#8243;\/]\u00a0<\/span><\/p>\n<p class=\"p1\"><span class=\"s1\" style=\"font-size: 18pt;color: #1aa8b8\"><\/span><\/p>\n<p><em>\u00a0<\/em> [\/dt_call_to_action][\/vc_column][\/vc_row][vc_row][vc_column][vc_column_text]<\/p>\n<p>&nbsp;<\/p>\n<p style=\"text-align: justify\">Al parecer, la industria automotriz en M\u00e9xico no va muy bien en lo que corresponde a la producci\u00f3n y exportaci\u00f3n de veh\u00edculos en el 2016; los datos registrados para el mes anterior cuentan que la producci\u00f3n de veh\u00edculos cay\u00f3 un 11% ya que en total se fabricaron 266 mil unidades y las exportaciones se redujeron en un 14.2% al enviar 224.184 veh\u00edculos al exterior.<\/p>\n<p style=\"text-align: justify\">Una de las principales causas que los representantes del sector manifiestan como aliciente para la ca\u00edda de la producci\u00f3n y exportaci\u00f3n de veh\u00edculos en el pa\u00eds es que debido a que la Semana Santa se corri\u00f3 aproximadamente una semana calendario y pas\u00f3 de estar en abril a marzo, las f\u00e1bricas cesaron sus actividades durante esta fecha y la producci\u00f3n l\u00f3gicamente se vio disminuida. Otra de las posibles causas de este desplome fue debido a que en marzo algunas plantas tuvieron paros t\u00e9cnicos programados por mantenimiento, haciendo que inevitablemente el volumen de producci\u00f3n fuese menor.<\/p>\n<p style=\"text-align: justify\">Seg\u00fan la informaci\u00f3n obtenida mediante El Informador de M\u00e9xico, en el primer trimestre del a\u00f1o, la\u00a0producci\u00f3n automotriz\u00a0alcanz\u00f3 las 805.736 unidades, una ca\u00edda de 5.1%, respecto al primer trimestre del a\u00f1o anterior. En el rubro de\u00a0exportaci\u00f3n, en el acumulado enero-marzo, se exportaron 657.098 unidades, 4.6% menos respecto al primer trimestre de 2014.<\/p>\n<p style=\"text-align: justify\">Igualmente, varias de las principales ensambladoras del pa\u00eds, como las unidades locales de Fiat Chrysler Automobiles, General Motors, Ford Motor, Volkswagen y Mazda Motor reportaron significativas reducciones tanto en producci\u00f3n como en ventas al extranjero en marzo, seg\u00fan lo afirm\u00f3 el medio Swissinfo.ch.<\/p>\n<p style=\"text-align: justify\">A pesar del panorama poco alentador que se evidencia en el sector automotriz en M\u00e9xico, el presidente de la Asociaci\u00f3n Mexicana de la Industria Automotriz\u00a0(AMIA), Eduardo Sol\u00eds, sostuvo que para finales del 2016 la industria lograr\u00e1 cifras r\u00e9cord en cuanto a la producci\u00f3n y exportaci\u00f3n de veh\u00edculos tal y como sucedi\u00f3 en el 2015; ya que el impulso provendr\u00e1 principalmente de la demanda saludable de veh\u00edculos desde Estados Unidos y por la puesta en marcha de nuevas f\u00e1bricas.<\/p>\n<p>&nbsp;<\/p>\n<p>[\/vc_column_text][vc_column_text]<\/p>\n<p style=\"text-align: justify\">\n<p style=\"text-align: justify\">Fuente<\/p>\n<p style=\"text-align: justify\"><a href=\"http:\/\/www.swissinfo.ch\/spa\/producci%C3%B3n-y-exportaci%C3%B3n-autos-m%C3%A9xico-caen-con-fuerza-en-marzo--industria-sigue-rumbo-a-r%C3%A9cord\/42071934\">Producci\u00f3n y exportaci\u00f3n autos M\u00e9xico caen con fuerza en marzo, industria sigue rumbo a r\u00e9cord<\/a> \u2013 Swissinfo.ch<\/p>\n<p style=\"text-align: justify\"><a href=\"http:\/\/www.informador.com.mx\/economia\/2016\/654339\/6\/produccion-y-exportacion-automotriz-caen-en-marzo.htm\">Producci\u00f3n y exportaci\u00f3n automotriz caen en marzo<\/a> \u2013 Informador.mx<\/p>\n<p>&nbsp;<\/p>\n<p>[\/vc_column_text][\/vc_column][\/vc_row][vc_row][vc_column][\/vc_column][\/vc_row]<\/p>\n","protected":false},"excerpt":{"rendered":"<p>[vc_row][vc_column][vc_empty_space][vc_column_text] En marzo del 2016, la producci\u00f3n automotriz en el pa\u00eds centroamericano present\u00f3 una ca\u00edda al igual que las exportaciones del sector. Se estima que una de las causas puede ser el adelanto de la Semana Santa, que al anticiparse a llegar, disminuy\u00f3 el volumen de fabricaci\u00f3n. [\/vc_column_text][\/vc_column][\/vc_row][vc_row][vc_column][dt_call_to_action background=&#8221;fancy&#8221; line=&#8221;true&#8221; style=&#8221;1&#8243; animation=&#8221;bounceInRight&#8221;][dt_gap height=&#8221;3&#8243;\/]\u00a0 \u00a0 [\/dt_call_to_action][\/vc_column][\/vc_row][vc_row][vc_column][vc_column_text] [&hellip;]<\/p>\n","protected":false},"author":1,"featured_media":0,"comment_status":"closed","ping_status":"closed","sticky":false,"template":"","format":"standard","meta":{"_acf_changed":false,"_joinchat":[],"footnotes":""},"categories":[37],"tags":[],"class_list":["post-18264","post","type-post","status-publish","format-standard","hentry","category-new_automotive","entry","owp-thumbs-layout-horizontal","owp-btn-normal","owp-tabs-layout-horizontal","has-no-thumbnails","has-product-nav"],"acf":[],"_links":{"self":[{"href":"https:\/\/www.cvn.com.co\/en\/wp-json\/wp\/v2\/posts\/18264","targetHints":{"allow":["GET"]}}],"collection":[{"href":"https:\/\/www.cvn.com.co\/en\/wp-json\/wp\/v2\/posts"}],"about":[{"href":"https:\/\/www.cvn.com.co\/en\/wp-json\/wp\/v2\/types\/post"}],"author":[{"embeddable":true,"href":"https:\/\/www.cvn.com.co\/en\/wp-json\/wp\/v2\/users\/1"}],"replies":[{"embeddable":true,"href":"https:\/\/www.cvn.com.co\/en\/wp-json\/wp\/v2\/comments?post=18264"}],"version-history":[{"count":0,"href":"https:\/\/www.cvn.com.co\/en\/wp-json\/wp\/v2\/posts\/18264\/revisions"}],"wp:attachment":[{"href":"https:\/\/www.cvn.com.co\/en\/wp-json\/wp\/v2\/media?parent=18264"}],"wp:term":[{"taxonomy":"category","embeddable":true,"href":"https:\/\/www.cvn.com.co\/en\/wp-json\/wp\/v2\/categories?post=18264"},{"taxonomy":"post_tag","embeddable":true,"href":"https:\/\/www.cvn.com.co\/en\/wp-json\/wp\/v2\/tags?post=18264"}],"curies":[{"name":"wp","href":"https:\/\/api.w.org\/{rel}","templated":true}]}}