{"id":18359,"date":"2016-04-19T19:41:12","date_gmt":"2016-04-19T19:41:12","guid":{"rendered":"https:\/\/www.cvn.com.co\/?p=18359"},"modified":"2016-04-19T19:41:12","modified_gmt":"2016-04-19T19:41:12","slug":"se-confirman-dos-casos-de-microcefalia-por-virus-del-zika-en-colombia","status":"publish","type":"post","link":"https:\/\/www.cvn.com.co\/en\/se-confirman-dos-casos-de-microcefalia-por-virus-del-zika-en-colombia\/","title":{"rendered":"Se confirman dos casos de microcefalia por virus del Zika en Colombia"},"content":{"rendered":"<p>[vc_row][vc_column][vc_empty_space][vc_column_text]<\/p>\n<p class=\"INTRO\" style=\"text-align: justify\">Seg\u00fan lo afirm\u00f3 el Ministerio de Salud, tras analizar 33 casos de microcefalia en el pa\u00eds, se determin\u00f3 que dos de ellos fueron causados por contraer el virus del Zika durante el embarazo; otros 15 siguen en estudio.<\/p>\n<p>[\/vc_column_text][\/vc_column][\/vc_row][vc_row][vc_column][dt_call_to_action background=&#8221;fancy&#8221; line=&#8221;true&#8221; style=&#8221;1&#8243; animation=&#8221;bounceInRight&#8221;]<span style=\"font-size: 12pt;color: #333333\">[dt_gap height=&#8221;3&#8243;\/]\u00a0<\/span><\/p>\n<p class=\"p1\"><span class=\"s1\" style=\"font-size: 18pt;color: #1aa8b8\"><\/span><\/p>\n<p><em>\u00a0<\/em> [\/dt_call_to_action][\/vc_column][\/vc_row][vc_row][vc_column][vc_column_text]<\/p>\n<p>&nbsp;<\/p>\n<p style=\"text-align: justify\">El virus del Zika es una enfermedad infecciosa transmitida a trav\u00e9s de la picadura del mosquito Aedes Aegypti y que puede generar s\u00edntomas como fiebre, erupciones en la piel, dolor en las articulaciones, en la cabeza y espalda, ojos rojos, entre otros. Adem\u00e1s, hasta el momento se ten\u00eda planteada una hip\u00f3tesis que relacionaba al virus con la microcefalia en los reci\u00e9n nacidos al haber adquirido la madre el virus mientras se encontraba en estado de embarazo. Sin embargo, no exist\u00edan pruebas contundentes que afirmaran o negaran la hip\u00f3tesis planteada.<\/p>\n<p style=\"text-align: justify\">Pero la semana pasada, el Ministerio de Salud de Colombia junto con el Instituto Nacional de Salud (INS) confirmaron que tras analizar 33 casos de microcefalia en todo el pa\u00eds, se encontr\u00f3 que dos de ellos fueron causados por el virus del Zika que contrajo la progenitora mientras estaba gestando.<\/p>\n<p style=\"text-align: justify\">Los casos ocurrieron en los departamentos de Cundinamarca y Norte de Santander, claro est\u00e1 que los afectados tienen derecho a su intimidad,\u00a0 por ende gozan de absoluta confidencialidad y la ley impide que sean revelados sus nombres.<\/p>\n<p style=\"text-align: justify\">Seg\u00fan lo afirma El Tiempo, de los 33 casos, 15 siguen en estudio y 16 fueron descartados de manera absoluta\u00a0a trav\u00e9s de la pr\u00e1ctica de m\u00e1s de 10 pruebas dise\u00f1adas por el INS en conjunto con una comisi\u00f3n de los Centros para la Prevenci\u00f3n y el Control de Enfermedades de Atlanta (CDC, Estados Unidos), que se encuentra en el pa\u00eds desde el 12 de febrero.<\/p>\n<p style=\"text-align: justify\">Es posible que en el pa\u00eds, seg\u00fan las estimaciones del INS publicadas en El Espectador, se presenten entre 95 y 300 casos de microcefalia y hasta 380 del s\u00edndrome de Guillain Barr\u00e9. \u201cComo m\u00e1ximo habr\u00e1 200.000 casos cl\u00ednicos de la enfermedad en todo el territorio nacional\u201d, dijo \u00a0el Viceministro de Salud P\u00fablica, Fernando Ruiz. Hasta el momento se han reportado de 70 mil personas con zika en Colombia.<\/p>\n<p style=\"text-align: justify\">Pese a este hallazgo, la Organizaci\u00f3n Mundial de la Salud (OMS) estima que a\u00fan deben realizarse m\u00e1s estudios cient\u00edficos que comprueben en definitiva la vinculaci\u00f3n del virus del Zika con los casos de microcefalia en los reci\u00e9n nacidos.<\/p>\n<p>&nbsp;<\/p>\n<p>[\/vc_column_text][vc_column_text]<\/p>\n<p style=\"text-align: justify\">\n<p style=\"text-align: justify\">\u00a0Fuente<\/p>\n<p style=\"text-align: justify\"><a href=\"http:\/\/www.eltiempo.com\/estilo-de-vida\/salud\/virus-del-zika-confirman-dos-casos-de-microcefalia-y-zika-en-colombia-\/16563543\">Confirman primeros casos de microcefalia causados por zika en Colombia<\/a> \u2013 El Tiempo<\/p>\n<p style=\"text-align: justify\"><a href=\"http:\/\/www.elespectador.com\/noticias\/salud\/colombia-confirma-los-dos-primeros-casos-de-microcefali-articulo-627046\">Colombia confirma los dos primeros casos de microcefalia por zika<\/a> \u2013 El Espectador<\/p>\n<p>[\/vc_column_text][\/vc_column][\/vc_row][vc_row][vc_column][\/vc_column][\/vc_row]<\/p>\n","protected":false},"excerpt":{"rendered":"<p>[vc_row][vc_column][vc_empty_space][vc_column_text] Seg\u00fan lo afirm\u00f3 el Ministerio de Salud, tras analizar 33 casos de microcefalia en el pa\u00eds, se determin\u00f3 que dos de ellos fueron causados por contraer el virus del Zika durante el embarazo; otros 15 siguen en estudio. [\/vc_column_text][\/vc_column][\/vc_row][vc_row][vc_column][dt_call_to_action background=&#8221;fancy&#8221; line=&#8221;true&#8221; style=&#8221;1&#8243; animation=&#8221;bounceInRight&#8221;][dt_gap height=&#8221;3&#8243;\/]\u00a0 \u00a0 [\/dt_call_to_action][\/vc_column][\/vc_row][vc_row][vc_column][vc_column_text] &nbsp; El virus del Zika es una enfermedad [&hellip;]<\/p>\n","protected":false},"author":1,"featured_media":0,"comment_status":"closed","ping_status":"closed","sticky":false,"template":"","format":"standard","meta":{"_acf_changed":false,"_joinchat":[],"footnotes":""},"categories":[35],"tags":[],"class_list":["post-18359","post","type-post","status-publish","format-standard","hentry","category-new-healthcare","entry","owp-thumbs-layout-horizontal","owp-btn-normal","owp-tabs-layout-horizontal","has-no-thumbnails","has-product-nav"],"acf":[],"_links":{"self":[{"href":"https:\/\/www.cvn.com.co\/en\/wp-json\/wp\/v2\/posts\/18359","targetHints":{"allow":["GET"]}}],"collection":[{"href":"https:\/\/www.cvn.com.co\/en\/wp-json\/wp\/v2\/posts"}],"about":[{"href":"https:\/\/www.cvn.com.co\/en\/wp-json\/wp\/v2\/types\/post"}],"author":[{"embeddable":true,"href":"https:\/\/www.cvn.com.co\/en\/wp-json\/wp\/v2\/users\/1"}],"replies":[{"embeddable":true,"href":"https:\/\/www.cvn.com.co\/en\/wp-json\/wp\/v2\/comments?post=18359"}],"version-history":[{"count":0,"href":"https:\/\/www.cvn.com.co\/en\/wp-json\/wp\/v2\/posts\/18359\/revisions"}],"wp:attachment":[{"href":"https:\/\/www.cvn.com.co\/en\/wp-json\/wp\/v2\/media?parent=18359"}],"wp:term":[{"taxonomy":"category","embeddable":true,"href":"https:\/\/www.cvn.com.co\/en\/wp-json\/wp\/v2\/categories?post=18359"},{"taxonomy":"post_tag","embeddable":true,"href":"https:\/\/www.cvn.com.co\/en\/wp-json\/wp\/v2\/tags?post=18359"}],"curies":[{"name":"wp","href":"https:\/\/api.w.org\/{rel}","templated":true}]}}