{"id":18542,"date":"2016-05-12T20:41:08","date_gmt":"2016-05-12T20:41:08","guid":{"rendered":"https:\/\/www.cvn.com.co\/?p=18542"},"modified":"2016-05-12T20:41:08","modified_gmt":"2016-05-12T20:41:08","slug":"en-medellin-crece-alarma-por-propagacion-del-dengue","status":"publish","type":"post","link":"https:\/\/www.cvn.com.co\/en\/en-medellin-crece-alarma-por-propagacion-del-dengue\/","title":{"rendered":"En Medell\u00edn crece alarma por propagaci\u00f3n del dengue"},"content":{"rendered":"<p>[vc_row][vc_column][vc_empty_space][vc_column_text]<\/p>\n<p class=\"INTRO\" style=\"text-align: justify\">La Secretar\u00eda de Salud confirm\u00f3 que este a\u00f1o se han multiplicado por cinco los casos de dengue en la ciudad de Medell\u00edn, inclusive se ha convertido en un riesgo para la salud p\u00fablica. La Alcald\u00eda pidi\u00f3 a la comunidad tomar medidas de prevenci\u00f3n para evitar una propagaci\u00f3n mayor.<\/p>\n<p>[\/vc_column_text][\/vc_column][\/vc_row][vc_row][vc_column][dt_call_to_action background=&#8221;fancy&#8221; line=&#8221;true&#8221; style=&#8221;1&#8243; animation=&#8221;bounceInRight&#8221;]<span style=\"font-size: 12pt;color: #333333\">[dt_gap height=&#8221;3&#8243;\/]\u00a0<\/span><\/p>\n<p class=\"p1\"><span class=\"s1\" style=\"font-size: 18pt;color: #1aa8b8\"><\/span><\/p>\n<p><em>\u00a0<\/em> [\/dt_call_to_action][\/vc_column][\/vc_row][vc_row][vc_column][vc_column_text]<\/p>\n<p>&nbsp;<\/p>\n<p style=\"text-align: justify\">En la capital antioque\u00f1a se viene presentando en lo que va del 2016 un aumento de los casos del virus del dengue, causado por la picadura del mosquito <em>Aedes Aegipty<\/em>, que tambi\u00e9n se encarga de transmitir el Chikungu\u00f1a y el Zika. Seg\u00fan lo report\u00f3 la Secretar\u00eda de Salud, en los primeros cinco meses del a\u00f1o van 4.690 casos en la ciudad, lo que tiene en alerta m\u00e1xima a las autoridades del departamento.<\/p>\n<p style=\"text-align: justify\">El aumento, si se compara con los datos registrados en el mismo periodo del 2015 han aumentado considerablemente, ya que se multiplicaron por cinco. En el 2015 los casos registrados fueron de 862, mientras que en el presente a\u00f1o, ya van 4.690 casos. Se estima que la propagaci\u00f3n masiva del dengue se debe a la variabilidad clim\u00e1tica de la ciudad, a ra\u00edz de ello, el periodo de incubaci\u00f3n del mosquito es m\u00e1s corto y facilita los contagios de la enfermedad.<\/p>\n<p style=\"text-align: justify\">As\u00ed mismo, Enrique Antonio Henao, l\u00edder de Salud Ambiental de la Secretar\u00eda de Salud agreg\u00f3 al El Colombiano que, el aumento en los casos de dengue se debe tambi\u00e9n a que hay 2,4 millones de personas susceptibles a la enfermedad en el Aburr\u00e1 porque a\u00fan no la han padecido. Pese al incremento, descart\u00f3 una emergencia hospitalaria, aunque reconoci\u00f3 que en la mitad de los casos graves de dengue se necesita manejo cl\u00ednico.<\/p>\n<p style=\"text-align: justify\">Para combatir esta crisis de salud p\u00fablica, se est\u00e1n realizando campa\u00f1as de prevenci\u00f3n en la capital antioque\u00f1a. El gobierno ha hecho un llamado a los ciudadanos para buscar y eliminar criaderos de zancudos. Adem\u00e1s, evitar que haya aguas estancadas en espacios a la intemperie, y cubrir el agua almacenada en tanques y baldes. Los floreros, plantas y fuentes de agua tambi\u00e9n pueden ser medios para reproducci\u00f3n de los vectores.<\/p>\n<p style=\"text-align: justify\">Tambi\u00e9n se hizo un llamado a la comunidad antioque\u00f1a y en general a la poblaci\u00f3n colombiana para que hagan uso del repelente y adem\u00e1s es importante limpiar muy bien los tanques y albercas para evitar la formaci\u00f3n de criaderos. A su vez, se recomienda asistir al m\u00e9dico si los s\u00edntomas empeoran y procurar no auto medicarse.<\/p>\n<p>&nbsp;<\/p>\n<p>[\/vc_column_text][vc_column_text]<\/p>\n<p style=\"text-align: justify\">\n<p style=\"text-align: justify\">Fuente<\/p>\n<p style=\"text-align: justify\"><a href=\"http:\/\/www.lafm.com.co\/salud\/noticias\/alerta-en-medell%C3%ADn-tres-mil-nu-205950\">Alerta en Medell\u00edn por tres mil nuevos casos de dengue en el \u00faltimo a\u00f1o<\/a> \u2013 La F.M<\/p>\n<p style=\"text-align: justify\"><a href=\"http:\/\/www.elcolombiano.com\/colombia\/salud\/por-cinco-se-multiplica-riesgo-de-dengue-GC4127697\">Dengue se ha multiplicado por cinco en Medell\u00edn<\/a> \u2013 El Colombiano<\/p>\n<p>[\/vc_column_text][\/vc_column][\/vc_row][vc_row][vc_column][\/vc_column][\/vc_row]<\/p>\n","protected":false},"excerpt":{"rendered":"<p>[vc_row][vc_column][vc_empty_space][vc_column_text] La Secretar\u00eda de Salud confirm\u00f3 que este a\u00f1o se han multiplicado por cinco los casos de dengue en la ciudad de Medell\u00edn, inclusive se ha convertido en un riesgo para la salud p\u00fablica. La Alcald\u00eda pidi\u00f3 a la comunidad tomar medidas de prevenci\u00f3n para evitar una propagaci\u00f3n mayor. [\/vc_column_text][\/vc_column][\/vc_row][vc_row][vc_column][dt_call_to_action background=&#8221;fancy&#8221; line=&#8221;true&#8221; style=&#8221;1&#8243; animation=&#8221;bounceInRight&#8221;][dt_gap height=&#8221;3&#8243;\/]\u00a0 [&hellip;]<\/p>\n","protected":false},"author":1,"featured_media":0,"comment_status":"closed","ping_status":"closed","sticky":false,"template":"","format":"standard","meta":{"_acf_changed":false,"_joinchat":[],"footnotes":""},"categories":[35],"tags":[],"class_list":["post-18542","post","type-post","status-publish","format-standard","hentry","category-new-healthcare","entry","owp-thumbs-layout-horizontal","owp-btn-normal","owp-tabs-layout-horizontal","has-no-thumbnails","has-product-nav"],"acf":[],"_links":{"self":[{"href":"https:\/\/www.cvn.com.co\/en\/wp-json\/wp\/v2\/posts\/18542","targetHints":{"allow":["GET"]}}],"collection":[{"href":"https:\/\/www.cvn.com.co\/en\/wp-json\/wp\/v2\/posts"}],"about":[{"href":"https:\/\/www.cvn.com.co\/en\/wp-json\/wp\/v2\/types\/post"}],"author":[{"embeddable":true,"href":"https:\/\/www.cvn.com.co\/en\/wp-json\/wp\/v2\/users\/1"}],"replies":[{"embeddable":true,"href":"https:\/\/www.cvn.com.co\/en\/wp-json\/wp\/v2\/comments?post=18542"}],"version-history":[{"count":0,"href":"https:\/\/www.cvn.com.co\/en\/wp-json\/wp\/v2\/posts\/18542\/revisions"}],"wp:attachment":[{"href":"https:\/\/www.cvn.com.co\/en\/wp-json\/wp\/v2\/media?parent=18542"}],"wp:term":[{"taxonomy":"category","embeddable":true,"href":"https:\/\/www.cvn.com.co\/en\/wp-json\/wp\/v2\/categories?post=18542"},{"taxonomy":"post_tag","embeddable":true,"href":"https:\/\/www.cvn.com.co\/en\/wp-json\/wp\/v2\/tags?post=18542"}],"curies":[{"name":"wp","href":"https:\/\/api.w.org\/{rel}","templated":true}]}}