{"id":18605,"date":"2016-05-17T21:07:58","date_gmt":"2016-05-17T21:07:58","guid":{"rendered":"https:\/\/www.cvn.com.co\/?p=18605"},"modified":"2016-05-17T21:07:58","modified_gmt":"2016-05-17T21:07:58","slug":"bmw-confirma-lanzamiento-del-automovil-de-conduccion-autonoma-inext-para-el-2021","status":"publish","type":"post","link":"https:\/\/www.cvn.com.co\/en\/bmw-confirma-lanzamiento-del-automovil-de-conduccion-autonoma-inext-para-el-2021\/","title":{"rendered":"BMW confirma lanzamiento del autom\u00f3vil de conducci\u00f3n aut\u00f3noma iNext para el 2021"},"content":{"rendered":"<p>[vc_row][vc_column][vc_empty_space][vc_column_text]<\/p>\n<p class=\"INTRO\" style=\"text-align: justify\">La compa\u00f1\u00eda alemana confirm\u00f3 que para esa fecha tendr\u00e1 la versi\u00f3n completa y mejorada del prototipo que dio a conocer en la celebraci\u00f3n de sus 100 a\u00f1os llamado Vision Next 100 y que revolucionar\u00e1 el concepto de los veh\u00edculos mundialmente.<\/p>\n<p>[\/vc_column_text][\/vc_column][\/vc_row][vc_row][vc_column][dt_call_to_action background=&#8221;fancy&#8221; line=&#8221;true&#8221; style=&#8221;1&#8243; animation=&#8221;bounceInRight&#8221;]<span style=\"font-size: 12pt;color: #333333\">[dt_gap height=&#8221;3&#8243;\/]\u00a0<\/span><\/p>\n<p class=\"p1\"><span class=\"s1\" style=\"font-size: 18pt;color: #1aa8b8\"><\/span><\/p>\n<p><em>\u00a0<\/em> [\/dt_call_to_action][\/vc_column][\/vc_row][vc_row][vc_column][vc_column_text]<\/p>\n<p>&nbsp;<\/p>\n<p style=\"text-align: justify\">La compa\u00f1\u00eda alemana fabricante de autom\u00f3viles y motocicletas BMW anunci\u00f3 que para el 2021 lanzar\u00e1 un veh\u00edculo que dar\u00e1 un gran salto evolutivo en la historia automotriz, desde su nacimiento. El veh\u00edculo se llamar\u00e1 iNext y como premisa contar\u00e1 con conducci\u00f3n aut\u00f3noma y desde luego ser\u00e1 totalmente el\u00e9ctrico.<\/p>\n<p style=\"text-align: justify\">El veh\u00edculo har\u00e1 parte de la gran familia \u201ci\u201d, que ya ha lanzado al mercado varios modelos como el BMW i3 Y BMW i8, que cuentan con la particularidad de ser el\u00e9ctricos, pero el iNext ir\u00e1 m\u00e1s all\u00e1 de lo imaginado al convertirse en el veh\u00edculo del ma\u00f1ana con el trabajo de desarrollo en la tecnolog\u00eda de conducci\u00f3n aut\u00f3noma, sobre el cual BMW no ha mostrado todav\u00eda demasiados detalles.<\/p>\n<p style=\"text-align: justify\">Seg\u00fan lo explica Harald Krueger, CEO de la compa\u00f1\u00eda, en el portal Web Xataka, el iNEXT llegar\u00e1 al mercado en alg\u00fan momento de 2021, que ser\u00e1 la punta de lanza de un nuevo motor de innovaci\u00f3n en la compa\u00f1\u00eda, donde por primera vez incorporar\u00e1n conducci\u00f3n aut\u00f3noma, conectividad digital independiente para comunicarse con otros dispositivos, infraestructura y veh\u00edculos, adem\u00e1s de que contar\u00e1 con un dise\u00f1o y construcci\u00f3n basada en un nuevo material m\u00e1s ligero, nuevos interiores, y la siguiente generaci\u00f3n de motores el\u00e9ctricos.<\/p>\n<p style=\"text-align: justify\">Al estar listo el veh\u00edculo en menos de cinco a\u00f1os, indica que en este tiempo se debe encontrar una soluci\u00f3n para que el sistema de propulsi\u00f3n el\u00e9ctrico sea lo suficientemente competitivo. De hecho, el anuncio del\u00a0Tesla Model 3 y la recepci\u00f3n que ha tenido, es un llamado para que los fabricantes de autom\u00f3viles tradicionales apresuren sus desarrollos de\u00a0EV (electric vehicles); as\u00ed lo manifest\u00f3 la Revista Motor.<\/p>\n<p style=\"text-align: justify\">La familia alemana a\u00fan no ha brindado m\u00e1s detalles del veh\u00edculo, pero se apunta a que este modelo sea el cuarto de su generaci\u00f3n \u201ci\u201d, ya que despu\u00e9s del i3 y i8 y antes del lanzamiento esperado del iNext, saldr\u00e1 al mercado el modelo i5 como primer SUV el\u00e9ctrico.<\/p>\n<p>[\/vc_column_text][vc_column_text]<\/p>\n<p style=\"text-align: justify\">\n<p style=\"text-align: justify\">Fuente<\/p>\n<p style=\"text-align: justify\"><a href=\"http:\/\/www.xataka.com\/vehiculos\/i-next-el-primer-coche-autonomo-electrico-de-bmw-llegara-en-2021\">&#8216;i NEXT&#8217;, el primer coche aut\u00f3nomo el\u00e9ctrico de BMW, llegar\u00e1 en 2021<\/a> \u2013 Xataka.com<\/p>\n<p style=\"text-align: justify\"><a href=\"http:\/\/cincodias.com\/cincodias\/2016\/05\/13\/motor\/1463128430_189773.html\">BMW iNext: el coche aut\u00f3nomo y el\u00e9ctrico llegar\u00e1 en 2021<\/a> \u2013 Cincod\u00edas.com<\/p>\n<p style=\"text-align: justify\"><a href=\"http:\/\/www.eltiempo.com\/revista-motor\/actualidad\/tecnologia\/bmw-producira-inext-ano-2021\/26225\">BMW producir\u00e1 el iNext en el a\u00f1o 2021<\/a> \u2013 Revista Motor<\/p>\n<p>&nbsp;<\/p>\n<p>[\/vc_column_text][\/vc_column][\/vc_row][vc_row][vc_column][\/vc_column][\/vc_row]<\/p>\n","protected":false},"excerpt":{"rendered":"<p>[vc_row][vc_column][vc_empty_space][vc_column_text] La compa\u00f1\u00eda alemana confirm\u00f3 que para esa fecha tendr\u00e1 la versi\u00f3n completa y mejorada del prototipo que dio a conocer en la celebraci\u00f3n de sus 100 a\u00f1os llamado Vision Next 100 y que revolucionar\u00e1 el concepto de los veh\u00edculos mundialmente. [\/vc_column_text][\/vc_column][\/vc_row][vc_row][vc_column][dt_call_to_action background=&#8221;fancy&#8221; line=&#8221;true&#8221; style=&#8221;1&#8243; animation=&#8221;bounceInRight&#8221;][dt_gap height=&#8221;3&#8243;\/]\u00a0 \u00a0 [\/dt_call_to_action][\/vc_column][\/vc_row][vc_row][vc_column][vc_column_text] &nbsp; La compa\u00f1\u00eda alemana fabricante de [&hellip;]<\/p>\n","protected":false},"author":1,"featured_media":0,"comment_status":"closed","ping_status":"closed","sticky":false,"template":"","format":"standard","meta":{"_acf_changed":false,"_joinchat":[],"footnotes":""},"categories":[37],"tags":[],"class_list":["post-18605","post","type-post","status-publish","format-standard","hentry","category-new_automotive","entry","owp-thumbs-layout-horizontal","owp-btn-normal","owp-tabs-layout-horizontal","has-no-thumbnails","has-product-nav"],"acf":[],"_links":{"self":[{"href":"https:\/\/www.cvn.com.co\/en\/wp-json\/wp\/v2\/posts\/18605","targetHints":{"allow":["GET"]}}],"collection":[{"href":"https:\/\/www.cvn.com.co\/en\/wp-json\/wp\/v2\/posts"}],"about":[{"href":"https:\/\/www.cvn.com.co\/en\/wp-json\/wp\/v2\/types\/post"}],"author":[{"embeddable":true,"href":"https:\/\/www.cvn.com.co\/en\/wp-json\/wp\/v2\/users\/1"}],"replies":[{"embeddable":true,"href":"https:\/\/www.cvn.com.co\/en\/wp-json\/wp\/v2\/comments?post=18605"}],"version-history":[{"count":0,"href":"https:\/\/www.cvn.com.co\/en\/wp-json\/wp\/v2\/posts\/18605\/revisions"}],"wp:attachment":[{"href":"https:\/\/www.cvn.com.co\/en\/wp-json\/wp\/v2\/media?parent=18605"}],"wp:term":[{"taxonomy":"category","embeddable":true,"href":"https:\/\/www.cvn.com.co\/en\/wp-json\/wp\/v2\/categories?post=18605"},{"taxonomy":"post_tag","embeddable":true,"href":"https:\/\/www.cvn.com.co\/en\/wp-json\/wp\/v2\/tags?post=18605"}],"curies":[{"name":"wp","href":"https:\/\/api.w.org\/{rel}","templated":true}]}}