{"id":18691,"date":"2016-01-26T10:20:50","date_gmt":"2016-01-26T10:20:50","guid":{"rendered":"https:\/\/www.cvn.com.co\/?p=17778"},"modified":"2016-01-26T10:20:50","modified_gmt":"2016-01-26T10:20:50","slug":"oms-alertada-por-la-obesidad-infantil","status":"publish","type":"post","link":"https:\/\/www.cvn.com.co\/en\/oms-alertada-por-la-obesidad-infantil\/","title":{"rendered":"OMS alertada por la obesidad infantil"},"content":{"rendered":"<p>[vc_row][vc_column][vc_empty_space][vc_column_text]<\/p>\n<p style=\"text-align: justify;\">La entidad ha declarado como pandemia a la obesidad infantil, que afecta a m\u00e1s de 40 millones de ni\u00f1os menores de 5 a\u00f1os, seg\u00fan cifras de la Comisi\u00f3n para la Lucha contra la Obesidad Infantil.<\/p>\n<p>[\/vc_column_text][vc_empty_space][dt_call_to_action background=&#8221;fancy&#8221; line=&#8221;true&#8221; style=&#8221;1&#8243; animation=&#8221;bounceInRight&#8221;]<span style=\"font-size: 12pt; color: #333333;\">[dt_gap height=&#8221;3&#8243;\/]\u00a0<\/span><\/p>\n<p class=\"p1\"><span class=\"s1\" style=\"font-size: 18pt; color: #1aa8b8;\"><\/span><\/p>\n<p><em>\u00a0<\/em> [\/dt_call_to_action][vc_empty_space][\/vc_column][\/vc_row][vc_row][vc_column][vc_column_text]<\/p>\n<p style=\"text-align: justify;\">\n<p style=\"text-align: justify;\">De acuerdo con Deutsche Welle, la cifra aument\u00f3 en 10 millones en los \u00faltimos 25 a\u00f1os, argumenta la OMS, a\u00f1adiendo que habr\u00edan m\u00e1s ni\u00f1os con sobrepeso y obesidad en los pa\u00edses en desarrollo que en los de m\u00e1s altos ingresos. El reporte de la comisi\u00f3n encontr\u00f3 que casi la mitad de estos ni\u00f1os viven en Asia mientras que un 25% en \u00c1frica.<\/p>\n<p style=\"text-align: justify;\">\u201cSania Nishtar, copresidente de ECHO, dijo en una declaraci\u00f3n: \u201cSabemos ahora que la obesidad puede impactar en el rendimiento educativo tambi\u00e9n, y ello combinado con la probabilidad de que sigan siendo obesos en la adultez, les genera mayores consecuencias econ\u00f3micas y sanitarias a los ni\u00f1os, sus familias y a la sociedad en su conjunto\u201d.<\/p>\n<p style=\"text-align: justify;\">Respecto a los impuestos a las bebidas azucaradas, la comisi\u00f3n dijo que \u201cno hab\u00eda una sola medida que pudiera detener la creciente epidemia. Tambi\u00e9n propuso restringir el mercadeo de las comidas y bebidas no saludables y la creaci\u00f3n de un sistema global de etiquetado con informaci\u00f3n nutricional que sea simple y entendible para todos\u201d.<\/p>\n<p style=\"text-align: justify;\">\u201cLos expertos hicieron un llamado a las escuelas para promover la educaci\u00f3n en temas de salud y nutrici\u00f3n, y la actividad f\u00edsica. Dijeron tambi\u00e9n que la oferta y venta de bebidas azucaradas y comidas poco saludables deber\u00edan ser prohibidas de los ambientes educativos. Tambi\u00e9n recomendaron dar orientaci\u00f3n sobre tiempos apropiados de descanso, sedentarismo o tiempo al frente de aparatos electr\u00f3nicos, adem\u00e1s de actividad f\u00edsica para ni\u00f1os entre 2 y 5 a\u00f1os\u201d.<\/p>\n<p style=\"text-align: justify;\">\n<p>[\/vc_column_text][vc_empty_space][vc_column_text]<\/p>\n<p style=\"text-align: justify;\">\n<p style=\"text-align: justify;\"><b>Fuente:<\/b><\/p>\n<p style=\"text-align: justify;\"><a href=\"http:\/\/www.dw.com\/en\/who-report-warns-child-obesity-is-exploding-nightmare\/a-19003525\"><span style=\"font-weight: 400;\">WHO report warns child obesity is &#8216;exploding nightmare&#8217;<\/span><\/a><span style=\"font-weight: 400;\"> &#8211; Deutsche Welle. Traducci\u00f3n propia.<\/span><\/p>\n<p style=\"text-align: justify;\"><a href=\"http:\/\/www.theguardian.com\/society\/2016\/jan\/25\/childhood-obesity-commission-world-health-organisation\"><span style=\"font-weight: 400;\">Childhood obesity &#8216;an exploding nightmare&#8217;, says health expert<\/span><\/a><span style=\"font-weight: 400;\"> &#8211; The Guardian. Traducci\u00f3n propia.<\/span><\/p>\n<p style=\"text-align: justify;\">\n<p>[\/vc_column_text][\/vc_column][\/vc_row]<\/p>\n","protected":false},"excerpt":{"rendered":"<p>[vc_row][vc_column][vc_empty_space][vc_column_text] La entidad ha declarado como pandemia a la obesidad infantil, que afecta a m\u00e1s de 40 millones de ni\u00f1os menores de 5 a\u00f1os, seg\u00fan cifras de la Comisi\u00f3n para la Lucha contra la Obesidad Infantil. [\/vc_column_text][vc_empty_space][dt_call_to_action background=&#8221;fancy&#8221; line=&#8221;true&#8221; style=&#8221;1&#8243; animation=&#8221;bounceInRight&#8221;][dt_gap height=&#8221;3&#8243;\/]\u00a0 \u00a0 [\/dt_call_to_action][vc_empty_space][\/vc_column][\/vc_row][vc_row][vc_column][vc_column_text] De acuerdo con Deutsche Welle, la cifra aument\u00f3 en 10 millones [&hellip;]<\/p>\n","protected":false},"author":8,"featured_media":0,"comment_status":"closed","ping_status":"closed","sticky":false,"template":"","format":"standard","meta":{"_acf_changed":false,"_joinchat":[],"footnotes":""},"categories":[35],"tags":[],"class_list":["post-18691","post","type-post","status-publish","format-standard","hentry","category-new-healthcare","entry","owp-thumbs-layout-horizontal","owp-btn-normal","owp-tabs-layout-horizontal","has-no-thumbnails","has-product-nav"],"acf":[],"_links":{"self":[{"href":"https:\/\/www.cvn.com.co\/en\/wp-json\/wp\/v2\/posts\/18691","targetHints":{"allow":["GET"]}}],"collection":[{"href":"https:\/\/www.cvn.com.co\/en\/wp-json\/wp\/v2\/posts"}],"about":[{"href":"https:\/\/www.cvn.com.co\/en\/wp-json\/wp\/v2\/types\/post"}],"author":[{"embeddable":true,"href":"https:\/\/www.cvn.com.co\/en\/wp-json\/wp\/v2\/users\/8"}],"replies":[{"embeddable":true,"href":"https:\/\/www.cvn.com.co\/en\/wp-json\/wp\/v2\/comments?post=18691"}],"version-history":[{"count":0,"href":"https:\/\/www.cvn.com.co\/en\/wp-json\/wp\/v2\/posts\/18691\/revisions"}],"wp:attachment":[{"href":"https:\/\/www.cvn.com.co\/en\/wp-json\/wp\/v2\/media?parent=18691"}],"wp:term":[{"taxonomy":"category","embeddable":true,"href":"https:\/\/www.cvn.com.co\/en\/wp-json\/wp\/v2\/categories?post=18691"},{"taxonomy":"post_tag","embeddable":true,"href":"https:\/\/www.cvn.com.co\/en\/wp-json\/wp\/v2\/tags?post=18691"}],"curies":[{"name":"wp","href":"https:\/\/api.w.org\/{rel}","templated":true}]}}