{"id":18697,"date":"2016-05-26T22:05:39","date_gmt":"2016-05-26T22:05:39","guid":{"rendered":"https:\/\/www.cvn.com.co\/?p=18697"},"modified":"2016-05-26T22:05:39","modified_gmt":"2016-05-26T22:05:39","slug":"propagacion-del-virus-ah1n1-en-argentina-tiene-en-alerta-a-la-nacion","status":"publish","type":"post","link":"https:\/\/www.cvn.com.co\/en\/propagacion-del-virus-ah1n1-en-argentina-tiene-en-alerta-a-la-nacion\/","title":{"rendered":"Propagaci\u00f3n del virus AH1N1 en Argentina tiene en alerta a la naci\u00f3n"},"content":{"rendered":"<p>[vc_row][vc_column][vc_empty_space][vc_column_text]<\/p>\n<p class=\"INTRO\" style=\"text-align: justify\">Seg\u00fan los pron\u00f3sticos, se adelant\u00f3 dos meses la llegada del virus al pa\u00eds, ya que con la entrada del invierno, aumentan las enfermedades respiratorias. La preocupaci\u00f3n radica en que el virus ya ha cobrado vidas humanas.<\/p>\n<p>[\/vc_column_text][\/vc_column][\/vc_row][vc_row][vc_column][dt_call_to_action background=&#8221;fancy&#8221; line=&#8221;true&#8221; style=&#8221;1&#8243; animation=&#8221;bounceInRight&#8221;]<span style=\"font-size: 12pt;color: #333333\">[dt_gap height=&#8221;3&#8243;\/]\u00a0<\/span><\/p>\n<p class=\"p1\"><span class=\"s1\" style=\"font-size: 18pt;color: #1aa8b8\"><\/span><\/p>\n<p><em>\u00a0<\/em> [\/dt_call_to_action][\/vc_column][\/vc_row][vc_row][vc_column][vc_column_text]<\/p>\n<p>&nbsp;<\/p>\n<p style=\"text-align: justify\">Para los argentinos es claro que todos los a\u00f1os para el inicio de la \u00e9poca invernal, los virus y enfermedades de tipo respiratorio empiezan a aparecer. Pero este a\u00f1o, la propagaci\u00f3n del virus AH1N1 se adelant\u00f3 ocho semanas, lo que hizo que no se estuviera lo suficientemente preparados para combatir el virus y evitar una epidemia nacional.<\/p>\n<p style=\"text-align: justify\">La mayor preocupaci\u00f3n para el gobierno nacional es que el virus tome fuerza y se propague ampliamente. Aunque ya se instaur\u00f3 un plan de contingencia para que las personas se acerquen a los centros de salud y reciban la vacuna.<\/p>\n<p style=\"text-align: justify\">Ante esta situaci\u00f3n, la Ministra de Salud de la provincia de Buenos Aires, Zulma Ortiz cont\u00f3 a La Naci\u00f3n de Argentina que hasta el momento en esta provincia se confirmaron 97 casos de gripe AH1N1 y 9 muertes por ese virus.<\/p>\n<p style=\"text-align: justify\">Adem\u00e1s precis\u00f3 que, adem\u00e1s de las embarazadas, deben aplicarse la vacuna antigripal el equipo de salud, las madres que no se vacunaron en el embarazo -m\u00e1ximo 10 d\u00edas despu\u00e9s del parto-; los ni\u00f1os de 6 a 24 meses y las personas de entre 2 y 64 a\u00f1os con factores de riesgo, tales como enfermedades card\u00edacas, respiratorias o renales cr\u00f3nicas, inmunodepresi\u00f3n, diabetes y obesidad, entre otras. Tambi\u00e9n deben vacunarse todas las personas de 65 a\u00f1os y m\u00e1s.<\/p>\n<p style=\"text-align: justify\">Aunque la noticia ya lleva sonando durante varias semanas, expertos aseguran que cerca del 60% de la poblaci\u00f3n en riesgo (previamente mencionada) a\u00fan no est\u00e1n vacunados. En el pa\u00eds existen\u00a0 cerca de 8.600 centros p\u00fablicos de vacunaci\u00f3n, pero se encuentran operando solo de lunes a viernes. La poblaci\u00f3n solicita que sean abiertos los fines de semana para que sea m\u00e1s f\u00e1cil poder acceder a ellas.<\/p>\n<p>&nbsp;<\/p>\n<p>[\/vc_column_text][vc_column_text]<\/p>\n<p style=\"text-align: justify\">\n<p style=\"text-align: justify\">Fuente<\/p>\n<p style=\"text-align: justify\"><a href=\"http:\/\/www.lanacion.com.ar\/1902624-gripe-a-la-ministra-de-salud-bonaerense-recomendo-vacunarse-mas-y-besarse-menos\">Gripe A: la ministra de Salud bonaerense recomend\u00f3 &#8220;vacunarse m\u00e1s y besarse menos&#8221;<\/a> \u2013 La Naci\u00f3n, Argentina<\/p>\n<p style=\"text-align: justify\"><a href=\"http:\/\/internacional.elpais.com\/internacional\/2016\/05\/24\/argentina\/1464113250_210038.html\">La gripe A deja al menos 11 muertos en Argentina antes del invierno<\/a> \u2013 El Pa\u00eds, Espa\u00f1a<\/p>\n<p style=\"text-align: justify\"><a href=\"http:\/\/www.lanacion.com.ar\/1902624-gripe-a-la-ministra-de-salud-bonaerense-recomendo-vacunarse-mas-y-besarse-menos\">Advierten que la gripe lleg\u00f3 m\u00e1s temprano que otros a\u00f1os<\/a> \u2013 La Naci\u00f3n, Argentina<\/p>\n<p>&nbsp;<\/p>\n<p>[\/vc_column_text][\/vc_column][\/vc_row][vc_row][vc_column][\/vc_column][\/vc_row]<\/p>\n","protected":false},"excerpt":{"rendered":"<p>[vc_row][vc_column][vc_empty_space][vc_column_text] Seg\u00fan los pron\u00f3sticos, se adelant\u00f3 dos meses la llegada del virus al pa\u00eds, ya que con la entrada del invierno, aumentan las enfermedades respiratorias. La preocupaci\u00f3n radica en que el virus ya ha cobrado vidas humanas. [\/vc_column_text][\/vc_column][\/vc_row][vc_row][vc_column][dt_call_to_action background=&#8221;fancy&#8221; line=&#8221;true&#8221; style=&#8221;1&#8243; animation=&#8221;bounceInRight&#8221;][dt_gap height=&#8221;3&#8243;\/]\u00a0 \u00a0 [\/dt_call_to_action][\/vc_column][\/vc_row][vc_row][vc_column][vc_column_text] &nbsp; Para los argentinos es claro que todos los a\u00f1os [&hellip;]<\/p>\n","protected":false},"author":1,"featured_media":0,"comment_status":"closed","ping_status":"closed","sticky":false,"template":"","format":"standard","meta":{"_acf_changed":false,"_joinchat":[],"footnotes":""},"categories":[35],"tags":[],"class_list":["post-18697","post","type-post","status-publish","format-standard","hentry","category-new-healthcare","entry","owp-thumbs-layout-horizontal","owp-btn-normal","owp-tabs-layout-horizontal","has-no-thumbnails","has-product-nav"],"acf":[],"_links":{"self":[{"href":"https:\/\/www.cvn.com.co\/en\/wp-json\/wp\/v2\/posts\/18697","targetHints":{"allow":["GET"]}}],"collection":[{"href":"https:\/\/www.cvn.com.co\/en\/wp-json\/wp\/v2\/posts"}],"about":[{"href":"https:\/\/www.cvn.com.co\/en\/wp-json\/wp\/v2\/types\/post"}],"author":[{"embeddable":true,"href":"https:\/\/www.cvn.com.co\/en\/wp-json\/wp\/v2\/users\/1"}],"replies":[{"embeddable":true,"href":"https:\/\/www.cvn.com.co\/en\/wp-json\/wp\/v2\/comments?post=18697"}],"version-history":[{"count":0,"href":"https:\/\/www.cvn.com.co\/en\/wp-json\/wp\/v2\/posts\/18697\/revisions"}],"wp:attachment":[{"href":"https:\/\/www.cvn.com.co\/en\/wp-json\/wp\/v2\/media?parent=18697"}],"wp:term":[{"taxonomy":"category","embeddable":true,"href":"https:\/\/www.cvn.com.co\/en\/wp-json\/wp\/v2\/categories?post=18697"},{"taxonomy":"post_tag","embeddable":true,"href":"https:\/\/www.cvn.com.co\/en\/wp-json\/wp\/v2\/tags?post=18697"}],"curies":[{"name":"wp","href":"https:\/\/api.w.org\/{rel}","templated":true}]}}