{"id":18736,"date":"2016-05-30T12:37:26","date_gmt":"2016-05-30T12:37:26","guid":{"rendered":"https:\/\/www.cvn.com.co\/?p=18736"},"modified":"2016-05-30T12:37:26","modified_gmt":"2016-05-30T12:37:26","slug":"continua-la-disputa-entre-el-ministerio-de-salud-y-la-farmaceutica-novartis","status":"publish","type":"post","link":"https:\/\/www.cvn.com.co\/en\/continua-la-disputa-entre-el-ministerio-de-salud-y-la-farmaceutica-novartis\/","title":{"rendered":"Contin\u00faa la disputa entre el Ministerio de Salud y la farmac\u00e9utica Novartis"},"content":{"rendered":"<p>[vc_row][vc_column][vc_empty_space][vc_column_text]<\/p>\n<p class=\"INTRO\" style=\"text-align: justify\">Todav\u00eda el pa\u00eds est\u00e1 a la expectativa de la decisi\u00f3n que tome el Ministerio de Salud frente a declaratoria de inter\u00e9s p\u00fablico del medicamento Glivec del laboratorio Novartis y que sirve para tratar enfermedades como la Leucemia. La controversia sigue a\u00fan.<\/p>\n<p>[\/vc_column_text][\/vc_column][\/vc_row][vc_row][vc_column][dt_call_to_action background=&#8221;fancy&#8221; line=&#8221;true&#8221; style=&#8221;1&#8243; animation=&#8221;bounceInRight&#8221;]<span style=\"font-size: 12pt;color: #333333\">[dt_gap height=&#8221;3&#8243;\/]\u00a0<\/span><\/p>\n<p class=\"p1\"><span class=\"s1\" style=\"font-size: 18pt;color: #1aa8b8\"><\/span><\/p>\n<p><em>\u00a0<\/em> [\/dt_call_to_action][\/vc_column][\/vc_row][vc_row][vc_column][vc_column_text]<\/p>\n<p>&nbsp;<\/p>\n<p style=\"text-align: justify\">Al debate que se ha presentado en las \u00faltimas semanas acerca de la regulaci\u00f3n de los precios del medicamento Glivec (Imatinib), usado como tratamiento para la leucemia y otros tipos de c\u00e1ncer, se le suman voces a favor y en contra de la aprobaci\u00f3n de esta medida. Por su parte, la Organizaci\u00f3n Mundial de la Salud respalda la decisi\u00f3n del Ministerio de Salud de Colombia, mientras que representantes de algunas compa\u00f1\u00edas farmac\u00e9uticas apoyan a Norvatis en la disputa.<\/p>\n<p style=\"text-align: justify\">La decisi\u00f3n del Ministerio de Salud, liderado por el jefe de la cartera Alejandro Gaviria, radica en quitarle la monopolizaci\u00f3n de la mol\u00e9cula Imatinib a la compa\u00f1\u00eda farmac\u00e9utica suiza Novartis, para regular el precio del Glivec.<\/p>\n<p style=\"text-align: justify\">Pero a principios de mayo se conoci\u00f3 que al despacho del Ministerio de Salud lleg\u00f3 una carta de la embajada de Colombia en Estados Unidos en la cual se expresaba que el proceso que pretend\u00eda iniciar el ministro Alejandro Gaviria le incomodaba al Comit\u00e9 de Finanzas del Senado de EE.UU. y se lleg\u00f3 a sugerir que esto podr\u00eda perjudicar el TLC con ese pa\u00eds y la aprobaci\u00f3n de los recursos para la iniciativa \u201cPaz Colombia\u201d, as\u00ed lo dio a conocer el diario El Espectador.<\/p>\n<p style=\"text-align: justify\">Sin embargo, la subdirectora General de Sistemas de Salud y a la Innovaci\u00f3n de la Organizaci\u00f3n Mundial de la Salud (OMS), Marie-Paule Kieny, envi\u00f3 una carta al despacho del Ministerio de Salud en la que el organismo respalda al ministro Gaviria en la intenci\u00f3n de regular el precio del Imatinib, la subdirectora Kieny se\u00f1al\u00f3, seg\u00fan lo inform\u00f3 El Heraldo, que los pa\u00edses miembros de la Organizaci\u00f3n Mundial del Comercio no tienen limitantes al momento de declarar de inter\u00e9s p\u00fablico un medicamento, y que cada pa\u00eds es libre de determinar los motivos por los que una licencia obligatoria puede ser concedida en sus leyes nacionales.<\/p>\n<p style=\"text-align: justify\">Por su parte, Novartis manifest\u00f3 que no bajar\u00e1 el precio del medicamento, ya que la compa\u00f1\u00eda posee la patente de la mol\u00e9cula, la cual se vence en el 2018. As\u00ed que a\u00fan se est\u00e1 a la espera de la conclusi\u00f3n de este debate que, sin importar cu\u00e1l sea la decisi\u00f3n final, seguir\u00e1 generando pol\u00e9mica.<\/p>\n<p>&nbsp;<\/p>\n<p>[\/vc_column_text][vc_column_text]<\/p>\n<p style=\"text-align: justify\">Fuente<\/p>\n<p style=\"text-align: justify\"><a href=\"http:\/\/www.elespectador.com\/noticias\/salud\/congresistas-de-eeuu-apoyan-minsalud-puja-novartis-medi-articulo-634483\">Congresistas de EE.UU. apoyan a Minsalud en puja con Novartis por medicamento<\/a> \u2013 El Espectador<\/p>\n<p style=\"text-align: justify\"><a href=\"http:\/\/www.elcolombiano.com\/colombia\/salud\/la-pelea-entre-el-gobierno-y-novartis-por-medicamento-contra-el-cancer-CC4163756\">La pelea entre el Gobierno y Novartis por medicamento contra el c\u00e1ncer<\/a> \u2013 El Colombiano<\/p>\n<p style=\"text-align: justify\"><a href=\"http:\/\/www.elheraldo.co\/nacional\/oms-y-congresistas-de-eeuu-respaldan-minsalud-en-caso-novartis-263159\">OMS y congresistas de EE.UU. respaldan a Minsalud en caso Novartis<\/a> \u2013 El Heraldo<\/p>\n<p>&nbsp;<\/p>\n<p>[\/vc_column_text][\/vc_column][\/vc_row][vc_row][vc_column][\/vc_column][\/vc_row]<\/p>\n","protected":false},"excerpt":{"rendered":"<p>[vc_row][vc_column][vc_empty_space][vc_column_text] Todav\u00eda el pa\u00eds est\u00e1 a la expectativa de la decisi\u00f3n que tome el Ministerio de Salud frente a declaratoria de inter\u00e9s p\u00fablico del medicamento Glivec del laboratorio Novartis y que sirve para tratar enfermedades como la Leucemia. La controversia sigue a\u00fan. [\/vc_column_text][\/vc_column][\/vc_row][vc_row][vc_column][dt_call_to_action background=&#8221;fancy&#8221; line=&#8221;true&#8221; style=&#8221;1&#8243; animation=&#8221;bounceInRight&#8221;][dt_gap height=&#8221;3&#8243;\/]\u00a0 \u00a0 [\/dt_call_to_action][\/vc_column][\/vc_row][vc_row][vc_column][vc_column_text] &nbsp; Al debate que se [&hellip;]<\/p>\n","protected":false},"author":1,"featured_media":0,"comment_status":"closed","ping_status":"closed","sticky":false,"template":"","format":"standard","meta":{"_acf_changed":false,"_joinchat":[],"footnotes":""},"categories":[35],"tags":[],"class_list":["post-18736","post","type-post","status-publish","format-standard","hentry","category-new-healthcare","entry","owp-thumbs-layout-horizontal","owp-btn-normal","owp-tabs-layout-horizontal","has-no-thumbnails","has-product-nav"],"acf":[],"_links":{"self":[{"href":"https:\/\/www.cvn.com.co\/en\/wp-json\/wp\/v2\/posts\/18736","targetHints":{"allow":["GET"]}}],"collection":[{"href":"https:\/\/www.cvn.com.co\/en\/wp-json\/wp\/v2\/posts"}],"about":[{"href":"https:\/\/www.cvn.com.co\/en\/wp-json\/wp\/v2\/types\/post"}],"author":[{"embeddable":true,"href":"https:\/\/www.cvn.com.co\/en\/wp-json\/wp\/v2\/users\/1"}],"replies":[{"embeddable":true,"href":"https:\/\/www.cvn.com.co\/en\/wp-json\/wp\/v2\/comments?post=18736"}],"version-history":[{"count":0,"href":"https:\/\/www.cvn.com.co\/en\/wp-json\/wp\/v2\/posts\/18736\/revisions"}],"wp:attachment":[{"href":"https:\/\/www.cvn.com.co\/en\/wp-json\/wp\/v2\/media?parent=18736"}],"wp:term":[{"taxonomy":"category","embeddable":true,"href":"https:\/\/www.cvn.com.co\/en\/wp-json\/wp\/v2\/categories?post=18736"},{"taxonomy":"post_tag","embeddable":true,"href":"https:\/\/www.cvn.com.co\/en\/wp-json\/wp\/v2\/tags?post=18736"}],"curies":[{"name":"wp","href":"https:\/\/api.w.org\/{rel}","templated":true}]}}