{"id":18799,"date":"2016-06-02T21:24:40","date_gmt":"2016-06-02T21:24:40","guid":{"rendered":"https:\/\/www.cvn.com.co\/?p=18799"},"modified":"2016-06-02T21:24:40","modified_gmt":"2016-06-02T21:24:40","slug":"en-colombia-se-matricularon-19-464-vehiculos-nuevos-en-mayo","status":"publish","type":"post","link":"https:\/\/www.cvn.com.co\/en\/en-colombia-se-matricularon-19-464-vehiculos-nuevos-en-mayo\/","title":{"rendered":"En Colombia, se matricularon 19.464 veh\u00edculos nuevos en mayo"},"content":{"rendered":"<p>[vc_row][vc_column][vc_empty_space][vc_column_text]<\/p>\n<p class=\"INTRO\" style=\"text-align: justify\">Seg\u00fan el informe presentado por la Asociaci\u00f3n Nacional de Empresarios de Colombia (ANDI) y la Federaci\u00f3n Nacional de Comerciantes (FENALCO), el sector automotor no despega a\u00fan en el pa\u00eds ya que la cantidad de veh\u00edculos nuevos matriculados cay\u00f3 13,6% en mayo del 2016.<\/p>\n<p>[\/vc_column_text][\/vc_column][\/vc_row][vc_row][vc_column][dt_call_to_action background=&#8221;fancy&#8221; line=&#8221;true&#8221; style=&#8221;1&#8243; animation=&#8221;bounceInRight&#8221;]<span style=\"font-size: 12pt;color: #333333\">[dt_gap height=&#8221;3&#8243;\/]\u00a0<\/span><\/p>\n<p class=\"p1\"><span class=\"s1\" style=\"font-size: 18pt;color: #1aa8b8\"><\/span><\/p>\n<p><em>\u00a0<\/em> [\/dt_call_to_action][\/vc_column][\/vc_row][vc_row][vc_column][vc_column_text]<\/p>\n<p>&nbsp;<\/p>\n<p style=\"text-align: justify\">En el mes de mayo del 2016 la cantidad de veh\u00edculos matriculados en Colombia fue de 19.464, un 13,6% menos que en el mismo mes del 2015 donde se hab\u00edan registrado 22.525 veh\u00edculos, seg\u00fan lo dio a conocer Fenalco y la ANDI en el informe del sector automotor.<\/p>\n<p style=\"text-align: justify\">A su vez, en los cinco primeros meses del 2016 se ha presentado una variaci\u00f3n negativa con respecto a los veh\u00edculos matriculados para esa fecha en relaci\u00f3n a lo ocurrido en el mismo periodo del a\u00f1o anterior. Hasta el momento van 96.510 veh\u00edculos registrados mientras que para los mismos meses del 2015 en total ya hab\u00edan 113.171 veh\u00edculos nuevos matriculados.<\/p>\n<p style=\"text-align: justify\">La situaci\u00f3n es preocupante sobre todo para los representantes del sector, ya que aunque no es el mes con el decrecimiento m\u00e1s elevado en lo que va del a\u00f1o, si se encuentra dentro de los tres primeros de los cinco analizados, adem\u00e1s preocupa que, se pas\u00f3 de una variaci\u00f3n negativa del 7,2% en abril del 2016 comparado con el mismo mes del 2015 a la previamente dicha del 13,6% en mayo.<\/p>\n<p style=\"text-align: justify\">Otro de los datos presentados en el informe revelan que los tipos de veh\u00edculos que aumentaron las matriculas en mayo fueron las camionetas (19,3%), las busetas (16%) y los pick ups con el 8,6%, mientras que se destacan ca\u00eddas importantes en los tractocamiones (94%), microbuses (48,2%) y volquetas (48,2%).<\/p>\n<p style=\"text-align: justify\">Por otra parte, la Revista Portafolio destaca que seg\u00fan el informe, en mayo fueron m\u00e1s los veh\u00edculos ensamblados en el pa\u00eds y menos los importados. En lo que va del a\u00f1o, se han ensamblado el 41 % de los carros del mercado automotor colombiano, un 7,3 % m\u00e1s que el a\u00f1o pasado.<\/p>\n<p style=\"text-align: justify\">Finalmente, seg\u00fan se ha pronosticado, la venta de veh\u00edculos nuevos caer\u00e1 8,2 % este a\u00f1o con respecto a 2015, cuando se vendieron 283.000 carros, por lo que se pronostica que se adquirir\u00e1n unas 260.000 unidades. Aunque la nota optimista para el mercado vendr\u00e1 en el 2017, cuando volver\u00e1n a llegar a las 280.000 unidades en el pa\u00eds.<\/p>\n<p>&nbsp;<\/p>\n<p>[\/vc_column_text][vc_column_text]<\/p>\n<p style=\"text-align: justify\">\n<p style=\"text-align: justify\">Fuente<\/p>\n<p style=\"text-align: justify\"><a href=\"http:\/\/www.portafolio.co\/negocios\/empresas\/matriculas-vehiculos-cayeron-mayo-2016-496757\">En mayo se matricularon 3.061 carros menos<\/a> \u2013 Revista Portafolio<\/p>\n<p style=\"text-align: justify\"><a href=\"http:\/\/www.fenalco.com.co\/sites\/default\/files\/INFORME%20DEL%20SECTOR%20AUTOMOTOR%20A%20MAYO%202016.pdf\">Informe del sector automotor a mayo de 2016<\/a> \u2013 Fenalco y ANDI<\/p>\n<p>&nbsp;<\/p>\n<p>[\/vc_column_text][\/vc_column][\/vc_row][vc_row][vc_column][\/vc_column][\/vc_row]<\/p>\n","protected":false},"excerpt":{"rendered":"<p>[vc_row][vc_column][vc_empty_space][vc_column_text] Seg\u00fan el informe presentado por la Asociaci\u00f3n Nacional de Empresarios de Colombia (ANDI) y la Federaci\u00f3n Nacional de Comerciantes (FENALCO), el sector automotor no despega a\u00fan en el pa\u00eds ya que la cantidad de veh\u00edculos nuevos matriculados cay\u00f3 13,6% en mayo del 2016. [\/vc_column_text][\/vc_column][\/vc_row][vc_row][vc_column][dt_call_to_action background=&#8221;fancy&#8221; line=&#8221;true&#8221; style=&#8221;1&#8243; animation=&#8221;bounceInRight&#8221;][dt_gap height=&#8221;3&#8243;\/]\u00a0 \u00a0 [\/dt_call_to_action][\/vc_column][\/vc_row][vc_row][vc_column][vc_column_text] &nbsp; En el [&hellip;]<\/p>\n","protected":false},"author":1,"featured_media":0,"comment_status":"closed","ping_status":"closed","sticky":false,"template":"","format":"standard","meta":{"_acf_changed":false,"_joinchat":[],"footnotes":""},"categories":[37],"tags":[],"class_list":["post-18799","post","type-post","status-publish","format-standard","hentry","category-new_automotive","entry","owp-thumbs-layout-horizontal","owp-btn-normal","owp-tabs-layout-horizontal","has-no-thumbnails","has-product-nav"],"acf":[],"_links":{"self":[{"href":"https:\/\/www.cvn.com.co\/en\/wp-json\/wp\/v2\/posts\/18799","targetHints":{"allow":["GET"]}}],"collection":[{"href":"https:\/\/www.cvn.com.co\/en\/wp-json\/wp\/v2\/posts"}],"about":[{"href":"https:\/\/www.cvn.com.co\/en\/wp-json\/wp\/v2\/types\/post"}],"author":[{"embeddable":true,"href":"https:\/\/www.cvn.com.co\/en\/wp-json\/wp\/v2\/users\/1"}],"replies":[{"embeddable":true,"href":"https:\/\/www.cvn.com.co\/en\/wp-json\/wp\/v2\/comments?post=18799"}],"version-history":[{"count":0,"href":"https:\/\/www.cvn.com.co\/en\/wp-json\/wp\/v2\/posts\/18799\/revisions"}],"wp:attachment":[{"href":"https:\/\/www.cvn.com.co\/en\/wp-json\/wp\/v2\/media?parent=18799"}],"wp:term":[{"taxonomy":"category","embeddable":true,"href":"https:\/\/www.cvn.com.co\/en\/wp-json\/wp\/v2\/categories?post=18799"},{"taxonomy":"post_tag","embeddable":true,"href":"https:\/\/www.cvn.com.co\/en\/wp-json\/wp\/v2\/tags?post=18799"}],"curies":[{"name":"wp","href":"https:\/\/api.w.org\/{rel}","templated":true}]}}