{"id":18824,"date":"2016-06-06T16:55:00","date_gmt":"2016-06-06T16:55:00","guid":{"rendered":"https:\/\/www.cvn.com.co\/?p=18824"},"modified":"2016-06-06T16:55:00","modified_gmt":"2016-06-06T16:55:00","slug":"este-7-de-junio-arranca-jornada-de-vacunacion-contra-la-fiebre-aftosa","status":"publish","type":"post","link":"https:\/\/www.cvn.com.co\/en\/este-7-de-junio-arranca-jornada-de-vacunacion-contra-la-fiebre-aftosa\/","title":{"rendered":"Este 7 de Junio arranca jornada de vacunaci\u00f3n contra la fiebre aftosa"},"content":{"rendered":"<p>[vc_row][vc_column][vc_empty_space][vc_column_text]<\/p>\n<p style=\"text-align: justify\">A partir de ma\u00f1ana 7 de junio y hasta el 21 de julio del 2016, se llevar\u00e1 a cabo la primera jornada de vacunaci\u00f3n contra la fiebre aftosa y la brucelosis bovina en todo el pa\u00eds. Se aplicar\u00e1n cerca de 37 millones de dosis en todo el territorio nacional.<\/p>\n<p>[\/vc_column_text][\/vc_column][\/vc_row][vc_row][vc_column][dt_call_to_action background=&#8221;fancy&#8221; line=&#8221;true&#8221; style=&#8221;1&#8243; animation=&#8221;bounceInRight&#8221;]<span style=\"font-size: 12pt;color: #333333\">[dt_gap height=&#8221;3&#8243;\/]\u00a0<\/span><\/p>\n<p class=\"p1\"><span class=\"s1\" style=\"font-size: 18pt;color: #1aa8b8\"><\/span><\/p>\n<p><em>\u00a0<\/em> [\/dt_call_to_action][\/vc_column][\/vc_row][vc_row][vc_column][vc_column_text]<\/p>\n<p>&nbsp;<\/p>\n<p style=\"text-align: justify\">La medida fue establecida por el Instituto Colombiano Agropecuario (ICA) mediante las resoluciones 4482 del 25 de abril de 2016 y la 5273 de 2016, que fueron expedidas por la entidad como autoridad sanitaria del pa\u00eds. La responsabilidad en la ejecuci\u00f3n del ciclo de vacunaci\u00f3n contra la fiebre aftosa y la brucelosis bovina se dar\u00e1 por parte del Fondo Nacional del Ganado y el Ministerio de Agricultura y Desarrollo Rural.<\/p>\n<p style=\"text-align: justify\">Cabe resaltar que la fiebre aftosa es una enfermedad viral, altamente contagiosa y que da principalmente a los ganados bovino, ovino, porcino y caprino; los s\u00edntomas van desde fiebres muy altas hasta el desarrollo de peque\u00f1as \u00falceras en la boca del animal. Por su parte, la brucelosis es una enfermedad contagiosa del ganado bovino, que produce abortos, retenci\u00f3n de placenta y producci\u00f3n de cr\u00edas d\u00e9biles en el ganado y que puede ser transmitida al ser humano.<\/p>\n<p style=\"text-align: justify\">Seg\u00fan lo da a conocer el Diario del Huila, las organizaciones ejecutoras autorizadas est\u00e1n listas con toda la documentaci\u00f3n solicitada y est\u00e1n preparadas con la log\u00edstica necesaria, para la ejecuci\u00f3n del primer ciclo de vacunaci\u00f3n contra la fiebre aftosa.<\/p>\n<p style=\"text-align: justify\">Adem\u00e1s, los dos laboratorios proveedores de la vacuna hicieron el despacho de 37 millones de dosis a las regiones ganaderas y el ICA realiz\u00f3 la supervisi\u00f3n del producto. Con ello, se espera llegar a la mayor parte del ganado para realizar la respectiva vacunaci\u00f3n.<\/p>\n<p style=\"text-align: justify\">Los interesados en vacunar\u00a0 el ganado deber\u00e1n tener en cuenta que para la ejecuci\u00f3n del ciclo de vacunaci\u00f3n \u00fanicamente podr\u00e1n usarse\u00a0lotes\u00a0de vacunas registradas contra la fiebre aftosa y la brucelosis bovina evaluadas y aprobados por el ICA, seg\u00fan los par\u00e1metros de esterilidad, inocuidad, potencia y pureza establecidos en las normas vigentes; as\u00ed lo explic\u00f3 el diario La Naci\u00f3n del Huila.<\/p>\n<p style=\"text-align: justify\">Finalmente, es importante mencionar que la jornada de vacunaci\u00f3n se realizar\u00e1 en todo el pa\u00eds, excepto los departamentos del Choc\u00f3 y San Andr\u00e9s, ya que son consideradas zonas libres de fiebre aftosa.<\/p>\n<p>&nbsp;<\/p>\n<p>[\/vc_column_text][vc_column_text]<\/p>\n<p style=\"text-align: justify\">\n<p style=\"text-align: justify\">Fuente<\/p>\n<p style=\"text-align: justify\"><a href=\"http:\/\/www.diariodelhuila.com\/actualidad\/%E2%80%98arranca%E2%80%99-vacunacion-contra-la-fiebre-aftosa-cdgint20160606154037187\">\u2018Arranca\u2019 vacunaci\u00f3n contra la fiebre aftosa<\/a> \u2013 Diario del Huila<\/p>\n<p style=\"text-align: justify\"><a href=\"http:\/\/www.lanacion.com.co\/index.php\/economica\/item\/271596-a-vacunar-contra-la-aftosa\">A vacunar contra la aftosa<\/a> \u2013 La Naci\u00f3n, Neiva.<\/p>\n<p>&nbsp;<\/p>\n<p>[\/vc_column_text][\/vc_column][\/vc_row][vc_row][vc_column][\/vc_column][\/vc_row]<\/p>\n","protected":false},"excerpt":{"rendered":"<p>[vc_row][vc_column][vc_empty_space][vc_column_text] A partir de ma\u00f1ana 7 de junio y hasta el 21 de julio del 2016, se llevar\u00e1 a cabo la primera jornada de vacunaci\u00f3n contra la fiebre aftosa y la brucelosis bovina en todo el pa\u00eds. Se aplicar\u00e1n cerca de 37 millones de dosis en todo el territorio nacional. [\/vc_column_text][\/vc_column][\/vc_row][vc_row][vc_column][dt_call_to_action background=&#8221;fancy&#8221; line=&#8221;true&#8221; style=&#8221;1&#8243; animation=&#8221;bounceInRight&#8221;][dt_gap [&hellip;]<\/p>\n","protected":false},"author":1,"featured_media":0,"comment_status":"closed","ping_status":"closed","sticky":false,"template":"","format":"standard","meta":{"_acf_changed":false,"_joinchat":[],"footnotes":""},"categories":[35],"tags":[],"class_list":["post-18824","post","type-post","status-publish","format-standard","hentry","category-new-healthcare","entry","owp-thumbs-layout-horizontal","owp-btn-normal","owp-tabs-layout-horizontal","has-no-thumbnails","has-product-nav"],"acf":[],"_links":{"self":[{"href":"https:\/\/www.cvn.com.co\/en\/wp-json\/wp\/v2\/posts\/18824","targetHints":{"allow":["GET"]}}],"collection":[{"href":"https:\/\/www.cvn.com.co\/en\/wp-json\/wp\/v2\/posts"}],"about":[{"href":"https:\/\/www.cvn.com.co\/en\/wp-json\/wp\/v2\/types\/post"}],"author":[{"embeddable":true,"href":"https:\/\/www.cvn.com.co\/en\/wp-json\/wp\/v2\/users\/1"}],"replies":[{"embeddable":true,"href":"https:\/\/www.cvn.com.co\/en\/wp-json\/wp\/v2\/comments?post=18824"}],"version-history":[{"count":0,"href":"https:\/\/www.cvn.com.co\/en\/wp-json\/wp\/v2\/posts\/18824\/revisions"}],"wp:attachment":[{"href":"https:\/\/www.cvn.com.co\/en\/wp-json\/wp\/v2\/media?parent=18824"}],"wp:term":[{"taxonomy":"category","embeddable":true,"href":"https:\/\/www.cvn.com.co\/en\/wp-json\/wp\/v2\/categories?post=18824"},{"taxonomy":"post_tag","embeddable":true,"href":"https:\/\/www.cvn.com.co\/en\/wp-json\/wp\/v2\/tags?post=18824"}],"curies":[{"name":"wp","href":"https:\/\/api.w.org\/{rel}","templated":true}]}}