{"id":18903,"date":"2016-06-20T19:42:05","date_gmt":"2016-06-20T19:42:05","guid":{"rendered":"https:\/\/www.cvn.com.co\/?p=18903"},"modified":"2016-06-20T19:42:05","modified_gmt":"2016-06-20T19:42:05","slug":"en-el-choco-ya-van-31-mil-personas-afectadas-con-malaria","status":"publish","type":"post","link":"https:\/\/www.cvn.com.co\/en\/en-el-choco-ya-van-31-mil-personas-afectadas-con-malaria\/","title":{"rendered":"En el Choc\u00f3 ya van 31 mil personas afectadas con malaria"},"content":{"rendered":"<p>[vc_row][vc_column][vc_empty_space][vc_column_text]<\/p>\n<p style=\"text-align: justify\">Aunque el gobierno de Brasil ha enviado al departamento tratamientos contra el brote de la malaria, la Secretar\u00eda de Salud de la regi\u00f3n asegur\u00f3 que no ser\u00e1n suficientes para los 31 mil casos que ya se reportan oficialmente<\/p>\n<p>[\/vc_column_text][\/vc_column][\/vc_row][vc_row][vc_column][dt_call_to_action background=&#8221;fancy&#8221; line=&#8221;true&#8221; style=&#8221;1&#8243; animation=&#8221;bounceInRight&#8221;]<span style=\"font-size: 12pt;color: #333333\">[dt_gap height=&#8221;3&#8243;\/]\u00a0<\/span><\/p>\n<p class=\"p1\"><span class=\"s1\" style=\"font-size: 18pt;color: #1aa8b8\"><\/span><\/p>\n<p><em>\u00a0<\/em> [\/dt_call_to_action][\/vc_column][\/vc_row][vc_row][vc_column][vc_column_text]<\/p>\n<p>&nbsp;<\/p>\n<p style=\"text-align: justify\">La malaria es una de las enfermedades tropicales contagiosas que m\u00e1s muertes causa despu\u00e9s de la tuberculosis. Aunque se puede tratar y prevenir, \u00e9sta sigue siendo devastadora e infecta a 243 millones de personas en el mundo y mata a cerca de 863.000 cada a\u00f1o, seg\u00fan el \u00faltimo informe de la Organizaci\u00f3n Mundial de la Salud (OMS).<\/p>\n<p style=\"text-align: justify\">En el municipio de Llor\u00f3, en el departamento del Choc\u00f3, el brote de malaria ya suma 31 mil personas afectadas, de las cuales, ya han recibido atenci\u00f3n cerca de 2 mil infectados con la enfermedad en las \u00faltimas dos semanas y que, en su mayor\u00eda son pertenecientes a zonas aleda\u00f1as a los r\u00edos de San Juan y Atrato.<\/p>\n<p style=\"text-align: justify\">Inclusive, el gobierno de Brasil, ante la emergencia sanitaria en Colombia, don\u00f3 16 cajas del medicamento Coartem, \u2013tratamiento contra la enfermedad\u2013 aunque seg\u00fan lo manifiesta la Secretaria de Salud del Choc\u00f3, Siris S\u00e1nchez Montes, no ser\u00e1n suficientes: \u201cYo no te puedo decir que eso va a alcanzar porque ya tenemos 31.000 casos confirmados con malaria. Semanalmente se est\u00e1n reportando mil casos y esos medicamentos se vencen en agosto, as\u00ed que tenemos que evacuarlos r\u00e1pido\u201d, asegur\u00f3 la funcionaria S\u00e1nchez.<\/p>\n<p style=\"text-align: justify\">Del mismo modo, el Ministerio de Salud tambi\u00e9n se encuentra trabajando en las maneras de ayudar a la poblaci\u00f3n del departamento y no solo a los ya afectados con el brote, sino a los que pueden ser contagiados con la enfermedad. Para ello, se est\u00e1n llevando a cabo brigadas de prevenci\u00f3n de la Malaria en conjunto con las EPS e IPS de la zona. Adem\u00e1s la cartera enviar\u00e1 tres mil toldillos a la regi\u00f3n que ser\u00e1n distribuidos en las zonas de mayor afectaci\u00f3n.<\/p>\n<p style=\"text-align: justify\">Igualmente, el Fen\u00f3meno de Ni\u00f1o y la miner\u00eda ilegal, fueron determinantes para que se creciera el n\u00famero de afectados por la enfermedad, ya que se da\u00f1aron r\u00edos debido a estos factores. Esta patolog\u00eda tuvo un ascenso en casos de 150 % m\u00e1s que 2015 y ya afecta a 22 de los 30 municipios del Choc\u00f3.<\/p>\n<p>&nbsp;<\/p>\n<p>[\/vc_column_text][vc_column_text]<\/p>\n<p style=\"text-align: justify\">\n<p style=\"text-align: justify\">Fuente<\/p>\n<p style=\"text-align: justify\"><a href=\"https:\/\/www.minsalud.gov.co\/Paginas\/Compromiso-intersectorial-necesario-para-afrontar-malaria-en-Choco.aspx\">Compromiso intersectorial necesario para afrontar malaria en Choc\u00f3<\/a> \u2013 Ministerio de Salud y Protecci\u00f3n Social<\/p>\n<p style=\"text-align: justify\"><a href=\"http:\/\/www.radiosantafe.com\/2016\/06\/20\/cifra-de-personas-afectadas-por-el-brote-de-malaria-ya-llego-a-31-000\/\">Cifra de personas afectadas por el brote de malaria ya lleg\u00f3 a 31.000 en Choc\u00f3<\/a> \u2013 Radio Santa fe<\/p>\n<p style=\"text-align: justify\"><a href=\"http:\/\/www.lafm.com.co\/nacional\/noticias\/choc%C3%B3-ya-son-31-mil-las-person-208591\">Choc\u00f3: Ya son 31 mil las personas infectadas con malaria<\/a> \u2013 La FM<\/p>\n<p>[\/vc_column_text][\/vc_column][\/vc_row][vc_row][vc_column][\/vc_column][\/vc_row]<\/p>\n","protected":false},"excerpt":{"rendered":"<p>[vc_row][vc_column][vc_empty_space][vc_column_text] Aunque el gobierno de Brasil ha enviado al departamento tratamientos contra el brote de la malaria, la Secretar\u00eda de Salud de la regi\u00f3n asegur\u00f3 que no ser\u00e1n suficientes para los 31 mil casos que ya se reportan oficialmente [\/vc_column_text][\/vc_column][\/vc_row][vc_row][vc_column][dt_call_to_action background=&#8221;fancy&#8221; line=&#8221;true&#8221; style=&#8221;1&#8243; animation=&#8221;bounceInRight&#8221;][dt_gap height=&#8221;3&#8243;\/]\u00a0 \u00a0 [\/dt_call_to_action][\/vc_column][\/vc_row][vc_row][vc_column][vc_column_text] &nbsp; La malaria es una de las enfermedades [&hellip;]<\/p>\n","protected":false},"author":1,"featured_media":0,"comment_status":"closed","ping_status":"closed","sticky":false,"template":"","format":"standard","meta":{"_acf_changed":false,"_joinchat":[],"footnotes":""},"categories":[35],"tags":[],"class_list":["post-18903","post","type-post","status-publish","format-standard","hentry","category-new-healthcare","entry","owp-thumbs-layout-horizontal","owp-btn-normal","owp-tabs-layout-horizontal","has-no-thumbnails","has-product-nav"],"acf":[],"_links":{"self":[{"href":"https:\/\/www.cvn.com.co\/en\/wp-json\/wp\/v2\/posts\/18903","targetHints":{"allow":["GET"]}}],"collection":[{"href":"https:\/\/www.cvn.com.co\/en\/wp-json\/wp\/v2\/posts"}],"about":[{"href":"https:\/\/www.cvn.com.co\/en\/wp-json\/wp\/v2\/types\/post"}],"author":[{"embeddable":true,"href":"https:\/\/www.cvn.com.co\/en\/wp-json\/wp\/v2\/users\/1"}],"replies":[{"embeddable":true,"href":"https:\/\/www.cvn.com.co\/en\/wp-json\/wp\/v2\/comments?post=18903"}],"version-history":[{"count":0,"href":"https:\/\/www.cvn.com.co\/en\/wp-json\/wp\/v2\/posts\/18903\/revisions"}],"wp:attachment":[{"href":"https:\/\/www.cvn.com.co\/en\/wp-json\/wp\/v2\/media?parent=18903"}],"wp:term":[{"taxonomy":"category","embeddable":true,"href":"https:\/\/www.cvn.com.co\/en\/wp-json\/wp\/v2\/categories?post=18903"},{"taxonomy":"post_tag","embeddable":true,"href":"https:\/\/www.cvn.com.co\/en\/wp-json\/wp\/v2\/tags?post=18903"}],"curies":[{"name":"wp","href":"https:\/\/api.w.org\/{rel}","templated":true}]}}