{"id":19057,"date":"2016-07-15T14:22:50","date_gmt":"2016-07-15T14:22:50","guid":{"rendered":"https:\/\/www.cvn.com.co\/?p=19057"},"modified":"2016-07-15T14:22:50","modified_gmt":"2016-07-15T14:22:50","slug":"tlc-colombia-corea-del-sur-2016","status":"publish","type":"post","link":"https:\/\/www.cvn.com.co\/en\/tlc-colombia-corea-del-sur-2016\/","title":{"rendered":"TLC Colombia y Corea del Sur: entr\u00f3 en vigencia en 2016"},"content":{"rendered":"<p>[vc_row][vc_column][vc_empty_space][vc_column_text]<\/p>\n<h1>TLC Colombia Corea<\/h1>\n<p style=\"text-align: justify;\">Hoy\u00a0entrar\u00e1 en vigencia de manera oficial el Tratado de Libre Comercio TLC Colombia Corea del Sur, despu\u00e9s de que se haya firmado el acuerdo en febrero del 2013, es decir hace ya, cerca de tres a\u00f1os y cinco meses.<\/p>\n<p>[\/vc_column_text][\/vc_column][\/vc_row][vc_row][vc_column][dt_call_to_action background=&#8221;fancy&#8221; line=&#8221;true&#8221; style=&#8221;1&#8243; animation=&#8221;bounceInRight&#8221;]<span style=\"font-size: 12pt; color: #333333;\">[dt_gap height=&#8221;3&#8243;\/]\u00a0<\/span><\/p>\n<p class=\"p1\"><span class=\"s1\" style=\"font-size: 18pt; color: #1aa8b8;\"><\/span><\/p>\n<p><em>\u00a0<\/em> [\/dt_call_to_action][\/vc_column][\/vc_row][vc_row][vc_column][vc_column_text]<\/p>\n<p>&nbsp;<\/p>\n<p style=\"text-align: justify;\">Este 15 de julio entrar\u00e1 en vigencia de manera oficial el Tratado de Libre Comercio TLC Colombia y Corea del Sur, despu\u00e9s de que se haya firmado el acuerdo en febrero del 2013, es decir hace ya, cerca de tres a\u00f1os y cinco meses. El primer pa\u00eds en avalar los puntos del Tratado fue Corea, en abril del 2014, sin embargo el estado colombiano tard\u00f3 hasta el pasado 15 de junio en oficializar su aprobaci\u00f3n.<\/p>\n<p style=\"text-align: justify;\">Cabe resaltar que, este acuerdo comercial es el primero que Colombia tiene con una naci\u00f3n del continente asi\u00e1tico. Mientras que, Corea del Sur por su parte, ya hab\u00eda establecido previamente dos tratados con naciones de Suram\u00e9rica, Chile y Per\u00fa que entraron en vigencia desde el 2004 y 2011 respectivamente.<\/p>\n<p style=\"text-align: justify;\">Adem\u00e1s, seg\u00fan lo confirman expertos, el Tratado de Libre Comercio con Corea del Sur, es el primero que se firma con una naci\u00f3n que tiene una balanza comercial deficitaria en lo referente al sector agropecuario. Con m\u00e1s de 50 millones de habitantes, un ingreso per c\u00e1pita de USD 27.000 y un PIB que en 2015 creci\u00f3 2,5%, Corea del Sur registr\u00f3 en la \u00faltima d\u00e9cada un crecimiento anual de 10% en las importaciones de alimentos, sector en el que Colombia puede beneficiarse debido a que cuenta con una amplia y variada oferta.<\/p>\n<p style=\"text-align: justify;\">Sin embargo, la balanza comercial de Colombia en relaci\u00f3n con el pa\u00eds asi\u00e1tico se encuentra en d\u00e9ficit en USD 856 millones durante el 2015, claro est\u00e1 que si se compara con la situaci\u00f3n ocurrida en el 2013, el d\u00e9ficit se ha reducido en USD 128 millones, de acuerdo con informaci\u00f3n de CVN (Centro Virtual de Negocios).<\/p>\n<p style=\"text-align: justify;\">Para el 2015, Colombia realiz\u00f3 importaciones desde Corea del Sur por un valor de USD 1.155 millones (Valor CIF), un 23% menos que en el a\u00f1o inmediatamente anterior donde la cifra importada fue de USD 1.500 millones. Claro est\u00e1 que si se compara directamente con el 2013, la variaci\u00f3n ha sido negativa en un 11%.<\/p>\n<p style=\"text-align: justify;\">Igualmente, Colombia import\u00f3 desde Corea del Sur USD 357 millones en veh\u00edculos automotores en el 2015, siendo este el segmento que m\u00e1s lleg\u00f3 al territorio nacional, con una participaci\u00f3n del 31%, a continuaci\u00f3n le sigui\u00f3 en importancia los pl\u00e1sticos con el 13% y las m\u00e1quinas y aparatos mec\u00e1nicos alcanzaron el 12%.<\/p>\n<p style=\"text-align: justify;\">Sin embargo, se registr\u00f3 que las importaciones realizadas de veh\u00edculos automotores y de pl\u00e1sticos se contrajeron 30% y 19% respectivamente en el 2015, aunque, por otra parte, los elementos de fundici\u00f3n, hierro y acero presentaron una variaci\u00f3n positiva del 11%.<\/p>\n<p>&nbsp;<\/p>\n<p>[\/vc_column_text][vc_empty_space][vc_column_text]<\/p>\n<p style=\"text-align: justify;\">\n<h5><b>Participaci\u00f3n<\/b><b> importaciones por sector\u00a0<\/b><b>(Valor CIF USD MM)<\/b><\/h5>\n<h5 style=\"text-align: justify;\">\u00a0<\/h5>\n<p>[\/vc_column_text][vc_empty_space][\/vc_column][\/vc_row][vc_row][vc_column width=&#8221;1\/2&#8243;][vc_round_chart stroke_width=&#8221;2&#8243; values=&#8221;%5B%7B%22title%22%3A%22Veh%C3%ADculos%20Autom%C3%B3viles%22%2C%22value%22%3A%2231%22%2C%22color%22%3A%22blue%22%7D%2C%7B%22title%22%3A%22Pl%C3%A1sticos%22%2C%22value%22%3A%2213%22%2C%22color%22%3A%22pink%22%7D%2C%7B%22title%22%3A%22M%C3%A1quinas%20y%20aparatos%20mec%C3%A1nicos%22%2C%22value%22%3A%2212%22%2C%22color%22%3A%22violet%22%2C%22custom_color%22%3A%22%230088cc%22%7D%2C%7B%22title%22%3A%22Fundici%C3%B3n%20Hierro%20y%20Acero%22%2C%22value%22%3A%228%25%22%2C%22color%22%3A%22turquoise%22%2C%22custom_color%22%3A%22%23fe6c61%22%7D%2C%7B%22title%22%3A%22Equipo%20El%C3%A9ctrico%22%2C%22value%22%3A%226%22%2C%22color%22%3A%22juicy-pink%22%2C%22custom_color%22%3A%22%23ebebeb%22%7D%5D&#8221;][\/vc_column][vc_column width=&#8221;1\/2&#8243;][\/vc_column][\/vc_row][vc_row][vc_column][vc_empty_space][vc_column_text]<\/p>\n<p>&nbsp;<\/p>\n<h5 style=\"text-align: justify;\">CAEN EXPORTACIONES COLOMBIANAS HACIA COREA DEL SUR<\/h5>\n<p style=\"text-align: justify;\">En lo referente a las exportaciones que realiz\u00f3 Colombia hacia Corea del Sur, se registr\u00f3 que estas presentaron una ca\u00edda del 56% en el 2015 comparado con el a\u00f1o inmediatamente anterior. Se pas\u00f3 de vender al pa\u00eds asi\u00e1tico USD 520 millones (Valor FOB) en el 2014, a USD 229 millones en el a\u00f1o siguiente. No obstante, si se compara con el 2013, la cifra var\u00eda en -0,3%, ya que para ese a\u00f1o, el total de las exportaciones estuvieron avaluadas en USD 230 millones.<\/p>\n<p style=\"text-align: justify;\">De acuerdo con CVN, Dentro de los productos que m\u00e1s vendi\u00f3 Colombia a Corea del Sur en el 2015 se destacan principalmente el caf\u00e9, t\u00e9 y especias con el 30% (USD 70 millones), el petr\u00f3leo y sus derivados con el 21% (USD 48 millones), el Cobre, que alcanz\u00f3 el 18% (USD 42 millones), los elementos de fundici\u00f3n, hierro y acero con una participaci\u00f3n del 17% (USD 40 millones) y para cerrar el top cinco se posicionan los productos de industrias qu\u00edmicas con el 4% del total exportado (USD 9 millones).<\/p>\n<p style=\"text-align: justify;\">La ca\u00edda m\u00e1s importante se vio reflejada en las exportaciones que realiz\u00f3 Colombia hacia Corea del Sur en el sector del petr\u00f3leo y sus derivados (84%) en el 2015, y del 52% en los elementos de fundici\u00f3n de hierro y acero, sin embargo, es v\u00e1lido resaltar que los productos de industrias qu\u00edmicas y las flores presentaron una variaci\u00f3n positiva del 21% y 27% respectivamente.<\/p>\n<p>[\/vc_column_text][\/vc_column][vc_column][vc_empty_space][vc_column_text]<\/p>\n<p style=\"text-align: justify;\">\n<h5><b>Participaci\u00f3n<\/b><b>\u00a0exportaciones\u00a0por sector\u00a0<\/b><b>(Valor CIF USD MM)<\/b><\/h5>\n<h5 style=\"text-align: justify;\"><\/h5>\n<p>[\/vc_column_text][vc_empty_space][\/vc_column][\/vc_row][vc_row][vc_column width=&#8221;1\/2&#8243;][vc_progress_bar values=&#8221;30|Caf\u00e9 t\u00e9 y especias,21|Petr\u00f3leo y sus derivados,18|Cobre,17|Fundici\u00f3n Hierro y acero,4|Productos industrias qu\u00edmicas&#8221; caption_pos=&#8221;top&#8221; units=&#8221;%&#8221;][\/vc_column][vc_column width=&#8221;1\/2&#8243;][\/vc_column][\/vc_row][vc_row][vc_column][vc_empty_space][vc_column_text]<\/p>\n<p style=\"text-align: justify;\">\n<h2 style=\"text-align: justify;\">PANORAMA TLC COLOMBIA COREA 2016<\/h2>\n<p style=\"text-align: justify;\">Para el primer trimestre del 2016, el panorama sigue estando similar a los a\u00f1os anteriores debido a que la balanza comercial entre ambas naciones se encuentra a\u00fan en d\u00e9ficit (USD 150 millones). Las importaciones que realiz\u00f3 Colombia desde el pa\u00eds asi\u00e1tico en este periodo estuvieron avaluadas en USD 203 millones (Valor CIF), donde los veh\u00edculos automotores siguen siendo los m\u00e1s importados en el territorio nacional. Por su parte, Colombia realiz\u00f3 exportaciones hacia Corea por un valor de USD 39 millones (Valor FOB) en los primeros tres meses del a\u00f1o, donde el caf\u00e9, t\u00e9 y especias siguen siendo el producto que m\u00e1s llega al pa\u00eds asi\u00e1tico desde la naci\u00f3n suramericana.<\/p>\n<p style=\"text-align: justify;\">Con la entrada en vigencia este viernes del Tratado de Libre Comercio entre Colombia y Corea del Sur, se espera que este sea un reto para el pa\u00eds en materia de competitividad, y del mismo modo, se convierta en una importante opci\u00f3n de ingresar en un mercado que cuenta con un gran potencial, con poder adquisitivo y con mucho conocimiento por compartir.<\/p>\n<h5 style=\"text-align: justify;\"><\/h5>\n<p>[\/vc_column_text][\/vc_column][\/vc_row][vc_row][vc_column][\/vc_column][\/vc_row]<\/p>\n","protected":false},"excerpt":{"rendered":"<p>[vc_row][vc_column][vc_empty_space][vc_column_text] TLC Colombia Corea Hoy\u00a0entrar\u00e1 en vigencia de manera oficial el Tratado de Libre Comercio TLC Colombia Corea del Sur, despu\u00e9s de que se haya firmado el acuerdo en febrero del 2013, es decir hace ya, cerca de tres a\u00f1os y cinco meses. [\/vc_column_text][\/vc_column][\/vc_row][vc_row][vc_column][dt_call_to_action background=&#8221;fancy&#8221; line=&#8221;true&#8221; style=&#8221;1&#8243; animation=&#8221;bounceInRight&#8221;][dt_gap height=&#8221;3&#8243;\/]\u00a0 \u00a0 [\/dt_call_to_action][\/vc_column][\/vc_row][vc_row][vc_column][vc_column_text] &nbsp; Este 15 de [&hellip;]<\/p>\n","protected":false},"author":1,"featured_media":0,"comment_status":"closed","ping_status":"closed","sticky":false,"template":"","format":"standard","meta":{"_acf_changed":false,"_joinchat":[],"footnotes":""},"categories":[36],"tags":[],"class_list":["post-19057","post","type-post","status-publish","format-standard","hentry","category-new-trade","entry","owp-thumbs-layout-horizontal","owp-btn-normal","owp-tabs-layout-horizontal","has-no-thumbnails","has-product-nav"],"acf":[],"_links":{"self":[{"href":"https:\/\/www.cvn.com.co\/en\/wp-json\/wp\/v2\/posts\/19057","targetHints":{"allow":["GET"]}}],"collection":[{"href":"https:\/\/www.cvn.com.co\/en\/wp-json\/wp\/v2\/posts"}],"about":[{"href":"https:\/\/www.cvn.com.co\/en\/wp-json\/wp\/v2\/types\/post"}],"author":[{"embeddable":true,"href":"https:\/\/www.cvn.com.co\/en\/wp-json\/wp\/v2\/users\/1"}],"replies":[{"embeddable":true,"href":"https:\/\/www.cvn.com.co\/en\/wp-json\/wp\/v2\/comments?post=19057"}],"version-history":[{"count":0,"href":"https:\/\/www.cvn.com.co\/en\/wp-json\/wp\/v2\/posts\/19057\/revisions"}],"wp:attachment":[{"href":"https:\/\/www.cvn.com.co\/en\/wp-json\/wp\/v2\/media?parent=19057"}],"wp:term":[{"taxonomy":"category","embeddable":true,"href":"https:\/\/www.cvn.com.co\/en\/wp-json\/wp\/v2\/categories?post=19057"},{"taxonomy":"post_tag","embeddable":true,"href":"https:\/\/www.cvn.com.co\/en\/wp-json\/wp\/v2\/tags?post=19057"}],"curies":[{"name":"wp","href":"https:\/\/api.w.org\/{rel}","templated":true}]}}