{"id":19148,"date":"2016-07-28T18:37:51","date_gmt":"2016-07-28T18:37:51","guid":{"rendered":"https:\/\/www.cvn.com.co\/?p=19148"},"modified":"2016-07-28T18:37:51","modified_gmt":"2016-07-28T18:37:51","slug":"produccion-de-autopartes-en-argentina-se-redujo-10-en-este-2016","status":"publish","type":"post","link":"https:\/\/www.cvn.com.co\/en\/produccion-de-autopartes-en-argentina-se-redujo-10-en-este-2016\/","title":{"rendered":"Producci\u00f3n de autopartes en Argentina se redujo 10% en este 2016"},"content":{"rendered":"<p>[vc_row][vc_column][vc_empty_space][vc_column_text]<\/p>\n<p style=\"text-align: justify\">Seg\u00fan la Asociaci\u00f3n de F\u00e1bricas Argentinas de Componentes (AFAC), la producci\u00f3n de autopartes en el pa\u00eds se contrajo un 10% en lo que va del a\u00f1o con respecto al mismo periodo del 2015. La situaci\u00f3n puede llegar a representar algunos despidos a los empleados del sector.<\/p>\n<p>[\/vc_column_text][\/vc_column][\/vc_row][vc_row][vc_column][dt_call_to_action background=&#8221;fancy&#8221; line=&#8221;true&#8221; style=&#8221;1&#8243; animation=&#8221;bounceInRight&#8221;]<span style=\"font-size: 12pt;color: #333333\">[dt_gap height=&#8221;3&#8243;\/]\u00a0<\/span><\/p>\n<p class=\"p1\"><span class=\"s1\" style=\"font-size: 18pt;color: #1aa8b8\"><\/span><\/p>\n<p><em>\u00a0<\/em> [\/dt_call_to_action][\/vc_column][\/vc_row][vc_row][vc_column][vc_column_text]<\/p>\n<p>&nbsp;<\/p>\n<p style=\"text-align: justify\">En Argentina, seg\u00fan lo dio a conocer Juan Cantarella, Gerente General de la Asociaci\u00f3n de F\u00e1bricas Argentinas de Componentes (AFAC), la producci\u00f3n local del segmento de autopartes registr\u00f3 una ca\u00edda del 10% en lo que va del a\u00f1o con respecto a lo producido en el 2015.<\/p>\n<p style=\"text-align: justify\">La ca\u00edda de la actividad es la principal preocupaci\u00f3n de los empresarios del sector a partir del impacto que viene generando la fuerte retracci\u00f3n de la demanda brasile\u00f1a, la cual tiene una importancia tal que los esfuerzos en desarrollar otros destinos de exportaci\u00f3n o el sostenimiento de ventas de 0 km del mercado interno no es suficiente; as\u00ed lo dio a conocer La Izquierda Diario, de Argentina.<\/p>\n<p style=\"text-align: justify\">Igualmente, Cantarella alert\u00f3 que adem\u00e1s de que Brasil ofrece al mercado local precios mucho m\u00e1s bajos por una cuesti\u00f3n cambiaria y la fuerte capacidad ociosa que tiene, hay otra realidad vinculada a la especializaci\u00f3n del vecino pa\u00eds en veh\u00edculos peque\u00f1os y econ\u00f3micos, que son los que dinamizan el sector, mientras que Argentina se est\u00e1 caracterizando por un perfil de pick ups y veh\u00edculos comerciales.<\/p>\n<p style=\"text-align: justify\">Tambi\u00e9n se debe agregar que la exportaci\u00f3n directa de autopartes registr\u00f3 en el primer semestre una ca\u00edda del 20% respecto a 2015, nuevamente asociado a la ca\u00edda de la demanda brasile\u00f1a, mercado que representa para el sector el 65% de sus ventas externas.<\/p>\n<p style=\"text-align: justify\">A parte de las p\u00e9rdidas en materia de producci\u00f3n del sector, las dificultades por las que est\u00e1 pasando la industria autopartista afecta tambi\u00e9n el \u00e1mbito laboral en tanto que se est\u00e1 considerando reducir el n\u00famero de empleos.<\/p>\n<p style=\"text-align: justify\">Se espera que para el siguiente semestre del a\u00f1o, el panorama de la producci\u00f3n de autopartes en argentina mejore para que no se afecten otros sectores de la econom\u00eda nacional.<\/p>\n<p>&nbsp;<\/p>\n<p>[\/vc_column_text][vc_column_text]<\/p>\n<p style=\"text-align: justify\">\n<p style=\"text-align: justify\">Fuente<\/p>\n<p style=\"text-align: justify\"><a href=\"http:\/\/www.telam.com.ar\/notas\/201607\/156741-argentina-autopartes-brasil-exportaciones-industria-automotriz-impuestos-costos-afac.html\">La producci\u00f3n de autopartes cae 10% y refleja dificultades de la industria automotriz<\/a> \u2013 T\u00e9lam, Argentina<\/p>\n<p style=\"text-align: justify\"><a href=\"http:\/\/www.laizquierdadiario.com\/La-produccion-de-autopartes-baja-un-10-y-alertan-por-despidos\">La producci\u00f3n de autopartes baj\u00f3 un 10 % y alertan por despidos<\/a> \u2013 La Izquierda Diario, Argentina<\/p>\n<p>&nbsp;<\/p>\n<p>[\/vc_column_text][\/vc_column][\/vc_row][vc_row][vc_column][\/vc_column][\/vc_row]<\/p>\n","protected":false},"excerpt":{"rendered":"<p>[vc_row][vc_column][vc_empty_space][vc_column_text] Seg\u00fan la Asociaci\u00f3n de F\u00e1bricas Argentinas de Componentes (AFAC), la producci\u00f3n de autopartes en el pa\u00eds se contrajo un 10% en lo que va del a\u00f1o con respecto al mismo periodo del 2015. La situaci\u00f3n puede llegar a representar algunos despidos a los empleados del sector. [\/vc_column_text][\/vc_column][\/vc_row][vc_row][vc_column][dt_call_to_action background=&#8221;fancy&#8221; line=&#8221;true&#8221; style=&#8221;1&#8243; animation=&#8221;bounceInRight&#8221;][dt_gap height=&#8221;3&#8243;\/]\u00a0 \u00a0 [\/dt_call_to_action][\/vc_column][\/vc_row][vc_row][vc_column][vc_column_text] [&hellip;]<\/p>\n","protected":false},"author":1,"featured_media":0,"comment_status":"closed","ping_status":"closed","sticky":false,"template":"","format":"standard","meta":{"_acf_changed":false,"_joinchat":[],"footnotes":""},"categories":[37],"tags":[],"class_list":["post-19148","post","type-post","status-publish","format-standard","hentry","category-new_automotive","entry","owp-thumbs-layout-horizontal","owp-btn-normal","owp-tabs-layout-horizontal","has-no-thumbnails","has-product-nav"],"acf":[],"_links":{"self":[{"href":"https:\/\/www.cvn.com.co\/en\/wp-json\/wp\/v2\/posts\/19148","targetHints":{"allow":["GET"]}}],"collection":[{"href":"https:\/\/www.cvn.com.co\/en\/wp-json\/wp\/v2\/posts"}],"about":[{"href":"https:\/\/www.cvn.com.co\/en\/wp-json\/wp\/v2\/types\/post"}],"author":[{"embeddable":true,"href":"https:\/\/www.cvn.com.co\/en\/wp-json\/wp\/v2\/users\/1"}],"replies":[{"embeddable":true,"href":"https:\/\/www.cvn.com.co\/en\/wp-json\/wp\/v2\/comments?post=19148"}],"version-history":[{"count":0,"href":"https:\/\/www.cvn.com.co\/en\/wp-json\/wp\/v2\/posts\/19148\/revisions"}],"wp:attachment":[{"href":"https:\/\/www.cvn.com.co\/en\/wp-json\/wp\/v2\/media?parent=19148"}],"wp:term":[{"taxonomy":"category","embeddable":true,"href":"https:\/\/www.cvn.com.co\/en\/wp-json\/wp\/v2\/categories?post=19148"},{"taxonomy":"post_tag","embeddable":true,"href":"https:\/\/www.cvn.com.co\/en\/wp-json\/wp\/v2\/tags?post=19148"}],"curies":[{"name":"wp","href":"https:\/\/api.w.org\/{rel}","templated":true}]}}