{"id":19164,"date":"2016-08-01T18:24:52","date_gmt":"2016-08-01T18:24:52","guid":{"rendered":"https:\/\/www.cvn.com.co\/?p=19164"},"modified":"2016-08-01T18:24:52","modified_gmt":"2016-08-01T18:24:52","slug":"fin-del-paro-de-transportadores-en-colombia-estabiliza-precios-de-los-alimentos","status":"publish","type":"post","link":"https:\/\/www.cvn.com.co\/en\/fin-del-paro-de-transportadores-en-colombia-estabiliza-precios-de-los-alimentos\/","title":{"rendered":"Fin del Paro de Transportadores en Colombia estabiliza precios de los alimentos"},"content":{"rendered":"<p>[vc_row][vc_column][vc_empty_space][vc_column_text]<\/p>\n<p class=\"INTRO\" style=\"text-align: justify\">Estas \u00faltimas semanas se ha reflejado en las principales centrales de abastecimientos del pa\u00eds la disminuci\u00f3n de precios en los alimentos que, hab\u00edan tenido un crecimiento excesivo a ra\u00edz del Paro Camionero y que ten\u00eda preocupada a la poblaci\u00f3n en general por estos altos costos.<\/p>\n<p>[\/vc_column_text][\/vc_column][\/vc_row][vc_row][vc_column][dt_call_to_action background=&#8221;fancy&#8221; line=&#8221;true&#8221; style=&#8221;1&#8243; animation=&#8221;bounceInRight&#8221;]<span style=\"font-size: 12pt;color: #333333\">[dt_gap height=&#8221;3&#8243;\/]\u00a0<\/span><\/p>\n<p class=\"p1\"><span class=\"s1\" style=\"font-size: 18pt;color: #1aa8b8\"><\/span><\/p>\n<p><em>\u00a0<\/em> [\/dt_call_to_action][\/vc_column][\/vc_row][vc_row][vc_column][vc_column_text]<\/p>\n<p>&nbsp;<\/p>\n<p style=\"text-align: justify\">Tras culminarse el Paro Camionero que dur\u00f3 46 d\u00edas y arroj\u00f3 millones de p\u00e9rdidas en varios sectores del pa\u00eds, la situaci\u00f3n parece estabilizarse nuevamente y los precios altos que se ve\u00edan reflejados en los productos b\u00e1sicos de la canasta familiar ya parecen volver a la normalidad.<\/p>\n<p style=\"text-align: justify\">En las centrales de Abasto de distintas ciudades del pa\u00eds ya se empezaron a registrar la llegada de cientos de camiones con alimentos que estaban represados en las distintas v\u00edas de Colombia y que reten\u00edan la mercanc\u00eda. Ahora, con la entrada de estos camiones para abastecer los puntos de ventas, los precios de las frutas, verduras y hortalizas parecen estabilizarse.<\/p>\n<p style=\"text-align: justify\">Seg\u00fan lo explica Alfonso Mar\u00edn L\u00f3pez, analista de Mercado de la Central Mayorista de Antioquia a Caracol Radio, alimentos como la papa capira, la cebolla blanca y la granadilla tienen precios de hasta $1.000 menos por kilo, en especial la papa capira que baj\u00f3 en un 51%, estaba entre $3.000 y $3.200 y ya baj\u00f3 a $2.200 por kilo. Tambi\u00e9n la cebolla junca y la cebolla blanca.<\/p>\n<p style=\"text-align: justify\">Situaci\u00f3n similar ocurri\u00f3 en el Mercado P\u00fablico de Valledupar. Entre los alimentos que tienden a la baja est\u00e1n: el ceboll\u00edn, cuyo kilo pas\u00f3 de $8.000 a $4.000; el kilo de zanahoria pas\u00f3 de $5.000 a $2.000; la remolacha de $4.000 a $2.000; el piment\u00f3n pas\u00f3 de $5.000 a $3.000; la papa estaba en $3.000 y ahora se consigue a $1.600; igualmente sucede con las frutas, donde el kilo de lulo pas\u00f3 de $6.500 a $5.000, el kilo de maracuy\u00e1 pas\u00f3 a $3.500, el kilo de guayaba se consigue a $4.000, y la mora a $4.000, seg\u00fan explic\u00f3 el comerciante Isaac Romero a El Pil\u00f3n de Valledupar.<\/p>\n<p style=\"text-align: justify\">El alza en los precios, entre otras razones, se dio por la escasez de productos y el alto costo que se estaba pagando por el flete. Enzo Falc\u00f3n, quien se encarga de transportar mercanc\u00eda desde Santander, indic\u00f3 que antes de empezar el paro el flete era de $90.000 por tonelada, durante el cese de actividades ped\u00edan entre $140.000 y $160.000, y ahora, en este reciente viaje, cancel\u00f3 la suma de $100.000, es decir, ya empez\u00f3 a normalizarse.<\/p>\n<p style=\"text-align: justify\">Se espera que para los pr\u00f3ximos d\u00edas los precios de los alimentos se estabilicen para bienestar de los colombianos.<\/p>\n<p>&nbsp;<\/p>\n<p>[\/vc_column_text][vc_column_text]<\/p>\n<p style=\"text-align: justify\">\n<p style=\"text-align: justify\">Fuente<\/p>\n<p style=\"text-align: justify\"><a href=\"http:\/\/caracol.com.co\/emisora\/2016\/07\/22\/medellin\/1469210241_939415.html\">En 50% bajan precios de alimentos al concluir el paro camionero en Antioquia<\/a> \u2013 Caracol Radio<\/p>\n<p style=\"text-align: justify\"><a href=\"http:\/\/www.elheraldo.co\/local\/fin-del-paro-camionero-deja-abundancia-y-precios-razonables-274201\">Fin del paro camionero deja abundancia y precios razonables<\/a> \u2013 El Heraldo, Barranquilla<\/p>\n<p style=\"text-align: justify\"><a href=\"http:\/\/elpilon.com.co\/bajan-los-precios-despues-del-paro-camionero\/\">Bajan los precios despu\u00e9s del paro de camionero<\/a> \u2013 El Pil\u00f3n, Valledupar<\/p>\n<p>&nbsp;<\/p>\n<p>[\/vc_column_text][\/vc_column][\/vc_row][vc_row][vc_column][\/vc_column][\/vc_row]<\/p>\n","protected":false},"excerpt":{"rendered":"<p>[vc_row][vc_column][vc_empty_space][vc_column_text] Estas \u00faltimas semanas se ha reflejado en las principales centrales de abastecimientos del pa\u00eds la disminuci\u00f3n de precios en los alimentos que, hab\u00edan tenido un crecimiento excesivo a ra\u00edz del Paro Camionero y que ten\u00eda preocupada a la poblaci\u00f3n en general por estos altos costos. [\/vc_column_text][\/vc_column][\/vc_row][vc_row][vc_column][dt_call_to_action background=&#8221;fancy&#8221; line=&#8221;true&#8221; style=&#8221;1&#8243; animation=&#8221;bounceInRight&#8221;][dt_gap height=&#8221;3&#8243;\/]\u00a0 \u00a0 [\/dt_call_to_action][\/vc_column][\/vc_row][vc_row][vc_column][vc_column_text] &nbsp; [&hellip;]<\/p>\n","protected":false},"author":1,"featured_media":0,"comment_status":"closed","ping_status":"closed","sticky":false,"template":"","format":"standard","meta":{"_acf_changed":false,"_joinchat":[],"footnotes":""},"categories":[38],"tags":[],"class_list":["post-19164","post","type-post","status-publish","format-standard","hentry","category-new-food-and-beverages","entry","owp-thumbs-layout-horizontal","owp-btn-normal","owp-tabs-layout-horizontal","has-no-thumbnails","has-product-nav"],"acf":[],"_links":{"self":[{"href":"https:\/\/www.cvn.com.co\/en\/wp-json\/wp\/v2\/posts\/19164","targetHints":{"allow":["GET"]}}],"collection":[{"href":"https:\/\/www.cvn.com.co\/en\/wp-json\/wp\/v2\/posts"}],"about":[{"href":"https:\/\/www.cvn.com.co\/en\/wp-json\/wp\/v2\/types\/post"}],"author":[{"embeddable":true,"href":"https:\/\/www.cvn.com.co\/en\/wp-json\/wp\/v2\/users\/1"}],"replies":[{"embeddable":true,"href":"https:\/\/www.cvn.com.co\/en\/wp-json\/wp\/v2\/comments?post=19164"}],"version-history":[{"count":0,"href":"https:\/\/www.cvn.com.co\/en\/wp-json\/wp\/v2\/posts\/19164\/revisions"}],"wp:attachment":[{"href":"https:\/\/www.cvn.com.co\/en\/wp-json\/wp\/v2\/media?parent=19164"}],"wp:term":[{"taxonomy":"category","embeddable":true,"href":"https:\/\/www.cvn.com.co\/en\/wp-json\/wp\/v2\/categories?post=19164"},{"taxonomy":"post_tag","embeddable":true,"href":"https:\/\/www.cvn.com.co\/en\/wp-json\/wp\/v2\/tags?post=19164"}],"curies":[{"name":"wp","href":"https:\/\/api.w.org\/{rel}","templated":true}]}}