{"id":19167,"date":"2016-08-01T19:04:05","date_gmt":"2016-08-01T19:04:05","guid":{"rendered":"https:\/\/www.cvn.com.co\/?p=19167"},"modified":"2016-08-01T19:04:05","modified_gmt":"2016-08-01T19:04:05","slug":"casos-de-desnutricion-de-venezolanos-son-atendidos-en-barranquilla","status":"publish","type":"post","link":"https:\/\/www.cvn.com.co\/en\/casos-de-desnutricion-de-venezolanos-son-atendidos-en-barranquilla\/","title":{"rendered":"Casos de desnutrici\u00f3n de venezolanos son atendidos en Barranquilla"},"content":{"rendered":"<p>[vc_row][vc_column][vc_empty_space][vc_column_text]<\/p>\n<p class=\"INTRO\" style=\"text-align: justify\">La situaci\u00f3n por la que atraviesan los venezolanos es de sumo cuidado y el desabastecimiento de alimentos tiene a la poblaci\u00f3n en estado cr\u00edtico, a tal punto que a la ciudad de Barranquilla han llegado m\u00e1s de 60 casos de personas con desnutrici\u00f3n provenientes del territorio vecino.<\/p>\n<p>[\/vc_column_text][\/vc_column][\/vc_row][vc_row][vc_column][dt_call_to_action background=&#8221;fancy&#8221; line=&#8221;true&#8221; style=&#8221;1&#8243; animation=&#8221;bounceInRight&#8221;]<span style=\"font-size: 12pt;color: #333333\">[dt_gap height=&#8221;3&#8243;\/]\u00a0<\/span><\/p>\n<p class=\"p1\"><span class=\"s1\" style=\"font-size: 18pt;color: #1aa8b8\"><\/span><\/p>\n<p><em>\u00a0<\/em> [\/dt_call_to_action][\/vc_column][\/vc_row][vc_row][vc_column][vc_column_text]<\/p>\n<p>&nbsp;<\/p>\n<p style=\"text-align: justify\">En Venezuela, el escenario pol\u00edtico y econ\u00f3mico tiene en jaque a la poblaci\u00f3n debido al fuerte desabastecimiento de alimentos que llevan presentando en los \u00faltimos meses. Pero no solo es de alimentos, tambi\u00e9n de productos de aseo y medicinas, que ya alcanza porcentajes de hasta el 80%. A ra\u00edz de ello, los contrabandistas tambi\u00e9n aprovechan la situaci\u00f3n y venden algunos productos con sobreprecios entre los 1.000 % y\u00a0 un 4.000 %, haciendo m\u00e1s complicado el panorama.<\/p>\n<p style=\"text-align: justify\">Debido a este desabastecimiento, la poblaci\u00f3n venezolana ha acudido a centros de Salud de Barranquilla para ser atendidos por distintas patolog\u00edas, entre ellas se encuentran: Desnutrici\u00f3n, virus, enfermedades g\u00e1stricas y respiratorias.<\/p>\n<p style=\"text-align: justify\">Seg\u00fan lo reporta la Red P\u00fablica de Hospitales de Barranquilla, se han atendido cerca de 60 venezolanos con estos s\u00edntomas, entre ellos varios ni\u00f1os con problemas de salud.<\/p>\n<p style=\"text-align: justify\">Caso puntual reporta Caracol Radio, donde un menor de dos a\u00f1os procedente de Venezuela, quien presenta una par\u00e1lisis cerebral, estuvo en cuidados intensivos durante 25 d\u00edas en el Camino Adelita de Char, debido a que el menor duraba hasta un d\u00eda sin comer por la falta de alimentos en su pa\u00eds.<\/p>\n<p style=\"text-align: justify\">Seg\u00fan lo explica RCN La Radio, otro de los dramas que viven las personas que deciden pasar la frontera es que se encuentran indocumentadas y esto no les permite acceder a ning\u00fan servicio de salud y tampoco emplearse en Colombia.<\/p>\n<p style=\"text-align: justify\">A pesar de que a Colombia entraron cerca de 35.000 personas el pasado 11 de julio, luego de la apertura de la frontera Colombo-Venezolana durante 12 horas, la situaci\u00f3n en el pa\u00eds vecino parece no dar muestras de mejora. Por ende se est\u00e1n realizando negociaciones para que la frontera sea nuevamente abierta.<\/p>\n<p>[\/vc_column_text][vc_column_text]<\/p>\n<p style=\"text-align: justify\">\n<p style=\"text-align: justify\">Fuente<\/p>\n<p style=\"text-align: justify\"><a href=\"http:\/\/www.rcnradio.com\/locales\/mas-60-casos-ninos-desnutricion-procedentes-venezuela-atendidos-barranquilla\/\">M\u00e1s de 60 casos de personas venezolanas con diferentes patolog\u00edas han sido atendidos en Barranquilla<\/a> \u2013 RCN La Radio<\/p>\n<p style=\"text-align: justify\"><a href=\"http:\/\/www.elespectador.com\/noticias\/nacional\/atlantico\/barranquilla-se-han-atendido-cerca-de-60-venezolanos-pr-articulo-646525\">En Barranquilla se han atendido cerca de 60 venezolanos con problemas de salud<\/a> \u2013 El Espectador<\/p>\n<p style=\"text-align: justify\"><a href=\"http:\/\/caracol.com.co\/emisora\/2016\/07\/31\/barranquilla\/1469983819_270882.html\">A Barranquilla llegan ni\u00f1os desnutridos de Venezuela dicen autoridades de salud<\/a> \u2013 Caracol Radio<\/p>\n<p>&nbsp;<\/p>\n<p>[\/vc_column_text][\/vc_column][\/vc_row][vc_row][vc_column][\/vc_column][\/vc_row]<\/p>\n","protected":false},"excerpt":{"rendered":"<p>[vc_row][vc_column][vc_empty_space][vc_column_text] La situaci\u00f3n por la que atraviesan los venezolanos es de sumo cuidado y el desabastecimiento de alimentos tiene a la poblaci\u00f3n en estado cr\u00edtico, a tal punto que a la ciudad de Barranquilla han llegado m\u00e1s de 60 casos de personas con desnutrici\u00f3n provenientes del territorio vecino. [\/vc_column_text][\/vc_column][\/vc_row][vc_row][vc_column][dt_call_to_action background=&#8221;fancy&#8221; line=&#8221;true&#8221; style=&#8221;1&#8243; animation=&#8221;bounceInRight&#8221;][dt_gap height=&#8221;3&#8243;\/]\u00a0 \u00a0 [&hellip;]<\/p>\n","protected":false},"author":1,"featured_media":0,"comment_status":"closed","ping_status":"closed","sticky":false,"template":"","format":"standard","meta":{"_acf_changed":false,"_joinchat":[],"footnotes":""},"categories":[35],"tags":[],"class_list":["post-19167","post","type-post","status-publish","format-standard","hentry","category-new-healthcare","entry","owp-thumbs-layout-horizontal","owp-btn-normal","owp-tabs-layout-horizontal","has-no-thumbnails","has-product-nav"],"acf":[],"_links":{"self":[{"href":"https:\/\/www.cvn.com.co\/en\/wp-json\/wp\/v2\/posts\/19167","targetHints":{"allow":["GET"]}}],"collection":[{"href":"https:\/\/www.cvn.com.co\/en\/wp-json\/wp\/v2\/posts"}],"about":[{"href":"https:\/\/www.cvn.com.co\/en\/wp-json\/wp\/v2\/types\/post"}],"author":[{"embeddable":true,"href":"https:\/\/www.cvn.com.co\/en\/wp-json\/wp\/v2\/users\/1"}],"replies":[{"embeddable":true,"href":"https:\/\/www.cvn.com.co\/en\/wp-json\/wp\/v2\/comments?post=19167"}],"version-history":[{"count":0,"href":"https:\/\/www.cvn.com.co\/en\/wp-json\/wp\/v2\/posts\/19167\/revisions"}],"wp:attachment":[{"href":"https:\/\/www.cvn.com.co\/en\/wp-json\/wp\/v2\/media?parent=19167"}],"wp:term":[{"taxonomy":"category","embeddable":true,"href":"https:\/\/www.cvn.com.co\/en\/wp-json\/wp\/v2\/categories?post=19167"},{"taxonomy":"post_tag","embeddable":true,"href":"https:\/\/www.cvn.com.co\/en\/wp-json\/wp\/v2\/tags?post=19167"}],"curies":[{"name":"wp","href":"https:\/\/api.w.org\/{rel}","templated":true}]}}