{"id":19174,"date":"2016-08-02T22:05:31","date_gmt":"2016-08-02T22:05:31","guid":{"rendered":"https:\/\/www.cvn.com.co\/?p=19174"},"modified":"2016-08-02T22:05:31","modified_gmt":"2016-08-02T22:05:31","slug":"en-corea-del-sur-se-prohibe-venta-de-algunos-vehiculos-volkswagen","status":"publish","type":"post","link":"https:\/\/www.cvn.com.co\/en\/en-corea-del-sur-se-prohibe-venta-de-algunos-vehiculos-volkswagen\/","title":{"rendered":"En Corea del Sur, se proh\u00edbe venta de algunos veh\u00edculos Volkswagen"},"content":{"rendered":"<p>[vc_row][vc_column][vc_empty_space][vc_column_text]<\/p>\n<p class=\"INTRO\" style=\"text-align: justify\">Debido al inconveniente relacionado con las emisiones contaminantes de los motores di\u00e9sel, Corea del Sur decidi\u00f3 suspender la venta de 80 modelos de la marca Volkswagen en el pa\u00eds y abri\u00f3 una investigaci\u00f3n a la compa\u00f1\u00eda alemana sobre el esc\u00e1ndalo de los motores trucados.<\/p>\n<p>[\/vc_column_text][\/vc_column][\/vc_row][vc_row][vc_column][dt_call_to_action background=&#8221;fancy&#8221; line=&#8221;true&#8221; style=&#8221;1&#8243; animation=&#8221;bounceInRight&#8221;]<span style=\"font-size: 12pt;color: #333333\">[dt_gap height=&#8221;3&#8243;\/]\u00a0<\/span><\/p>\n<p class=\"p1\"><span class=\"s1\" style=\"font-size: 18pt;color: #1aa8b8\"><\/span><\/p>\n<p><em>\u00a0<\/em> [\/dt_call_to_action][\/vc_column][\/vc_row][vc_row][vc_column][vc_column_text]<\/p>\n<p>&nbsp;<\/p>\n<p style=\"text-align: justify\">Este martes, en Se\u00fal \u2013capital de Corea del Sur\u2013 se dio a conocer la decisi\u00f3n del pa\u00eds asi\u00e1tico de suspender las ventas de por lo menos 32 modelos del Grupo Alem\u00e1n Volkswagen, para un total de 80 diferentes versiones de las marcas Audi, Bentley y la misma Volkswagen, debido al esc\u00e1ndalo por las emisiones contaminantes de los motores di\u00e9sel de la compa\u00f1\u00eda.<\/p>\n<p style=\"text-align: justify\">Adem\u00e1s de la suspensi\u00f3n, el Portal Web Auto Dato explica que, Volkswagen deber\u00e1 afrontar una multa del gobierno por el equivalente a unos USD 16,06 millones \u201314 millones de euros\u2013, por la presunta falsificaci\u00f3n de documentos en torno a las emisiones contaminantes y a las pruebas de nivel de ruido. Justo en el momento en que el gigante alem\u00e1n logr\u00f3 transformarse en el fabricante que m\u00e1s coches vende en todo el mundo, las sanciones sin dudas colocar\u00e1n un freno a las ventas en el mercado asi\u00e1tico.<\/p>\n<p style=\"text-align: justify\">A su vez, Corea del Sur manifest\u00f3 que est\u00e1 en marcha una investigaci\u00f3n a Volkswagen sobre el esc\u00e1ndalo de motores trucados.<\/p>\n<p style=\"text-align: justify\">Cabe mencionar que la compa\u00f1\u00eda alemana se hab\u00eda adelantado hace dos semanas a los hechos y hab\u00eda anunciado la suspensi\u00f3n temporal de la venta en Corea del Sur de varios modelos por un problema de homologaci\u00f3n. Inclusive, un portavoz de Volkswagen explic\u00f3 que la decisi\u00f3n se hab\u00eda tomado por unas irregularidades en el proceso de homologaci\u00f3n de los modelos y por discusiones con las autoridades surcoreanas acerca de los datos facilitados por la constructora, como las dimensiones, peso o tipo de motores; as\u00ed lo registr\u00f3 DiarioPyme.<\/p>\n<p style=\"text-align: justify\">Sin embargo, Volkswagen manifest\u00f3 a sus clientes en el pa\u00eds asi\u00e1tico a trav\u00e9s de su p\u00e1gina web oficial que, est\u00e1 considerando emprender acciones legales contra la decisi\u00f3n que tom\u00f3 el gobierno surcoreano, ya que esto le servir\u00eda a la compa\u00f1\u00eda alemana a recuperar la reputaci\u00f3n de su marca en el mercado.<\/p>\n<p style=\"text-align: justify\">Finalmente y como dato adicional, se evidenci\u00f3 que las ventas de Volkswagen en Corea del Sur se redujeron un 33% el primer semestre del 2016, a 12.463 unidades.<\/p>\n<p>&nbsp;<\/p>\n<p>[\/vc_column_text][vc_column_text]<\/p>\n<p style=\"text-align: justify\">\n<p style=\"text-align: justify\">Fuente<\/p>\n<p style=\"text-align: justify\"><a href=\"http:\/\/www.diariopyme.com\/prontus_diariopyme\/site\/artic\/20160802\/pags\/20160802084734.html\">Corea del Sur suspende venta de 80 modelos de autos de marca alemana por falsear homologaci\u00f3n ambiental<\/a> \u2013 Diario Pyme<\/p>\n<p style=\"text-align: justify\"><a href=\"http:\/\/www.autodato.com\/2016\/08\/corea-del-sur-prohibe-la-venta-de-la-mayoria-de-los-modelos-del-grupo-volkswagen.html\">Corea del Sur prohibe la venta de la mayor\u00eda de los modelos del Grupo Volkswagen<\/a> \u2013 Auto Dato<\/p>\n<p>&nbsp;<\/p>\n<p>[\/vc_column_text][\/vc_column][\/vc_row][vc_row][vc_column][\/vc_column][\/vc_row]<\/p>\n","protected":false},"excerpt":{"rendered":"<p>[vc_row][vc_column][vc_empty_space][vc_column_text] Debido al inconveniente relacionado con las emisiones contaminantes de los motores di\u00e9sel, Corea del Sur decidi\u00f3 suspender la venta de 80 modelos de la marca Volkswagen en el pa\u00eds y abri\u00f3 una investigaci\u00f3n a la compa\u00f1\u00eda alemana sobre el esc\u00e1ndalo de los motores trucados. [\/vc_column_text][\/vc_column][\/vc_row][vc_row][vc_column][dt_call_to_action background=&#8221;fancy&#8221; line=&#8221;true&#8221; style=&#8221;1&#8243; animation=&#8221;bounceInRight&#8221;][dt_gap height=&#8221;3&#8243;\/]\u00a0 \u00a0 [\/dt_call_to_action][\/vc_column][\/vc_row][vc_row][vc_column][vc_column_text] &nbsp; Este [&hellip;]<\/p>\n","protected":false},"author":1,"featured_media":0,"comment_status":"closed","ping_status":"closed","sticky":false,"template":"","format":"standard","meta":{"_acf_changed":false,"_joinchat":[],"footnotes":""},"categories":[37],"tags":[],"class_list":["post-19174","post","type-post","status-publish","format-standard","hentry","category-new_automotive","entry","owp-thumbs-layout-horizontal","owp-btn-normal","owp-tabs-layout-horizontal","has-no-thumbnails","has-product-nav"],"acf":[],"_links":{"self":[{"href":"https:\/\/www.cvn.com.co\/en\/wp-json\/wp\/v2\/posts\/19174","targetHints":{"allow":["GET"]}}],"collection":[{"href":"https:\/\/www.cvn.com.co\/en\/wp-json\/wp\/v2\/posts"}],"about":[{"href":"https:\/\/www.cvn.com.co\/en\/wp-json\/wp\/v2\/types\/post"}],"author":[{"embeddable":true,"href":"https:\/\/www.cvn.com.co\/en\/wp-json\/wp\/v2\/users\/1"}],"replies":[{"embeddable":true,"href":"https:\/\/www.cvn.com.co\/en\/wp-json\/wp\/v2\/comments?post=19174"}],"version-history":[{"count":0,"href":"https:\/\/www.cvn.com.co\/en\/wp-json\/wp\/v2\/posts\/19174\/revisions"}],"wp:attachment":[{"href":"https:\/\/www.cvn.com.co\/en\/wp-json\/wp\/v2\/media?parent=19174"}],"wp:term":[{"taxonomy":"category","embeddable":true,"href":"https:\/\/www.cvn.com.co\/en\/wp-json\/wp\/v2\/categories?post=19174"},{"taxonomy":"post_tag","embeddable":true,"href":"https:\/\/www.cvn.com.co\/en\/wp-json\/wp\/v2\/tags?post=19174"}],"curies":[{"name":"wp","href":"https:\/\/api.w.org\/{rel}","templated":true}]}}