{"id":19184,"date":"2016-08-03T18:29:42","date_gmt":"2016-08-03T18:29:42","guid":{"rendered":"https:\/\/www.cvn.com.co\/?p=19184"},"modified":"2016-08-03T18:29:42","modified_gmt":"2016-08-03T18:29:42","slug":"gobierno-de-bolivia-aprueba-decretos-para-promover-desarrollo-agricola-del-pais-y-enfrentar-la-sequia","status":"publish","type":"post","link":"https:\/\/www.cvn.com.co\/en\/gobierno-de-bolivia-aprueba-decretos-para-promover-desarrollo-agricola-del-pais-y-enfrentar-la-sequia\/","title":{"rendered":"Gobierno de Bolivia aprueba decretos para promover desarrollo agr\u00edcola del pa\u00eds y enfrentar la sequ\u00eda"},"content":{"rendered":"<p>[vc_row][vc_column][vc_empty_space][vc_column_text]<\/p>\n<p class=\"INTRO\" style=\"text-align: justify\">Aunque en un principio se pensaba que iba a haber un aumento en las importaciones de Bolivia, finalmente el presidente Evo Morales dio luz a 12 decretos que promueven el desarrollo agr\u00edcola del pa\u00eds y la producci\u00f3n nacional, adem\u00e1s busca con ello, enfrentar la fuerte sequ\u00eda por la que est\u00e1 atravesando esta regi\u00f3n<span style=\"font-size: 18.0pt\">.<\/span><\/p>\n<p>[\/vc_column_text][\/vc_column][\/vc_row][vc_row][vc_column][dt_call_to_action background=&#8221;fancy&#8221; line=&#8221;true&#8221; style=&#8221;1&#8243; animation=&#8221;bounceInRight&#8221;]<span style=\"font-size: 12pt;color: #333333\">[dt_gap height=&#8221;3&#8243;\/]\u00a0<\/span><\/p>\n<p class=\"p1\"><span class=\"s1\" style=\"font-size: 18pt;color: #1aa8b8\"><\/span><\/p>\n<p><em>\u00a0<\/em> [\/dt_call_to_action][\/vc_column][\/vc_row][vc_row][vc_column][vc_column_text]<\/p>\n<p>&nbsp;<\/p>\n<p style=\"text-align: justify\">El presidente de Bolivia, Evo Morales aprob\u00f3 este martes 12 decretos para combatir los efectos clim\u00e1ticos por los que est\u00e1 pasando la naci\u00f3n en materia de sequ\u00eda, que ha perjudicado a los productores agropecuarios del pa\u00eds.<\/p>\n<p style=\"text-align: justify\">Con la aprobaci\u00f3n de estos decretos, el Gobierno Boliviano pretende incentivar a los agricultores nacionales para que se aumente la producci\u00f3n de cultivos en el pa\u00eds. Aunque se pensaba en un principio que la decisi\u00f3n iba a ser aumentar las importaciones para que los productos llegaran m\u00e1s econ\u00f3micos, el Presidente Morales decidi\u00f3 fomentar en los decretos, el apoyo a la producci\u00f3n nacional.<\/p>\n<p style=\"text-align: justify\">Dentro de las aprobaciones realizadas, se destacan cinco proyectos que tienen que ver con la dotaci\u00f3n de aguas, estas implican: la perforaci\u00f3n de pozos, compra de camiones cisternas, ampliaci\u00f3n del programa de riego, implementaci\u00f3n del programa \u201cSiembra de Agua\u201d y la instalaci\u00f3n de tanques en las zonas m\u00e1s alejadas, para la creaci\u00f3n de huertas familiares. Al igual, como lo dio a conocer el diario Opini\u00f3n de Bolivia, a esos proyectos se suma la entrega, a los productores, de semillas de papa, ma\u00edz, arroz, trigo y forraje a cr\u00e9dito con cero por ciento de inter\u00e9s y se liberar\u00e1 la exportaci\u00f3n de carne vacuna.<\/p>\n<p style=\"text-align: justify\">Igualmente, la C\u00e1mara Agropecuaria del Oriente (CAO) hab\u00eda intentado la semana anterior en convencer al Gobierno del uso de algunas semillas gen\u00e9ticamente modificadas (GM) para lograr mejor rendimiento y resistencia a la sequ\u00eda y las plagas que afectan la producci\u00f3n, sin embargo, no se consider\u00f3 ninguna norma que involucre este uso.<\/p>\n<p style=\"text-align: justify\">Por \u00faltimo, en los d\u00e9ficits m\u00e1s altos que ha causado la sequ\u00eda en el pa\u00eds, se encuentra la del ma\u00edz, por lo que el Gobierno Boliviano pidi\u00f3 especialmente a las organizaciones sociales, interculturales, las bartolinas y a los peque\u00f1os productores, apostar a la producci\u00f3n del ma\u00edz, sobre todo el oriente y el valle.<\/p>\n<p>&nbsp;<\/p>\n<p>[\/vc_column_text][vc_column_text]<\/p>\n<p style=\"text-align: justify\">\n<p style=\"text-align: justify\">Fuente<\/p>\n<p style=\"text-align: justify\"><a href=\"http:\/\/www.opinion.com.bo\/opinion\/articulos\/2016\/0803\/noticias.php?id=196482\">Gobierno emite 12 decretos para impulsar la producci\u00f3n y enfrentar la sequ\u00eda<\/a> \u2013 Opini\u00f3n, Bolivia<\/p>\n<p style=\"text-align: justify\"><a href=\"http:\/\/www.eldeber.com.bo\/economia\/evo-aprueba-paquete-incentivos-sequia.html\">Evo aprueba un paquete de incentivos contra la sequ\u00eda<\/a> \u2013 El Deber, Bolivia<\/p>\n<p>&nbsp;<\/p>\n<p>[\/vc_column_text][\/vc_column][\/vc_row][vc_row][vc_column][\/vc_column][\/vc_row]<\/p>\n","protected":false},"excerpt":{"rendered":"<p>[vc_row][vc_column][vc_empty_space][vc_column_text] Aunque en un principio se pensaba que iba a haber un aumento en las importaciones de Bolivia, finalmente el presidente Evo Morales dio luz a 12 decretos que promueven el desarrollo agr\u00edcola del pa\u00eds y la producci\u00f3n nacional, adem\u00e1s busca con ello, enfrentar la fuerte sequ\u00eda por la que est\u00e1 atravesando esta regi\u00f3n. [\/vc_column_text][\/vc_column][\/vc_row][vc_row][vc_column][dt_call_to_action [&hellip;]<\/p>\n","protected":false},"author":1,"featured_media":0,"comment_status":"closed","ping_status":"closed","sticky":false,"template":"","format":"standard","meta":{"_acf_changed":false,"_joinchat":[],"footnotes":""},"categories":[38],"tags":[],"class_list":["post-19184","post","type-post","status-publish","format-standard","hentry","category-new-food-and-beverages","entry","owp-thumbs-layout-horizontal","owp-btn-normal","owp-tabs-layout-horizontal","has-no-thumbnails","has-product-nav"],"acf":[],"_links":{"self":[{"href":"https:\/\/www.cvn.com.co\/en\/wp-json\/wp\/v2\/posts\/19184","targetHints":{"allow":["GET"]}}],"collection":[{"href":"https:\/\/www.cvn.com.co\/en\/wp-json\/wp\/v2\/posts"}],"about":[{"href":"https:\/\/www.cvn.com.co\/en\/wp-json\/wp\/v2\/types\/post"}],"author":[{"embeddable":true,"href":"https:\/\/www.cvn.com.co\/en\/wp-json\/wp\/v2\/users\/1"}],"replies":[{"embeddable":true,"href":"https:\/\/www.cvn.com.co\/en\/wp-json\/wp\/v2\/comments?post=19184"}],"version-history":[{"count":0,"href":"https:\/\/www.cvn.com.co\/en\/wp-json\/wp\/v2\/posts\/19184\/revisions"}],"wp:attachment":[{"href":"https:\/\/www.cvn.com.co\/en\/wp-json\/wp\/v2\/media?parent=19184"}],"wp:term":[{"taxonomy":"category","embeddable":true,"href":"https:\/\/www.cvn.com.co\/en\/wp-json\/wp\/v2\/categories?post=19184"},{"taxonomy":"post_tag","embeddable":true,"href":"https:\/\/www.cvn.com.co\/en\/wp-json\/wp\/v2\/tags?post=19184"}],"curies":[{"name":"wp","href":"https:\/\/api.w.org\/{rel}","templated":true}]}}