{"id":19218,"date":"2016-08-05T22:11:33","date_gmt":"2016-08-05T22:11:33","guid":{"rendered":"https:\/\/www.cvn.com.co\/?p=19218"},"modified":"2016-08-05T22:11:33","modified_gmt":"2016-08-05T22:11:33","slug":"en-costa-rica-el-100-de-la-energia-es-de-fuentes-renovables","status":"publish","type":"post","link":"https:\/\/www.cvn.com.co\/en\/en-costa-rica-el-100-de-la-energia-es-de-fuentes-renovables\/","title":{"rendered":"En Costa Rica, el 100% de la energ\u00eda es de fuentes renovables"},"content":{"rendered":"<p>[vc_row][vc_column][vc_empty_space][vc_column_text]<\/p>\n<p class=\"INTRO\" style=\"text-align: justify;\">Este jueves, el Instituto Costarricense de Electricidad confirm\u00f3 que en el primer semestre del a\u00f1o, m\u00e1s del 90% de la energ\u00eda fue generada a partir de fuentes completamente renovables. El pa\u00eds centroamericano espera cerrar el 2016 con un m\u00e1ximo de 2% en el uso de energ\u00eda t\u00e9rmica.<\/p>\n<p>[\/vc_column_text][\/vc_column][\/vc_row][vc_row][vc_column][dt_call_to_action background=&#8221;fancy&#8221; line=&#8221;true&#8221; style=&#8221;1&#8243; animation=&#8221;bounceInRight&#8221;]<span style=\"font-size: 12pt; color: #333333;\">[dt_gap height=&#8221;3&#8243;\/]\u00a0<\/span><\/p>\n<p class=\"p1\"><span class=\"s1\" style=\"font-size: 18pt; color: #1aa8b8;\"><\/span><\/p>\n<p><em>\u00a0<\/em> [\/dt_call_to_action][\/vc_column][\/vc_row][vc_row][vc_column][vc_column_text]<\/p>\n<p>&nbsp;<\/p>\n<p style=\"text-align: justify;\">En todo lo que lleva el 2015, Costa Rica ha alimentado su demanda el\u00e9ctrica con energ\u00edas renovables, inclusive, el Instituto Costarricense de Electricidad (ICE) inform\u00f3 que en todo julio no tuvo la necesidad de encender las plantas movidas por hidrocarburos para satisfacer la demanda interna de electricidad, aquella pol\u00edtica energ\u00e9tica se hizo para contribuir al mejoramiento del medio ambiente.<\/p>\n<p style=\"text-align: justify;\">En total, toda la energ\u00eda hidroel\u00e9ctrica que se produjo en Costa Rica en julio, que fueron 944,6 gigavatios-hora, las centrales h\u00eddricas aportaron las tres cuartas partes, equivalentes al 74,9 %.<\/p>\n<p style=\"text-align: justify;\">La segunda de las fuentes, por peso relativo, fue la geot\u00e9rmica. Seg\u00fan lo cuenta El Economista de Espa\u00f1a, las seis plantas del ICE situadas en Guanacaste generaron pr\u00e1cticamente el 13% del total, y ganaron de nuevo a la generaci\u00f3n e\u00f3lica. Igualmente, los parques movidos por viento proporcionaron apenas el 12,19% de la energ\u00eda total demandada, y la solar permaneci\u00f3 en un m\u00e1s que modesto \u00faltimo puesto, pues apenas aport\u00f3 el 0,01%.<\/p>\n<p style=\"text-align: justify;\">Carlos Manuel Obreg\u00f3n, presidente ejecutivo del ICE resalt\u00f3 para El Mundo de Costa Rica que, la optimizaci\u00f3n de los recursos h\u00eddricos les ha permitido potenciar el aporte de los embalses de regulaci\u00f3n, y como resultado, la fuente t\u00e9rmica toc\u00f3 su punto m\u00e1s bajo en julio. La estabilidad tarifaria se cumplir\u00e1 a diciembre, tal y como se comprometieron con el Gobierno y el pa\u00eds a inicios del a\u00f1o.<\/p>\n<p style=\"text-align: justify;\">La expectativa para diciembre es que Costa Rica haya recurrido a la quema de hidrocarburos para producir tan solo el 2% de la electricidad que consume.<\/p>\n<p>&nbsp;<\/p>\n<p>[\/vc_column_text][vc_column_text]<\/p>\n<p style=\"text-align: justify;\">\n<p style=\"text-align: justify;\">Fuente<\/p>\n<p style=\"text-align: justify;\"><a href=\"http:\/\/www.elmundo.cr\/100-de-la-electricidad-producida-para-consumo-nacional-durante-julio-fue-con-fuentes-renovables\/\">100% de la electricidad producida para consumo nacional durante julio fue con fuentes renovables<\/a> \u2013 El Mundo, Costa Rica<\/p>\n<p style=\"text-align: justify;\"><a href=\"http:\/\/www.eleconomista.es\/empresas-finanzas\/noticias\/7749895\/08\/16\/La-red-electrica-de-Costa-Rica-se-alimenta-solo-con-renovables-desde-el-mes-de-enero.html\">Costa Rica ya alimenta toda su demanda el\u00e9ctrica usando s\u00f3lo renovables<\/a> \u2013 El Economista, Espa\u00f1a<\/p>\n<p>&nbsp;<\/p>\n<p>[\/vc_column_text][\/vc_column][\/vc_row][vc_row][vc_column][\/vc_column][\/vc_row]<\/p>\n","protected":false},"excerpt":{"rendered":"<p>[vc_row][vc_column][vc_empty_space][vc_column_text] Este jueves, el Instituto Costarricense de Electricidad confirm\u00f3 que en el primer semestre del a\u00f1o, m\u00e1s del 90% de la energ\u00eda fue generada a partir de fuentes completamente renovables. El pa\u00eds centroamericano espera cerrar el 2016 con un m\u00e1ximo de 2% en el uso de energ\u00eda t\u00e9rmica. [\/vc_column_text][\/vc_column][\/vc_row][vc_row][vc_column][dt_call_to_action background=&#8221;fancy&#8221; line=&#8221;true&#8221; style=&#8221;1&#8243; animation=&#8221;bounceInRight&#8221;][dt_gap height=&#8221;3&#8243;\/]\u00a0 \u00a0 [&hellip;]<\/p>\n","protected":false},"author":1,"featured_media":0,"comment_status":"closed","ping_status":"closed","sticky":false,"template":"","format":"standard","meta":{"_acf_changed":false,"_joinchat":[],"footnotes":""},"categories":[39],"tags":[],"class_list":["post-19218","post","type-post","status-publish","format-standard","hentry","category-new-technology","entry","owp-thumbs-layout-horizontal","owp-btn-normal","owp-tabs-layout-horizontal","has-no-thumbnails","has-product-nav"],"acf":[],"_links":{"self":[{"href":"https:\/\/www.cvn.com.co\/en\/wp-json\/wp\/v2\/posts\/19218","targetHints":{"allow":["GET"]}}],"collection":[{"href":"https:\/\/www.cvn.com.co\/en\/wp-json\/wp\/v2\/posts"}],"about":[{"href":"https:\/\/www.cvn.com.co\/en\/wp-json\/wp\/v2\/types\/post"}],"author":[{"embeddable":true,"href":"https:\/\/www.cvn.com.co\/en\/wp-json\/wp\/v2\/users\/1"}],"replies":[{"embeddable":true,"href":"https:\/\/www.cvn.com.co\/en\/wp-json\/wp\/v2\/comments?post=19218"}],"version-history":[{"count":0,"href":"https:\/\/www.cvn.com.co\/en\/wp-json\/wp\/v2\/posts\/19218\/revisions"}],"wp:attachment":[{"href":"https:\/\/www.cvn.com.co\/en\/wp-json\/wp\/v2\/media?parent=19218"}],"wp:term":[{"taxonomy":"category","embeddable":true,"href":"https:\/\/www.cvn.com.co\/en\/wp-json\/wp\/v2\/categories?post=19218"},{"taxonomy":"post_tag","embeddable":true,"href":"https:\/\/www.cvn.com.co\/en\/wp-json\/wp\/v2\/tags?post=19218"}],"curies":[{"name":"wp","href":"https:\/\/api.w.org\/{rel}","templated":true}]}}