{"id":19251,"date":"2016-08-09T19:43:43","date_gmt":"2016-08-09T19:43:43","guid":{"rendered":"https:\/\/www.cvn.com.co\/?p=19251"},"modified":"2016-08-09T19:43:43","modified_gmt":"2016-08-09T19:43:43","slug":"caen-48-las-exportaciones-de-vehiculos-en-mexico","status":"publish","type":"post","link":"https:\/\/www.cvn.com.co\/en\/caen-48-las-exportaciones-de-vehiculos-en-mexico\/","title":{"rendered":"Caen 4,8% las exportaciones de veh\u00edculos en M\u00e9xico"},"content":{"rendered":"<p>[vc_row][vc_column][vc_empty_space][vc_column_text]<\/p>\n<p class=\"INTRO\" style=\"text-align: justify;\">Seg\u00fan inform\u00f3 la Asociaci\u00f3n Mexicana de la Industria Automotriz (AMIA), en el primer semestre del a\u00f1o, las exportaciones mexicanas de veh\u00edculos registraron una ca\u00edda del 4,8% frente a lo vendido en el mismo periodo del 2015. Se dice que, el freno en las exportaciones se debe a la incertidumbre en mercados externos.<\/p>\n<p>[\/vc_column_text][\/vc_column][\/vc_row][vc_row][vc_column][dt_call_to_action background=&#8221;fancy&#8221; line=&#8221;true&#8221; style=&#8221;1&#8243; animation=&#8221;bounceInRight&#8221;]<span style=\"font-size: 12pt; color: #333333;\">[dt_gap height=&#8221;3&#8243;\/]\u00a0<\/span><\/p>\n<p class=\"p1\"><span class=\"s1\" style=\"font-size: 18pt; color: #1aa8b8;\"><\/span><\/p>\n<p><em>\u00a0<\/em> [\/dt_call_to_action][\/vc_column][\/vc_row][vc_row][vc_column][vc_column_text]<\/p>\n<p>&nbsp;<\/p>\n<p style=\"text-align: justify;\">En M\u00e9xico, las exportaciones de veh\u00edculos presentaron una variaci\u00f3n negativa del 4,8% en el primer semestre del 2016, frente al mismo periodo del 2015. Para este a\u00f1o, la cantidad de veh\u00edculos vendidos al exterior fueron 1\u00b4552.893, mientras que para el a\u00f1o anterior fueron 1\u00b4631.969 unidades.<\/p>\n<p style=\"text-align: justify;\">Seg\u00fan lo da a conocer Fausto Cuevas Mesa, Director General de la Asociaci\u00f3n Mexicana de la Industria Automotriz (AMIA), esta situaci\u00f3n del freno en las exportaciones de veh\u00edculos en M\u00e9xico se debe a que hay cierta incertidumbre en diversos mercados, por lo que se ha contenido la demanda. Adem\u00e1s puntualiz\u00f3 que, el nivel de exportaci\u00f3n que se espera para este a\u00f1o tendr\u00e1 un nivel similar al de 2015, que para dicho periodo fue de 2\u00b4758.896 unidades.<\/p>\n<p style=\"text-align: justify;\">El mercado externo ha sido complicado para los exportadores mexicanos porque con excepci\u00f3n de un ligero crecimiento de 2,5 % de las ventas a Estados Unidos, las dirigidas al resto de los destinos presentan reducciones considerables. Seg\u00fan los datos emitidos por El Siglo del Torre\u00f3n de M\u00e9xico, las ventas de autos a Canad\u00e1 cayeron 17,4% en el per\u00edodo se\u00f1alado; hacia Am\u00e9rica Latina, 26,1%; a Europa, 24,2% y a Asia, 67,2%.<\/p>\n<p style=\"text-align: justify;\">\u00a0A su vez, los datos registrados en lo referente a la producci\u00f3n de veh\u00edculos en el pa\u00eds azteca tambi\u00e9n presentaron ca\u00edda durante el primer semestre del 2016, ya que en este periodo se produjo un total de 1\u00b4958.368 unidades, equivalente al 1,2% menos que en el a\u00f1o inmediatamente anterior donde la cantidad de veh\u00edculos producidos fue de 1\u00b4981.859 unidades.<\/p>\n<p style=\"text-align: justify;\">Finalmente, aunque el panorama parece desalentador para los representantes de la industria automotriz, en julio, la producci\u00f3n de veh\u00edculos creci\u00f3 11,8%, con 284.398 unidades, lo que implica que fueron ensamblados 30.086 veh\u00edculos adicionales respecto a igual mes de 2015.<\/p>\n<p>&nbsp;<\/p>\n<p>[\/vc_column_text][vc_column_text]<\/p>\n<p style=\"text-align: justify;\">\n<p style=\"text-align: justify;\">Fuente<\/p>\n<p style=\"text-align: justify;\"><a href=\"http:\/\/www.dineroenimagen.com\/2016-08-09\/76575#view-2\">As\u00ed le fue a la industria automotriz mexicana en la primera mitad del a\u00f1o<\/a> \u2013 Dinero en Imagen, M\u00e9xico<\/p>\n<p style=\"text-align: justify;\"><a href=\"https:\/\/www.elsiglodetorreon.com.mx\/noticia\/1251199.se-desploma-48-exportacion-de-autos.html\">Se desploma 4.8 % exportaci\u00f3n de autos<\/a> \u2013 El Siglo del Torre\u00f3n, M\u00e9xico<\/p>\n<p>&nbsp;<\/p>\n<p>[\/vc_column_text][\/vc_column][\/vc_row][vc_row][vc_column][\/vc_column][\/vc_row]<\/p>\n","protected":false},"excerpt":{"rendered":"<p>[vc_row][vc_column][vc_empty_space][vc_column_text] Seg\u00fan inform\u00f3 la Asociaci\u00f3n Mexicana de la Industria Automotriz (AMIA), en el primer semestre del a\u00f1o, las exportaciones mexicanas de veh\u00edculos registraron una ca\u00edda del 4,8% frente a lo vendido en el mismo periodo del 2015. Se dice que, el freno en las exportaciones se debe a la incertidumbre en mercados externos. [\/vc_column_text][\/vc_column][\/vc_row][vc_row][vc_column][dt_call_to_action background=&#8221;fancy&#8221; [&hellip;]<\/p>\n","protected":false},"author":1,"featured_media":0,"comment_status":"closed","ping_status":"closed","sticky":false,"template":"","format":"standard","meta":{"_acf_changed":false,"_joinchat":[],"footnotes":""},"categories":[37],"tags":[],"class_list":["post-19251","post","type-post","status-publish","format-standard","hentry","category-new_automotive","entry","owp-thumbs-layout-horizontal","owp-btn-normal","owp-tabs-layout-horizontal","has-no-thumbnails","has-product-nav"],"acf":[],"_links":{"self":[{"href":"https:\/\/www.cvn.com.co\/en\/wp-json\/wp\/v2\/posts\/19251","targetHints":{"allow":["GET"]}}],"collection":[{"href":"https:\/\/www.cvn.com.co\/en\/wp-json\/wp\/v2\/posts"}],"about":[{"href":"https:\/\/www.cvn.com.co\/en\/wp-json\/wp\/v2\/types\/post"}],"author":[{"embeddable":true,"href":"https:\/\/www.cvn.com.co\/en\/wp-json\/wp\/v2\/users\/1"}],"replies":[{"embeddable":true,"href":"https:\/\/www.cvn.com.co\/en\/wp-json\/wp\/v2\/comments?post=19251"}],"version-history":[{"count":0,"href":"https:\/\/www.cvn.com.co\/en\/wp-json\/wp\/v2\/posts\/19251\/revisions"}],"wp:attachment":[{"href":"https:\/\/www.cvn.com.co\/en\/wp-json\/wp\/v2\/media?parent=19251"}],"wp:term":[{"taxonomy":"category","embeddable":true,"href":"https:\/\/www.cvn.com.co\/en\/wp-json\/wp\/v2\/categories?post=19251"},{"taxonomy":"post_tag","embeddable":true,"href":"https:\/\/www.cvn.com.co\/en\/wp-json\/wp\/v2\/tags?post=19251"}],"curies":[{"name":"wp","href":"https:\/\/api.w.org\/{rel}","templated":true}]}}