{"id":19254,"date":"2016-08-09T20:44:42","date_gmt":"2016-08-09T20:44:42","guid":{"rendered":"https:\/\/www.cvn.com.co\/?p=19254"},"modified":"2016-08-09T20:44:42","modified_gmt":"2016-08-09T20:44:42","slug":"ley-de-semillas-en-argentina-sera-presentada-este-17-de-agosto","status":"publish","type":"post","link":"https:\/\/www.cvn.com.co\/en\/ley-de-semillas-en-argentina-sera-presentada-este-17-de-agosto\/","title":{"rendered":"Ley de Semillas en Argentina ser\u00e1 presentada este 17 de Agosto"},"content":{"rendered":"<p>[vc_row][vc_column][vc_empty_space][vc_column_text]<\/p>\n<p class=\"INTRO\" style=\"text-align: justify;\">El jefe del gabinete del Ministerio de Agroindustria, Guillermo Bernaudo confirm\u00f3 que, se presentar\u00e1 ante la Comisi\u00f3n Nacional de Semillas (CONASE) la iniciativa acerca de la Ley de Semillas que podr\u00eda ponerle fin al conflicto entre los productores nacionales y Monsanto.<\/p>\n<p>[\/vc_column_text][\/vc_column][\/vc_row][vc_row][vc_column][dt_call_to_action background=&#8221;fancy&#8221; line=&#8221;true&#8221; style=&#8221;1&#8243; animation=&#8221;bounceInRight&#8221;]<span style=\"font-size: 12pt; color: #333333;\">[dt_gap height=&#8221;3&#8243;\/]\u00a0<\/span><\/p>\n<p class=\"p1\"><span class=\"s1\" style=\"font-size: 18pt; color: #1aa8b8;\"><\/span><\/p>\n<p><em>\u00a0<\/em> [\/dt_call_to_action][\/vc_column][\/vc_row][vc_row][vc_column][vc_empty_space][vc_column_text]<\/p>\n<p style=\"text-align: justify;\">En Argentina, Guillermo Bernaudo, jefe del gabinete del Ministerio de Agroindustria comunic\u00f3 que, el pr\u00f3ximo 17 de agosto se presentar\u00e1 el nuevo proyecto de Ley de Semillas en la Comisi\u00f3n Nacional de Semillas (CONASE) y en la semana siguiente, dicha iniciativa ser\u00e1 llevada al congreso.<\/p>\n<p style=\"text-align: justify;\">El anuncio se realiz\u00f3 en el marco del Congreso No 24 realizado en la ciudad de Rosario por la Asociaci\u00f3n Argentina de Productores de Siembra Directa (AAPRESID) y que se llev\u00f3 a cabo bajo el lema de \u201cResilar\u201d. Se espera que con este nuevo proyecto de ley se ponga fin al conflicto entre los productores nacionales y la multinacional Monsanto sobre la fiscalizaci\u00f3n de semillas para el cobro de regal\u00edas y c\u00e1nones sobre la soja ya cosechada.<\/p>\n<p style=\"text-align: justify;\">Seg\u00fan lo explica el portal web argentino Info Campo, a mediados de junio se dio el puntapi\u00e9 inicial para destrabar el conflicto con la decisi\u00f3n del Ministro de Agroindustria, Ricardo Buryaile, de que sea el Instituto Nacional de la Semilla (INASE) el \u00fanico organismo con la potestad de analizar el origen de la semilla y de sancionar a los productores o empresarios en el caso de que la misma provenga de manera ilegal y no as\u00ed a Monsanto.<\/p>\n<p style=\"text-align: justify;\">Ante esta iniciativa, el Gerente General de la Asociaci\u00f3n Semilleros Argentinos (ASA), Alfredo Paseyro, manifest\u00f3 que esta nueva ley debe superar a la que rige actualmente, la cual fue sancionada en 1973 y adem\u00e1s deber\u00e1 impulsar el uso de la semilla fiscalizada y velar para que el uso propio de la semilla sea oneroso.<\/p>\n<p style=\"text-align: justify;\">Finalmente, es importante menciona que, seg\u00fan lo inform\u00f3 iProfesional, el pasado mi\u00e9rcoles, varias organizaciones sociales y campesinas reclamaron frente al Ministerio de Agroindustria de la Naci\u00f3n para que el Gobierno abra el debate a la sociedad en torno a la modificaci\u00f3n de esta Ley.<\/p>\n<p>&nbsp;<\/p>\n<p>[\/vc_column_text][vc_column_text]<\/p>\n<p style=\"text-align: justify;\">\n<p style=\"text-align: justify;\">Fuente<\/p>\n<p style=\"text-align: justify;\"><a href=\"http:\/\/infocampo.com.ar\/nota\/campo\/81283\/agroindustria-presentara-el-17-de-agosto-el-nuevo-proyecto-de-la-ley-de-semillas\">Agroindustria presentar\u00e1 el 17 de agosto el nuevo proyecto de la Ley de Semillas<\/a> \u2013 Info Campo, Argentina<\/p>\n<p style=\"text-align: justify;\"><a href=\"http:\/\/www.iprofesional.com\/notas\/236599-Presentarn-el-17-de-agosto-la-nueva-ley-de-semillas\">El 17 de agosto se presentar\u00e1 el proyecto de una nueva ley de semillas<\/a> \u2013 iProfesional, Argentina<\/p>\n<p style=\"text-align: justify;\"><a href=\"http:\/\/www.sinmordaza.com\/noticia\/374355-el-gobierno-presentara-el-proyecto-de-la-nueva-ley-de-semillas.html\">El gobierno presentar\u00e1 el Proyecto de la Nueva Ley de Semillas<\/a> \u2013 Sin Morzada, Argentina<\/p>\n<p>&nbsp;<\/p>\n<p>[\/vc_column_text][\/vc_column][\/vc_row][vc_row][vc_column][\/vc_column][\/vc_row]<\/p>\n","protected":false},"excerpt":{"rendered":"<p>[vc_row][vc_column][vc_empty_space][vc_column_text] El jefe del gabinete del Ministerio de Agroindustria, Guillermo Bernaudo confirm\u00f3 que, se presentar\u00e1 ante la Comisi\u00f3n Nacional de Semillas (CONASE) la iniciativa acerca de la Ley de Semillas que podr\u00eda ponerle fin al conflicto entre los productores nacionales y Monsanto. [\/vc_column_text][\/vc_column][\/vc_row][vc_row][vc_column][dt_call_to_action background=&#8221;fancy&#8221; line=&#8221;true&#8221; style=&#8221;1&#8243; animation=&#8221;bounceInRight&#8221;][dt_gap height=&#8221;3&#8243;\/]\u00a0 \u00a0 [\/dt_call_to_action][\/vc_column][\/vc_row][vc_row][vc_column][vc_empty_space][vc_column_text] En Argentina, Guillermo Bernaudo, jefe [&hellip;]<\/p>\n","protected":false},"author":1,"featured_media":0,"comment_status":"closed","ping_status":"closed","sticky":false,"template":"","format":"standard","meta":{"_acf_changed":false,"_joinchat":[],"footnotes":""},"categories":[34],"tags":[],"class_list":["post-19254","post","type-post","status-publish","format-standard","hentry","category-new-chemical","entry","owp-thumbs-layout-horizontal","owp-btn-normal","owp-tabs-layout-horizontal","has-no-thumbnails","has-product-nav"],"acf":[],"_links":{"self":[{"href":"https:\/\/www.cvn.com.co\/en\/wp-json\/wp\/v2\/posts\/19254","targetHints":{"allow":["GET"]}}],"collection":[{"href":"https:\/\/www.cvn.com.co\/en\/wp-json\/wp\/v2\/posts"}],"about":[{"href":"https:\/\/www.cvn.com.co\/en\/wp-json\/wp\/v2\/types\/post"}],"author":[{"embeddable":true,"href":"https:\/\/www.cvn.com.co\/en\/wp-json\/wp\/v2\/users\/1"}],"replies":[{"embeddable":true,"href":"https:\/\/www.cvn.com.co\/en\/wp-json\/wp\/v2\/comments?post=19254"}],"version-history":[{"count":0,"href":"https:\/\/www.cvn.com.co\/en\/wp-json\/wp\/v2\/posts\/19254\/revisions"}],"wp:attachment":[{"href":"https:\/\/www.cvn.com.co\/en\/wp-json\/wp\/v2\/media?parent=19254"}],"wp:term":[{"taxonomy":"category","embeddable":true,"href":"https:\/\/www.cvn.com.co\/en\/wp-json\/wp\/v2\/categories?post=19254"},{"taxonomy":"post_tag","embeddable":true,"href":"https:\/\/www.cvn.com.co\/en\/wp-json\/wp\/v2\/tags?post=19254"}],"curies":[{"name":"wp","href":"https:\/\/api.w.org\/{rel}","templated":true}]}}